{"id":10018,"date":"2020-12-03T02:00:31","date_gmt":"2020-12-03T02:00:31","guid":{"rendered":"https:\/\/latribunera.com\/apuntes\/?p=10018"},"modified":"2020-12-04T15:37:17","modified_gmt":"2020-12-04T15:37:17","slug":"confunden-a-maradona-en-video-navideno","status":"publish","type":"post","link":"https:\/\/latribunera.com\/apuntes\/index.php\/2020\/12\/03\/confunden-a-maradona-en-video-navideno\/","title":{"rendered":"CONFUNDEN A MARADONA EN VIDEO NAVIDE\u00d1O"},"content":{"rendered":"\n<p><strong>POR: DIEGO DE MONTEMAYOR&nbsp;<\/strong><\/p>\n\n\n\n<p>El nombre de Diego Armando Maradona sigue m\u00e1s vigente que nunca, ahora ligado a Rayados&#8230;\u00a0<\/p>\n\n\n<p><script async=\"\" src=\"https:\/\/pagead2.googlesyndication.com\/pagead\/js\/adsbygoogle.js\"><\/script><br \/>\n<!-- PC 728x90 --><br \/>\n<ins class=\"adsbygoogle\" style=\"display:inline-block;width:728px;height:90px\" data-ad-client=\"ca-pub-9427576701762839\" data-ad-slot=\"1011393878\"><\/ins><br \/>\n<script><\/script><\/p>\n\n\n\n<p>De acuerdo a algunos medios argentinos los Rayados habr\u00edan hecho un homenaje al barrilete c\u00f3smico en su video navide\u00f1o, algo que fue aplaudido por ellos.<\/p>\n\n\n\n<figure class=\"wp-block-embed-twitter wp-block-embed is-type-rich is-provider-twitter\"><div class=\"wp-block-embed__wrapper\">\n<blockquote class=\"twitter-tweet\" data-width=\"550\" data-dnt=\"true\"><p lang=\"es\" dir=\"ltr\">\ud83c\udf84| Volveremos a festejar ese canto de alegr\u00eda que nace del coraz\u00f3n.  <br>\ud83c\udf85\ud83c\udffc\u2744\ufe0f\ud83c\udf81\ud83d\udc99\ud83e\udd0d<br><br>\u00a1Feliz <a href=\"https:\/\/twitter.com\/hashtag\/NavidadRayada?src=hash&amp;ref_src=twsrc%5Etfw\">#NavidadRayada<\/a>, <a href=\"https:\/\/twitter.com\/hashtag\/EnLaVidaYEnLaCancha?src=hash&amp;ref_src=twsrc%5Etfw\">#EnLaVidaYEnLaCancha<\/a>! <a href=\"https:\/\/t.co\/jtGegWN48z\">pic.twitter.com\/jtGegWN48z<\/a><\/p>&mdash; Rayados (@Rayados) <a href=\"https:\/\/twitter.com\/Rayados\/status\/1333929362509471746?ref_src=twsrc%5Etfw\">December 2, 2020<\/a><\/blockquote><script async src=\"https:\/\/platform.twitter.com\/widgets.js\" charset=\"utf-8\"><\/script>\n<\/div><\/figure>\n\n\n\n<p>La realidad es que no es un homenaje al 10, se trata de un aficionado con un corte de pelo a la \u2018Pelusa\u2019 y es por eso que algunos lo han comparado con el Diego.<\/p>\n\n\n\n<p>Mario Garza, mejor conocido como El Rigo, ha sido comparado con Maradona y vaya que si son algo parecidos.<\/p>\n\n\n\n<p>El buen Mario es un gran hincha de Rayados, ha seguido al equipo durante muchos a\u00f1os y es fiel a los colores azul y blanco, sin duda alguna fue un reconocimiento para el aparecer en un video conmemorativo de Rayados.<\/p>\n\n\n\n<figure class=\"wp-block-embed-twitter wp-block-embed is-type-rich is-provider-twitter\"><div class=\"wp-block-embed__wrapper\">\n<blockquote class=\"twitter-tweet\" data-width=\"550\" data-dnt=\"true\"><p lang=\"pt\" dir=\"ltr\">#Desvelados#regresadesvelados <a href=\"https:\/\/t.co\/4lkPtcezs7\">pic.twitter.com\/4lkPtcezs7<\/a><\/p>&mdash; H\u00e9ctor Mario Garza (@MantaRayados) <a href=\"https:\/\/twitter.com\/MantaRayados\/status\/1299915200972419072?ref_src=twsrc%5Etfw\">August 30, 2020<\/a><\/blockquote><script async src=\"https:\/\/platform.twitter.com\/widgets.js\" charset=\"utf-8\"><\/script>\n<\/div><\/figure>\n\n\n<p><script async=\"\" src=\"https:\/\/pagead2.googlesyndication.com\/pagead\/js\/adsbygoogle.js\"><\/script><br \/>\n<!-- PC 728x90 --><br \/>\n<ins class=\"adsbygoogle\" style=\"display:inline-block;width:728px;height:90px\" data-ad-client=\"ca-pub-9427576701762839\" data-ad-slot=\"1011393878\"><\/ins><br \/>\n<script><\/script><\/p>\n","protected":false},"excerpt":{"rendered":"<p>En Argentina hablan de que el Diego aparece en spot navide\u00f1o de Rayados.<\/p>\n","protected":false},"author":13,"featured_media":10019,"comment_status":"open","ping_status":"open","sticky":false,"template":"","format":"standard","meta":{"_jetpack_memberships_contains_paid_content":false,"footnotes":""},"categories":[262,273,3,2,277],"tags":[220,258,200,74,6],"class_list":["post-10018","post","type-post","status-publish","format-standard","has-post-thumbnail","hentry","category-diego-de-montemayor","category-fundadores","category-futbol","category-futbol-mexicano","category-zonarayada","tag-apertura-2020","tag-clausura-2021","tag-guardianes-2020","tag-liga-mx","tag-rayados"],"jetpack_featured_media_url":"https:\/\/latribunera.com\/apuntes\/wp-content\/uploads\/2020\/12\/212BD6F0-8B2D-46E4-A571-2B38BC846255.png","jetpack-related-posts":[{"id":45392,"url":"https:\/\/latribunera.com\/apuntes\/index.php\/2026\/04\/09\/se-presento-la-13va-edicion-del-guerreton\/","url_meta":{"origin":10018,"position":0},"title":"Se presento la 13va edici\u00f3n del Guerret\u00f3n.","author":"Staff","date":"9 abril, 2026","format":false,"excerpt":"A lo largo de sus primeras 12 ediciones, Guerret\u00f3n ha logrado recolectar m\u00e1s de 121,500juguetes, peluches y balones, beneficiando a diversas asociaciones e instituciones de laregi\u00f3n lagunera, entre ellas CRIT Durango, los sistemas DIF de distintos municipios, as\u00edcomo organizaciones educativas y asistenciales. A la fecha, se han instalado cuatro ludotecas\u2026","rel":"","context":"In &quot;Ganar Sirviendo&quot;","block_context":{"text":"Ganar Sirviendo","link":"https:\/\/latribunera.com\/apuntes\/index.php\/category\/futbol\/futbol-mexicano\/ganar-sirviendo\/"},"img":{"alt_text":"","src":"https:\/\/i0.wp.com\/latribunera.com\/apuntes\/wp-content\/uploads\/2026\/04\/9Guerreton-2026-2.jpg.jpeg?resize=350%2C200&ssl=1","width":350,"height":200,"srcset":"https:\/\/i0.wp.com\/latribunera.com\/apuntes\/wp-content\/uploads\/2026\/04\/9Guerreton-2026-2.jpg.jpeg?resize=350%2C200&ssl=1 1x, https:\/\/i0.wp.com\/latribunera.com\/apuntes\/wp-content\/uploads\/2026\/04\/9Guerreton-2026-2.jpg.jpeg?resize=525%2C300&ssl=1 1.5x, https:\/\/i0.wp.com\/latribunera.com\/apuntes\/wp-content\/uploads\/2026\/04\/9Guerreton-2026-2.jpg.jpeg?resize=700%2C400&ssl=1 2x, https:\/\/i0.wp.com\/latribunera.com\/apuntes\/wp-content\/uploads\/2026\/04\/9Guerreton-2026-2.jpg.jpeg?resize=1050%2C600&ssl=1 3x, https:\/\/i0.wp.com\/latribunera.com\/apuntes\/wp-content\/uploads\/2026\/04\/9Guerreton-2026-2.jpg.jpeg?resize=1400%2C800&ssl=1 4x"},"classes":[]}],"jetpack_sharing_enabled":true,"_links":{"self":[{"href":"https:\/\/latribunera.com\/apuntes\/index.php\/wp-json\/wp\/v2\/posts\/10018","targetHints":{"allow":["GET"]}}],"collection":[{"href":"https:\/\/latribunera.com\/apuntes\/index.php\/wp-json\/wp\/v2\/posts"}],"about":[{"href":"https:\/\/latribunera.com\/apuntes\/index.php\/wp-json\/wp\/v2\/types\/post"}],"author":[{"embeddable":true,"href":"https:\/\/latribunera.com\/apuntes\/index.php\/wp-json\/wp\/v2\/users\/13"}],"replies":[{"embeddable":true,"href":"https:\/\/latribunera.com\/apuntes\/index.php\/wp-json\/wp\/v2\/comments?post=10018"}],"version-history":[{"count":3,"href":"https:\/\/latribunera.com\/apuntes\/index.php\/wp-json\/wp\/v2\/posts\/10018\/revisions"}],"predecessor-version":[{"id":10029,"href":"https:\/\/latribunera.com\/apuntes\/index.php\/wp-json\/wp\/v2\/posts\/10018\/revisions\/10029"}],"wp:featuredmedia":[{"embeddable":true,"href":"https:\/\/latribunera.com\/apuntes\/index.php\/wp-json\/wp\/v2\/media\/10019"}],"wp:attachment":[{"href":"https:\/\/latribunera.com\/apuntes\/index.php\/wp-json\/wp\/v2\/media?parent=10018"}],"wp:term":[{"taxonomy":"category","embeddable":true,"href":"https:\/\/latribunera.com\/apuntes\/index.php\/wp-json\/wp\/v2\/categories?post=10018"},{"taxonomy":"post_tag","embeddable":true,"href":"https:\/\/latribunera.com\/apuntes\/index.php\/wp-json\/wp\/v2\/tags?post=10018"}],"curies":[{"name":"wp","href":"https:\/\/api.w.org\/{rel}","templated":true}]}}