{"id":10264,"date":"2020-12-10T17:01:21","date_gmt":"2020-12-10T17:01:21","guid":{"rendered":"https:\/\/latribunera.com\/apuntes\/?p=10264"},"modified":"2020-12-13T03:49:38","modified_gmt":"2020-12-13T03:49:38","slug":"la-burla-de-edu-vargas-que-hicieron-de-futbol","status":"publish","type":"post","link":"https:\/\/latribunera.com\/apuntes\/index.php\/2020\/12\/10\/la-burla-de-edu-vargas-que-hicieron-de-futbol\/","title":{"rendered":"LA BURLA DE EDU VARGAS: \u00bfQU\u00c9 HICIERON DE F\u00daTBOL?"},"content":{"rendered":"\n<p><strong>POR: DIEGO DE MONTEMAYOR<\/strong> <\/p>\n\n\n\n<p>Eduardo Vargas hizo un comentario en un live en Instagram de Carlos Salcedo que levant\u00f3 la cr\u00edtica de muchos aficionados de Tigres&#8230; las risas no faltaron.<\/p>\n\n\n\n<p>Despu\u00e9s del entrenamiento del mi\u00e9rcoles de cara al viaje a Orlando para encarar la Concacaf, el defensor de Tigres hizo una transmisi\u00f3n en vivo, en la que se conect\u00f3 el ahora jugador del Atl\u00e9tico Mineiro.<\/p>\n\n\n\n<p>Vargas no solamente se conect\u00f3, sino que tambi\u00e9n hizo un comentario que dej\u00f3 con la boca abierta a muchos, al preguntar \u00bfQu\u00e9 hicieron de f\u00fatbol?&#8230;<\/p>\n\n\n\n<figure class=\"wp-block-image size-large\"><img loading=\"lazy\" decoding=\"async\" width=\"512\" height=\"1024\" src=\"https:\/\/latribunera.com\/apuntes\/wp-content\/uploads\/2020\/12\/EE539B84-ACD9-4BA6-894E-B1B33D5BEF2B-512x1024.jpeg\" alt=\"\" class=\"wp-image-10266\" srcset=\"https:\/\/latribunera.com\/apuntes\/wp-content\/uploads\/2020\/12\/EE539B84-ACD9-4BA6-894E-B1B33D5BEF2B-512x1024.jpeg 512w, https:\/\/latribunera.com\/apuntes\/wp-content\/uploads\/2020\/12\/EE539B84-ACD9-4BA6-894E-B1B33D5BEF2B-150x300.jpeg 150w, https:\/\/latribunera.com\/apuntes\/wp-content\/uploads\/2020\/12\/EE539B84-ACD9-4BA6-894E-B1B33D5BEF2B.jpeg 540w\" sizes=\"auto, (max-width: 512px) 100vw, 512px\" \/><\/figure>\n\n\n\n<p>La pregunta en modo de burla del chileno aumenta las cr\u00edticas de algunos aficionados al considerar que Tigres no trabaja variantes en los entrenamientos.<\/p>\n\n\n<p><script async=\"\" src=\"https:\/\/pagead2.googlesyndication.com\/pagead\/js\/adsbygoogle.js\"><\/script><br \/>\n<!-- PC 728x90 --><br \/>\n<ins class=\"adsbygoogle\" style=\"display:inline-block;width:728px;height:90px\" data-ad-client=\"ca-pub-9427576701762839\" data-ad-slot=\"1011393878\"><\/ins><br \/>\n<script><\/script><\/p>\n\n\n\n<p>Las cr\u00edticas en Tigres han aumentado en las \u00faltimas semanas tras la eliminaci\u00f3n a manos de Cruz Azul en cuartos de final del Guard1anes 2020.<\/p>\n","protected":false},"excerpt":{"rendered":"<p>\u00bfQu\u00e9 quiso decir el chileno con la burla?.<\/p>\n","protected":false},"author":13,"featured_media":10268,"comment_status":"open","ping_status":"open","sticky":false,"template":"","format":"standard","meta":{"_jetpack_memberships_contains_paid_content":false,"footnotes":""},"categories":[262,273,3,2,278],"tags":[220,258,125,200,74,102],"class_list":["post-10264","post","type-post","status-publish","format-standard","has-post-thumbnail","hentry","category-diego-de-montemayor","category-fundadores","category-futbol","category-futbol-mexicano","category-solotigres","tag-apertura-2020","tag-clausura-2021","tag-cruz-azul","tag-guardianes-2020","tag-liga-mx","tag-tigres"],"jetpack_featured_media_url":"https:\/\/latribunera.com\/apuntes\/wp-content\/uploads\/2020\/12\/CB16ABBA-394F-4A9F-BD95-F59C457FFBAD.jpeg","jetpack-related-posts":[{"id":45386,"url":"https:\/\/latribunera.com\/apuntes\/index.php\/2026\/03\/11\/santos-launa-impulsa-mejoras-en-la-infraestructura-de-tsm-y-estadio-corona\/","url_meta":{"origin":10264,"position":0},"title":"Santos Laguna impulsa mejoras en la infraestructura de TSM y Estadio Corona","author":"Jacob Alarcon","date":"11 marzo, 2026","format":false,"excerpt":"Club Santos Laguna lleva a cabo una serie de reformas y mejoras en la infraestructura de TerritorioSantos Modelo y del Estadio Corona, con el objetivo de impulsar la innovaci\u00f3n tecnol\u00f3gica, lasostenibilidad y la modernizaci\u00f3n de sus espacios.Con estas acciones, el club contin\u00faa fortaleciendo la experiencia de sus aficionados yactualizando sus\u2026","rel":"","context":"In &quot;Pasi\u00f3n Guerrera&quot;","block_context":{"text":"Pasi\u00f3n Guerrera","link":"https:\/\/latribunera.com\/apuntes\/index.php\/category\/tribus\/pasionguerrera\/"},"img":{"alt_text":"","src":"https:\/\/i0.wp.com\/latribunera.com\/apuntes\/wp-content\/uploads\/2026\/03\/Renovacion-TSM.jpg?resize=350%2C200&ssl=1","width":350,"height":200,"srcset":"https:\/\/i0.wp.com\/latribunera.com\/apuntes\/wp-content\/uploads\/2026\/03\/Renovacion-TSM.jpg?resize=350%2C200&ssl=1 1x, https:\/\/i0.wp.com\/latribunera.com\/apuntes\/wp-content\/uploads\/2026\/03\/Renovacion-TSM.jpg?resize=525%2C300&ssl=1 1.5x, https:\/\/i0.wp.com\/latribunera.com\/apuntes\/wp-content\/uploads\/2026\/03\/Renovacion-TSM.jpg?resize=700%2C400&ssl=1 2x, https:\/\/i0.wp.com\/latribunera.com\/apuntes\/wp-content\/uploads\/2026\/03\/Renovacion-TSM.jpg?resize=1050%2C600&ssl=1 3x, https:\/\/i0.wp.com\/latribunera.com\/apuntes\/wp-content\/uploads\/2026\/03\/Renovacion-TSM.jpg?resize=1400%2C800&ssl=1 4x"},"classes":[]}],"jetpack_sharing_enabled":true,"_links":{"self":[{"href":"https:\/\/latribunera.com\/apuntes\/index.php\/wp-json\/wp\/v2\/posts\/10264","targetHints":{"allow":["GET"]}}],"collection":[{"href":"https:\/\/latribunera.com\/apuntes\/index.php\/wp-json\/wp\/v2\/posts"}],"about":[{"href":"https:\/\/latribunera.com\/apuntes\/index.php\/wp-json\/wp\/v2\/types\/post"}],"author":[{"embeddable":true,"href":"https:\/\/latribunera.com\/apuntes\/index.php\/wp-json\/wp\/v2\/users\/13"}],"replies":[{"embeddable":true,"href":"https:\/\/latribunera.com\/apuntes\/index.php\/wp-json\/wp\/v2\/comments?post=10264"}],"version-history":[{"count":3,"href":"https:\/\/latribunera.com\/apuntes\/index.php\/wp-json\/wp\/v2\/posts\/10264\/revisions"}],"predecessor-version":[{"id":10292,"href":"https:\/\/latribunera.com\/apuntes\/index.php\/wp-json\/wp\/v2\/posts\/10264\/revisions\/10292"}],"wp:featuredmedia":[{"embeddable":true,"href":"https:\/\/latribunera.com\/apuntes\/index.php\/wp-json\/wp\/v2\/media\/10268"}],"wp:attachment":[{"href":"https:\/\/latribunera.com\/apuntes\/index.php\/wp-json\/wp\/v2\/media?parent=10264"}],"wp:term":[{"taxonomy":"category","embeddable":true,"href":"https:\/\/latribunera.com\/apuntes\/index.php\/wp-json\/wp\/v2\/categories?post=10264"},{"taxonomy":"post_tag","embeddable":true,"href":"https:\/\/latribunera.com\/apuntes\/index.php\/wp-json\/wp\/v2\/tags?post=10264"}],"curies":[{"name":"wp","href":"https:\/\/api.w.org\/{rel}","templated":true}]}}