{"id":10265,"date":"2020-12-10T17:00:06","date_gmt":"2020-12-10T17:00:06","guid":{"rendered":"https:\/\/latribunera.com\/apuntes\/?p=10265"},"modified":"2020-12-13T03:50:18","modified_gmt":"2020-12-13T03:50:18","slug":"en-clave-privada-damm-recuerda-la-final-regia","status":"publish","type":"post","link":"https:\/\/latribunera.com\/apuntes\/index.php\/2020\/12\/10\/en-clave-privada-damm-recuerda-la-final-regia\/","title":{"rendered":"EN CLAVE PRIVADA, DAMM RECUERDA LA FINAL REGIA."},"content":{"rendered":"\n<p>Por Alejandro Mart\u00ednez \/ @alexmtz8603<\/p>\n\n\n\n<p>De forma\nmuy peculiar, Jurgen Damm, ex jugador de Tigres, hoy miembro del Atlanta United\nde la MLS, record\u00f3 la Final Regia.<\/p>\n\n\n\n<p>El \u2018Flash\u2019\nse levant\u00f3 temprano y se fue a entrenar, pero antes de esto se dio el tiempo de\ngrabar un video en donde mostraba las instalaciones de su club.<\/p>\n\n\n\n<p>En estas im\u00e1genes fue donde rememor\u00f3 la fecha de la Final que Tigres le gan\u00f3 a Rayados en la Final del Apertura 2017.<\/p>\n\n\n<p><script async=\"\" src=\"https:\/\/pagead2.googlesyndication.com\/pagead\/js\/adsbygoogle.js\"><\/script><br \/>\n<!-- PC 728x90 --><br \/>\n<ins class=\"adsbygoogle\" style=\"display:inline-block;width:728px;height:90px\" data-ad-client=\"ca-pub-9427576701762839\" data-ad-slot=\"1011393878\"><\/ins><br \/>\n<script><\/script><\/p>\n\n\n\n<p>Damm puso su clave de acceso \u201910-12-17\u2019 y as\u00ed pudo entrar a las modernas instalaciones. <\/p>\n\n\n\n<p>\u201cYo creo\nque ustedes ya saben del porqu\u00e9 de ese n\u00famero tan hermoso\u201d, dijo el jugador<\/p>\n\n\n\n<p>Con apenas\nuna hora arriba su Tuit, ya ten\u00eda m\u00e1s de 180 RT y Mil Likes.<\/p>\n\n\n\n<p>Hoy todo lo\nque tengo que ver con el aniversario felino tendr\u00e1 mucho eco en la afici\u00f3n\nauriazul<\/p>\n\n\n\n<p>El tiempo ha pasado y al parecer a los fans Rayados, la carilla ya no les duele tanto pues su equipo logr\u00f3 levantarse de este tropiezo y han sido campeones Liga, Copa y Concacaf.<\/p>\n\n\n\n<figure class=\"wp-block-embed-twitter wp-block-embed is-type-rich is-provider-twitter\"><div class=\"wp-block-embed__wrapper\">\n<blockquote class=\"twitter-tweet\" data-width=\"550\" data-dnt=\"true\"><p lang=\"ca\" dir=\"ltr\">J\u00fcrgen Damm recuerda la Final Regia del AP 2017 desde Atlanta <a href=\"https:\/\/t.co\/4TSydSZwkk\">pic.twitter.com\/4TSydSZwkk<\/a><\/p>&mdash; Rafael Rivera (@RafaDato2) <a href=\"https:\/\/twitter.com\/RafaDato2\/status\/1337046977159311365?ref_src=twsrc%5Etfw\">December 10, 2020<\/a><\/blockquote><script async src=\"https:\/\/platform.twitter.com\/widgets.js\" charset=\"utf-8\"><\/script>\n<\/div><\/figure>\n","protected":false},"excerpt":{"rendered":"<p>Por Alejandro Mart\u00ednez \/ @alexmtz8603 De forma muy peculiar, Jurgen Damm, ex jugador de Tigres, hoy miembro del Atlanta United de la MLS, record\u00f3 la Final Regia. El \u2018Flash\u2019 se levant\u00f3 temprano y se fue a entrenar, pero antes de esto se dio el tiempo de grabar un video en donde mostraba las instalaciones de&#8230; <\/p>\n<div class=\"clear\"><\/div>\n<p><a href=\"https:\/\/latribunera.com\/apuntes\/index.php\/2020\/12\/10\/en-clave-privada-damm-recuerda-la-final-regia\/\" class=\"excerpt-read-more\">Read More<i class=\"fa fa-caret-right icon-caret-right\"><\/i><\/a><\/p>\n","protected":false},"author":7,"featured_media":10267,"comment_status":"open","ping_status":"open","sticky":false,"template":"","format":"standard","meta":{"_jetpack_memberships_contains_paid_content":false,"footnotes":""},"categories":[3,2,278],"tags":[],"class_list":["post-10265","post","type-post","status-publish","format-standard","has-post-thumbnail","hentry","category-futbol","category-futbol-mexicano","category-solotigres"],"jetpack_featured_media_url":"https:\/\/latribunera.com\/apuntes\/wp-content\/uploads\/2020\/12\/DrbdDcIU0AA2-Cz.jpg","jetpack-related-posts":[{"id":45421,"url":"https:\/\/latribunera.com\/apuntes\/index.php\/2026\/04\/16\/todo-listo-para-la-14va-edicion-de-la-copa-internacional-santos-penoles\/","url_meta":{"origin":10265,"position":0},"title":"Todo listo para la 14va edici\u00f3n de la Copa Internacional Santos Pe\u00f1oles","author":"Jacob Alarcon","date":"16 abril, 2026","format":false,"excerpt":"Este jueves, en el Auditorio Orlegi de Territorio Santos Modelo, se llev\u00f3 a cabo la presentaci\u00f3noficial de la edici\u00f3n 2026 de la Copa Internacional Santos Pe\u00f1oles, torneo que se ha consolidadocomo uno de los m\u00e1s importantes a nivel infantil y juvenil en M\u00e9xico. Adem\u00e1s de brindar una competencia deportiva de\u2026","rel":"","context":"In &quot;Sin categor\u00eda&quot;","block_context":{"text":"Sin categor\u00eda","link":"https:\/\/latribunera.com\/apuntes\/index.php\/category\/sin-categoria\/"},"img":{"alt_text":"","src":"https:\/\/i0.wp.com\/latribunera.com\/apuntes\/wp-content\/uploads\/2026\/04\/Presentacion-Copa-Santos-Penoles.jpg?resize=350%2C200&ssl=1","width":350,"height":200,"srcset":"https:\/\/i0.wp.com\/latribunera.com\/apuntes\/wp-content\/uploads\/2026\/04\/Presentacion-Copa-Santos-Penoles.jpg?resize=350%2C200&ssl=1 1x, https:\/\/i0.wp.com\/latribunera.com\/apuntes\/wp-content\/uploads\/2026\/04\/Presentacion-Copa-Santos-Penoles.jpg?resize=525%2C300&ssl=1 1.5x, https:\/\/i0.wp.com\/latribunera.com\/apuntes\/wp-content\/uploads\/2026\/04\/Presentacion-Copa-Santos-Penoles.jpg?resize=700%2C400&ssl=1 2x, https:\/\/i0.wp.com\/latribunera.com\/apuntes\/wp-content\/uploads\/2026\/04\/Presentacion-Copa-Santos-Penoles.jpg?resize=1050%2C600&ssl=1 3x, https:\/\/i0.wp.com\/latribunera.com\/apuntes\/wp-content\/uploads\/2026\/04\/Presentacion-Copa-Santos-Penoles.jpg?resize=1400%2C800&ssl=1 4x"},"classes":[]}],"jetpack_sharing_enabled":true,"_links":{"self":[{"href":"https:\/\/latribunera.com\/apuntes\/index.php\/wp-json\/wp\/v2\/posts\/10265","targetHints":{"allow":["GET"]}}],"collection":[{"href":"https:\/\/latribunera.com\/apuntes\/index.php\/wp-json\/wp\/v2\/posts"}],"about":[{"href":"https:\/\/latribunera.com\/apuntes\/index.php\/wp-json\/wp\/v2\/types\/post"}],"author":[{"embeddable":true,"href":"https:\/\/latribunera.com\/apuntes\/index.php\/wp-json\/wp\/v2\/users\/7"}],"replies":[{"embeddable":true,"href":"https:\/\/latribunera.com\/apuntes\/index.php\/wp-json\/wp\/v2\/comments?post=10265"}],"version-history":[{"count":4,"href":"https:\/\/latribunera.com\/apuntes\/index.php\/wp-json\/wp\/v2\/posts\/10265\/revisions"}],"predecessor-version":[{"id":10291,"href":"https:\/\/latribunera.com\/apuntes\/index.php\/wp-json\/wp\/v2\/posts\/10265\/revisions\/10291"}],"wp:featuredmedia":[{"embeddable":true,"href":"https:\/\/latribunera.com\/apuntes\/index.php\/wp-json\/wp\/v2\/media\/10267"}],"wp:attachment":[{"href":"https:\/\/latribunera.com\/apuntes\/index.php\/wp-json\/wp\/v2\/media?parent=10265"}],"wp:term":[{"taxonomy":"category","embeddable":true,"href":"https:\/\/latribunera.com\/apuntes\/index.php\/wp-json\/wp\/v2\/categories?post=10265"},{"taxonomy":"post_tag","embeddable":true,"href":"https:\/\/latribunera.com\/apuntes\/index.php\/wp-json\/wp\/v2\/tags?post=10265"}],"curies":[{"name":"wp","href":"https:\/\/api.w.org\/{rel}","templated":true}]}}