{"id":10281,"date":"2020-12-10T18:01:01","date_gmt":"2020-12-10T18:01:01","guid":{"rendered":"https:\/\/latribunera.com\/apuntes\/?p=10281"},"modified":"2020-12-10T19:26:10","modified_gmt":"2020-12-10T19:26:10","slug":"sonrie-raul","status":"publish","type":"post","link":"https:\/\/latribunera.com\/apuntes\/index.php\/2020\/12\/10\/sonrie-raul\/","title":{"rendered":"\u00a1SONRIE RA\u00daL!"},"content":{"rendered":"\n<p>Por Alejandro Mart\u00ednez \/ @alexmtz8603<\/p>\n\n\n\n<p>Al final\ndel t\u00fanel, siempre hay una luz. Tras haber sufrido una fractura de cr\u00e1neo,\ngolpe del que fue operado exitosamente, Ra\u00fal Jim\u00e9nez poco a poco ha ido recuper\u00e1ndose.<\/p>\n\n\n\n<p>Hoy los\nWolves en su cuenta de Twitter expusieron una foto del atacante mexicano\nsonriendo, disfrutando de volver a estar con los suyos en un entrenamiento, aunque\npor ahora solo de visita.<\/p>\n\n\n\n<p>Al ver a Ra\u00fal en el campo de entrenamiento de Sir Jack Hayward, sus compa\u00f1eros hicieron una pausa para darle un caluroso saludo al goleador azteca.<\/p>\n\n\n<p><script async=\"\" src=\"https:\/\/pagead2.googlesyndication.com\/pagead\/js\/adsbygoogle.js\"><\/script><br \/>\n<!-- PC 728x90 --><br \/>\n<ins class=\"adsbygoogle\" style=\"display:inline-block;width:728px;height:90px\" data-ad-client=\"ca-pub-9427576701762839\" data-ad-slot=\"1011393878\"><\/ins><br \/>\n<script><\/script><\/p>\n\n\n\n<p>El ofensivo\nde 29 a\u00f1os, vio la pr\u00e1ctica junto al entrenador Nuno Espirito Santo, por ahora tendr\u00e1\nque tener paciencia y recuperarse lo m\u00e1s posible para regresar a jugar a inicios\ndel pr\u00f3ximo a\u00f1o.<\/p>\n\n\n\n<p>\u201cEs el\nmomento de dejar las situaciones en manos de los m\u00e9dicos y de que se relaje,\nsiga las instrucciones de los m\u00e9dicos y se enfrente a la situaci\u00f3n con la\ncomodidad de sus seres queridos.<\/p>\n\n\n\n<p>\u201cTenemos\nque dejarle estar y recuperarse bien, volver a su vida normal, y entonces\ntendremos tiempo para pasar juntos y hablar, pero realmente lo extra\u00f1amos.\nEst\u00e1bamos preocupados por la situaci\u00f3n, pero ahora somos positivos\u201d, dijo Nuno\nhace seis d\u00edas.<\/p>\n\n\n\n<p>Diversos especialistas m\u00e9dicos han estimado que Ra\u00fal podr\u00eda volver a jugar en aproximadamente tres meses.<\/p>\n\n\n<p><script async=\"\" src=\"https:\/\/pagead2.googlesyndication.com\/pagead\/js\/adsbygoogle.js\"><\/script><br \/>\n<!-- PC 728x90 --><br \/>\n<ins class=\"adsbygoogle\" style=\"display:inline-block;width:728px;height:90px\" data-ad-client=\"ca-pub-9427576701762839\" data-ad-slot=\"1011393878\"><\/ins><br \/>\n<script><\/script><\/p>\n","protected":false},"excerpt":{"rendered":"<p>Por Alejandro Mart\u00ednez \/ @alexmtz8603 Al final del t\u00fanel, siempre hay una luz. Tras haber sufrido una fractura de cr\u00e1neo, golpe del que fue operado exitosamente, Ra\u00fal Jim\u00e9nez poco a poco ha ido recuper\u00e1ndose. Hoy los Wolves en su cuenta de Twitter expusieron una foto del atacante mexicano sonriendo, disfrutando de volver a estar con&#8230; <\/p>\n<div class=\"clear\"><\/div>\n<p><a href=\"https:\/\/latribunera.com\/apuntes\/index.php\/2020\/12\/10\/sonrie-raul\/\" class=\"excerpt-read-more\">Read More<i class=\"fa fa-caret-right icon-caret-right\"><\/i><\/a><\/p>\n","protected":false},"author":7,"featured_media":10282,"comment_status":"open","ping_status":"open","sticky":false,"template":"","format":"standard","meta":{"_jetpack_memberships_contains_paid_content":false,"footnotes":""},"categories":[231,3,83],"tags":[],"class_list":["post-10281","post","type-post","status-publish","format-standard","has-post-thumbnail","hentry","category-apuntes","category-futbol","category-futbol-europeo"],"jetpack_featured_media_url":"https:\/\/latribunera.com\/apuntes\/wp-content\/uploads\/2020\/12\/raul.jpg","jetpack-related-posts":[{"id":45386,"url":"https:\/\/latribunera.com\/apuntes\/index.php\/2026\/03\/11\/santos-launa-impulsa-mejoras-en-la-infraestructura-de-tsm-y-estadio-corona\/","url_meta":{"origin":10281,"position":0},"title":"Santos Laguna impulsa mejoras en la infraestructura de TSM y Estadio Corona","author":"Jacob Alarcon","date":"11 marzo, 2026","format":false,"excerpt":"Club Santos Laguna lleva a cabo una serie de reformas y mejoras en la infraestructura de TerritorioSantos Modelo y del Estadio Corona, con el objetivo de impulsar la innovaci\u00f3n tecnol\u00f3gica, lasostenibilidad y la modernizaci\u00f3n de sus espacios.Con estas acciones, el club contin\u00faa fortaleciendo la experiencia de sus aficionados yactualizando sus\u2026","rel":"","context":"In &quot;Pasi\u00f3n Guerrera&quot;","block_context":{"text":"Pasi\u00f3n Guerrera","link":"https:\/\/latribunera.com\/apuntes\/index.php\/category\/tribus\/pasionguerrera\/"},"img":{"alt_text":"","src":"https:\/\/i0.wp.com\/latribunera.com\/apuntes\/wp-content\/uploads\/2026\/03\/Renovacion-TSM.jpg?resize=350%2C200&ssl=1","width":350,"height":200,"srcset":"https:\/\/i0.wp.com\/latribunera.com\/apuntes\/wp-content\/uploads\/2026\/03\/Renovacion-TSM.jpg?resize=350%2C200&ssl=1 1x, https:\/\/i0.wp.com\/latribunera.com\/apuntes\/wp-content\/uploads\/2026\/03\/Renovacion-TSM.jpg?resize=525%2C300&ssl=1 1.5x, https:\/\/i0.wp.com\/latribunera.com\/apuntes\/wp-content\/uploads\/2026\/03\/Renovacion-TSM.jpg?resize=700%2C400&ssl=1 2x, https:\/\/i0.wp.com\/latribunera.com\/apuntes\/wp-content\/uploads\/2026\/03\/Renovacion-TSM.jpg?resize=1050%2C600&ssl=1 3x, https:\/\/i0.wp.com\/latribunera.com\/apuntes\/wp-content\/uploads\/2026\/03\/Renovacion-TSM.jpg?resize=1400%2C800&ssl=1 4x"},"classes":[]}],"jetpack_sharing_enabled":true,"_links":{"self":[{"href":"https:\/\/latribunera.com\/apuntes\/index.php\/wp-json\/wp\/v2\/posts\/10281","targetHints":{"allow":["GET"]}}],"collection":[{"href":"https:\/\/latribunera.com\/apuntes\/index.php\/wp-json\/wp\/v2\/posts"}],"about":[{"href":"https:\/\/latribunera.com\/apuntes\/index.php\/wp-json\/wp\/v2\/types\/post"}],"author":[{"embeddable":true,"href":"https:\/\/latribunera.com\/apuntes\/index.php\/wp-json\/wp\/v2\/users\/7"}],"replies":[{"embeddable":true,"href":"https:\/\/latribunera.com\/apuntes\/index.php\/wp-json\/wp\/v2\/comments?post=10281"}],"version-history":[{"count":3,"href":"https:\/\/latribunera.com\/apuntes\/index.php\/wp-json\/wp\/v2\/posts\/10281\/revisions"}],"predecessor-version":[{"id":10294,"href":"https:\/\/latribunera.com\/apuntes\/index.php\/wp-json\/wp\/v2\/posts\/10281\/revisions\/10294"}],"wp:featuredmedia":[{"embeddable":true,"href":"https:\/\/latribunera.com\/apuntes\/index.php\/wp-json\/wp\/v2\/media\/10282"}],"wp:attachment":[{"href":"https:\/\/latribunera.com\/apuntes\/index.php\/wp-json\/wp\/v2\/media?parent=10281"}],"wp:term":[{"taxonomy":"category","embeddable":true,"href":"https:\/\/latribunera.com\/apuntes\/index.php\/wp-json\/wp\/v2\/categories?post=10281"},{"taxonomy":"post_tag","embeddable":true,"href":"https:\/\/latribunera.com\/apuntes\/index.php\/wp-json\/wp\/v2\/tags?post=10281"}],"curies":[{"name":"wp","href":"https:\/\/api.w.org\/{rel}","templated":true}]}}