{"id":10295,"date":"2020-12-10T20:26:47","date_gmt":"2020-12-10T20:26:47","guid":{"rendered":"https:\/\/latribunera.com\/apuntes\/?p=10295"},"modified":"2020-12-10T20:40:36","modified_gmt":"2020-12-10T20:40:36","slug":"desde-la-grada-la-ostia","status":"publish","type":"post","link":"https:\/\/latribunera.com\/apuntes\/index.php\/2020\/12\/10\/desde-la-grada-la-ostia\/","title":{"rendered":"Desde la grada: La ostia"},"content":{"rendered":"\n<p>Por: Adriana Espinosa | Twitter: <strong><a href=\"https:\/\/twitter.com\/espinosa_2507?s=21\">@espinosa_2507<\/a><\/strong><\/p>\n\n\n\n<p>En mayo del presente a\u00f1o, a trav\u00e9s de la Federaci\u00f3n Mexicana de Futbol, Mar\u00eda Antonia Is Pi\u00f1era, mejor conocida como To\u00f1a Is, imparti\u00f3 una MasterClass sobre la estructura del futbol femenil en Espa\u00f1a. Entonces, la espa\u00f1ola expres\u00f3 su admiraci\u00f3n por el trabajo y desarrollo de la Liga MX Femenil, a la que dijo solo le faltaba una fuerte inversi\u00f3n para convertirse en un referente a nivel mundial. Ahora, quien fuera campeona del mundo con la Selecci\u00f3n Sub-17 en 2019, se prepara para tomar el banquillo de las Tuzas, y con ello, escribir un nuevo episodio en el torneo mexicano.<\/p>\n\n\n\n<p>El estilo de juego de To\u00f1a Is es ya reconocido, aunque no as\u00ed la filosof\u00eda que existe detr\u00e1s de cada uno de sus logros. Sin pretender saber lo que la DT campeona del mundo piensa, podemos deducir algunas conclusiones por lo expuesto durante su MasterClass a mediados de 2020. Para ella, la formaci\u00f3n de las jugadoras desde la base es sumamente importante. A trav\u00e9s de una serie de pasos, Is explicaba c\u00f3mo una jugadora puede crecer hasta convertirse en protagonista de un club. Al respecto, destacan tres puntos importantes: las bases, el inter\u00e9s de los clubes y federaci\u00f3n, y nuevos proyectos. Algo que comparte con Pachuca, que ha sido hist\u00f3ricamente cantera de grandes jugadores, y ahora lo intenta con j\u00f3venes promesas en la rama femenil. Asimismo, el inter\u00e9s que ha mostrado el equipo de la \u201cBella Airosa\u201d desde la fundaci\u00f3n de la Liga MX Femenil es indiscutible. Finalmente, la reestructuraci\u00f3n del club es tambi\u00e9n clara. Con Eva Espejo cediendo el banquillo para convertirse en la nueva Directora Deportiva, y dejando a cargo del equipo a una experimentada como la propia To\u00f1a.<\/p>\n\n\n<p><script async=\"\" src=\"https:\/\/pagead2.googlesyndication.com\/pagead\/js\/adsbygoogle.js\"><\/script><br \/>\n<!-- PC 728x90 --><br \/>\n<ins class=\"adsbygoogle\" style=\"display:inline-block;width:728px;height:90px\" data-ad-client=\"ca-pub-9427576701762839\" data-ad-slot=\"1011393878\"><\/ins><br \/>\n<script><\/script><\/p>\n\n\n\n<p>Sin embargo, el impacto que la espa\u00f1ola pueda tener en la liga se espera sea mayor al de participar solo como directora t\u00e9cnica. Otro de los puntos abordados durante su ponencia fue la continuidad. En Espa\u00f1a, las jugadoras atraviesan por la sub-15, sub-17 y sub-19 &nbsp;antes de llegar a la absoluta. Un camino que se modific\u00f3 despu\u00e9s de entender que con el sistema anterior, en donde pasaban de la sub-12 a la sub-16 se perd\u00eda demasiado talento. De tal manera que, tomando como referencia la reflexi\u00f3n hecha por la misma directora, la Federaci\u00f3n, adem\u00e1s de Pachuca, podr\u00edan tomar su consejo para dise\u00f1ar un nuevo y mejor plan que impulse y favorezca la carrera de las jugadoras. En aquella ocasi\u00f3n, Is puntualiz\u00f3 que, a las futbolistas hay que tratarlas como personas, dejando claro que el desarrollo deportivo va de mano del desarrollo humano. Adem\u00e1s, subray\u00f3 que es importante fallar, dado que \u201csi no fallamos, no aprendemos\u201d, una lecci\u00f3n que a Tuzas ya le ha costado, con una final perdida y algunas liguillas lejos de su mejor nivel.Despu\u00e9s de este breve y general repaso de la ideolog\u00eda de la nueva DT de Pachuca, nos podemos permitir una alta expectativa sobre lo que To\u00f1a Is pueda hacer y lograr con las Tuzas. Ya no solo los t\u00edtulos, sino tambi\u00e9n su mentalidad, avalan lo que la espa\u00f1ola es capaz de hacer, dentro y fuera del campo. Por el bien de Pachuca, del futbol femenil mexicano, deseamos que el paso de To\u00f1a Is por nuestras tierras sea fruct\u00edfera, y qui\u00e9n sabe, incluso podr\u00eda terminar con la hegemon\u00eda regia e imponer una nueva dinast\u00eda.&nbsp;<\/p>\n","protected":false},"excerpt":{"rendered":"<p>Por: Adriana Espinosa | Twitter: @espinosa_2507 En mayo del presente a\u00f1o, a trav\u00e9s de la Federaci\u00f3n Mexicana de Futbol, Mar\u00eda Antonia Is Pi\u00f1era, mejor conocida como To\u00f1a Is, imparti\u00f3 una MasterClass sobre la estructura del futbol femenil en Espa\u00f1a. Entonces, la espa\u00f1ola expres\u00f3 su admiraci\u00f3n por el trabajo y desarrollo de la Liga MX Femenil,&#8230; <\/p>\n<div class=\"clear\"><\/div>\n<p><a href=\"https:\/\/latribunera.com\/apuntes\/index.php\/2020\/12\/10\/desde-la-grada-la-ostia\/\" class=\"excerpt-read-more\">Read More<i class=\"fa fa-caret-right icon-caret-right\"><\/i><\/a><\/p>\n","protected":false},"author":17,"featured_media":10296,"comment_status":"open","ping_status":"open","sticky":false,"template":"","format":"standard","meta":{"_jetpack_memberships_contains_paid_content":false,"footnotes":""},"categories":[231,3,64],"tags":[],"class_list":["post-10295","post","type-post","status-publish","format-standard","has-post-thumbnail","hentry","category-apuntes","category-futbol","category-futbol-mexicano-femenil"],"jetpack_featured_media_url":"https:\/\/latribunera.com\/apuntes\/wp-content\/uploads\/2020\/12\/B25EAAC9-4739-428D-8A9A-888B33D9EC85-scaled.jpeg","jetpack-related-posts":[{"id":45421,"url":"https:\/\/latribunera.com\/apuntes\/index.php\/2026\/04\/16\/todo-listo-para-la-14va-edicion-de-la-copa-internacional-santos-penoles\/","url_meta":{"origin":10295,"position":0},"title":"Todo listo para la 14va edici\u00f3n de la Copa Internacional Santos Pe\u00f1oles","author":"Jacob Alarcon","date":"16 abril, 2026","format":false,"excerpt":"Este jueves, en el Auditorio Orlegi de Territorio Santos Modelo, se llev\u00f3 a cabo la presentaci\u00f3noficial de la edici\u00f3n 2026 de la Copa Internacional Santos Pe\u00f1oles, torneo que se ha consolidadocomo uno de los m\u00e1s importantes a nivel infantil y juvenil en M\u00e9xico. Adem\u00e1s de brindar una competencia deportiva de\u2026","rel":"","context":"In &quot;Sin categor\u00eda&quot;","block_context":{"text":"Sin categor\u00eda","link":"https:\/\/latribunera.com\/apuntes\/index.php\/category\/sin-categoria\/"},"img":{"alt_text":"","src":"https:\/\/i0.wp.com\/latribunera.com\/apuntes\/wp-content\/uploads\/2026\/04\/Presentacion-Copa-Santos-Penoles.jpg?resize=350%2C200&ssl=1","width":350,"height":200,"srcset":"https:\/\/i0.wp.com\/latribunera.com\/apuntes\/wp-content\/uploads\/2026\/04\/Presentacion-Copa-Santos-Penoles.jpg?resize=350%2C200&ssl=1 1x, https:\/\/i0.wp.com\/latribunera.com\/apuntes\/wp-content\/uploads\/2026\/04\/Presentacion-Copa-Santos-Penoles.jpg?resize=525%2C300&ssl=1 1.5x, https:\/\/i0.wp.com\/latribunera.com\/apuntes\/wp-content\/uploads\/2026\/04\/Presentacion-Copa-Santos-Penoles.jpg?resize=700%2C400&ssl=1 2x, https:\/\/i0.wp.com\/latribunera.com\/apuntes\/wp-content\/uploads\/2026\/04\/Presentacion-Copa-Santos-Penoles.jpg?resize=1050%2C600&ssl=1 3x, https:\/\/i0.wp.com\/latribunera.com\/apuntes\/wp-content\/uploads\/2026\/04\/Presentacion-Copa-Santos-Penoles.jpg?resize=1400%2C800&ssl=1 4x"},"classes":[]},{"id":45386,"url":"https:\/\/latribunera.com\/apuntes\/index.php\/2026\/03\/11\/santos-launa-impulsa-mejoras-en-la-infraestructura-de-tsm-y-estadio-corona\/","url_meta":{"origin":10295,"position":1},"title":"Santos Laguna impulsa mejoras en la infraestructura de TSM y Estadio Corona","author":"Jacob Alarcon","date":"11 marzo, 2026","format":false,"excerpt":"Club Santos Laguna lleva a cabo una serie de reformas y mejoras en la infraestructura de TerritorioSantos Modelo y del Estadio Corona, con el objetivo de impulsar la innovaci\u00f3n tecnol\u00f3gica, lasostenibilidad y la modernizaci\u00f3n de sus espacios.Con estas acciones, el club contin\u00faa fortaleciendo la experiencia de sus aficionados yactualizando sus\u2026","rel":"","context":"In &quot;Pasi\u00f3n Guerrera&quot;","block_context":{"text":"Pasi\u00f3n Guerrera","link":"https:\/\/latribunera.com\/apuntes\/index.php\/category\/tribus\/pasionguerrera\/"},"img":{"alt_text":"","src":"https:\/\/i0.wp.com\/latribunera.com\/apuntes\/wp-content\/uploads\/2026\/03\/Renovacion-TSM.jpg?resize=350%2C200&ssl=1","width":350,"height":200,"srcset":"https:\/\/i0.wp.com\/latribunera.com\/apuntes\/wp-content\/uploads\/2026\/03\/Renovacion-TSM.jpg?resize=350%2C200&ssl=1 1x, https:\/\/i0.wp.com\/latribunera.com\/apuntes\/wp-content\/uploads\/2026\/03\/Renovacion-TSM.jpg?resize=525%2C300&ssl=1 1.5x, https:\/\/i0.wp.com\/latribunera.com\/apuntes\/wp-content\/uploads\/2026\/03\/Renovacion-TSM.jpg?resize=700%2C400&ssl=1 2x, https:\/\/i0.wp.com\/latribunera.com\/apuntes\/wp-content\/uploads\/2026\/03\/Renovacion-TSM.jpg?resize=1050%2C600&ssl=1 3x, https:\/\/i0.wp.com\/latribunera.com\/apuntes\/wp-content\/uploads\/2026\/03\/Renovacion-TSM.jpg?resize=1400%2C800&ssl=1 4x"},"classes":[]}],"jetpack_sharing_enabled":true,"_links":{"self":[{"href":"https:\/\/latribunera.com\/apuntes\/index.php\/wp-json\/wp\/v2\/posts\/10295","targetHints":{"allow":["GET"]}}],"collection":[{"href":"https:\/\/latribunera.com\/apuntes\/index.php\/wp-json\/wp\/v2\/posts"}],"about":[{"href":"https:\/\/latribunera.com\/apuntes\/index.php\/wp-json\/wp\/v2\/types\/post"}],"author":[{"embeddable":true,"href":"https:\/\/latribunera.com\/apuntes\/index.php\/wp-json\/wp\/v2\/users\/17"}],"replies":[{"embeddable":true,"href":"https:\/\/latribunera.com\/apuntes\/index.php\/wp-json\/wp\/v2\/comments?post=10295"}],"version-history":[{"count":4,"href":"https:\/\/latribunera.com\/apuntes\/index.php\/wp-json\/wp\/v2\/posts\/10295\/revisions"}],"predecessor-version":[{"id":10301,"href":"https:\/\/latribunera.com\/apuntes\/index.php\/wp-json\/wp\/v2\/posts\/10295\/revisions\/10301"}],"wp:featuredmedia":[{"embeddable":true,"href":"https:\/\/latribunera.com\/apuntes\/index.php\/wp-json\/wp\/v2\/media\/10296"}],"wp:attachment":[{"href":"https:\/\/latribunera.com\/apuntes\/index.php\/wp-json\/wp\/v2\/media?parent=10295"}],"wp:term":[{"taxonomy":"category","embeddable":true,"href":"https:\/\/latribunera.com\/apuntes\/index.php\/wp-json\/wp\/v2\/categories?post=10295"},{"taxonomy":"post_tag","embeddable":true,"href":"https:\/\/latribunera.com\/apuntes\/index.php\/wp-json\/wp\/v2\/tags?post=10295"}],"curies":[{"name":"wp","href":"https:\/\/api.w.org\/{rel}","templated":true}]}}