{"id":10382,"date":"2020-12-15T21:43:38","date_gmt":"2020-12-15T21:43:38","guid":{"rendered":"https:\/\/latribunera.com\/apuntes\/?p=10382"},"modified":"2020-12-15T23:23:45","modified_gmt":"2020-12-15T23:23:45","slug":"celebracion-de-leon-llega-al-panteon","status":"publish","type":"post","link":"https:\/\/latribunera.com\/apuntes\/index.php\/2020\/12\/15\/celebracion-de-leon-llega-al-panteon\/","title":{"rendered":"CELEBRACI\u00d3N DE LE\u00d3N LLEGA AL PANTE\u00d3N"},"content":{"rendered":"\n<p>POR: DIEGO DE MONTEMAYOR&nbsp;<\/p>\n\n\n\n<p>El Le\u00f3n fue el digno campe\u00f3n del f\u00fatbol mexicano, fue el mejor equipo en el 2020 y en la final no tuvo problemas para liquidar la serie ante Pumas.<\/p>\n\n\n<p><script async src=\"https:\/\/pagead2.googlesyndication.com\/pagead\/js\/adsbygoogle.js\"><\/script><br \/>\n<!-- PC 728x90 --><br \/>\n<ins class=\"adsbygoogle\"\n     style=\"display:inline-block;width:728px;height:90px\"\n     data-ad-client=\"ca-pub-9427576701762839\"\n     data-ad-slot=\"1011393878\"><\/ins><br \/>\n<script>\n     (adsbygoogle = window.adsbygoogle || []).push({});\n<\/script><\/p>\n\n\n\n<p>Las cr\u00edticas aparecieron por lo ocurrido en los alrededores, en donde previ\u00f3 al partido y al momento de la celebraci\u00f3n miles de personas acudieron al estadio, rompiendo toda la clase de normas sanitarias para erradicar la pandemia de la Covid-19.<\/p>\n\n\n\n<figure class=\"wp-block-embed-twitter wp-block-embed is-type-rich is-provider-twitter\"><div class=\"wp-block-embed__wrapper\">\n<blockquote class=\"twitter-tweet\" data-width=\"550\" data-dnt=\"true\"><p lang=\"es\" dir=\"ltr\">CON TODO RESPETO \ud83d\ude4f\ud83c\udffc Compartimos este video publicado por V\u00e1zquez Lucho.<br><br>A las afueras del pante\u00f3n Delta, estos ni\u00f1os se dieron cita para festejar con su abuelito la octava de la fiera \ud83d\ude2d\ud83d\udc9a\ud83c\udf1f<br><br>El se\u00f1or Domingo Rosas falleci\u00f3 hace poco, pero su legado est\u00e1 escrito.<a href=\"https:\/\/twitter.com\/clubleonfc?ref_src=twsrc%5Etfw\">@clubleonfc<\/a> <a href=\"https:\/\/t.co\/BO4AYRkotN\">pic.twitter.com\/BO4AYRkotN<\/a><\/p>&mdash; Dale Le\u00f3n (@daleleon_mx) <a href=\"https:\/\/twitter.com\/daleleon_mx\/status\/1338681979852754944?ref_src=twsrc%5Etfw\">December 15, 2020<\/a><\/blockquote><script async src=\"https:\/\/platform.twitter.com\/widgets.js\" charset=\"utf-8\"><\/script>\n<\/div><\/figure>\n\n\n\n<p>Un video que se ha vuelto viral en las redes sociales es la de una familia que en lugar de ir a los tumultos opt\u00f3 por ir a un pante\u00f3n en Le\u00f3n, Guanajuato.<\/p>\n\n\n<p><script async src=\"https:\/\/pagead2.googlesyndication.com\/pagead\/js\/adsbygoogle.js\"><\/script><br \/>\n<!-- PC 728x90 --><br \/>\n<ins class=\"adsbygoogle\"\n     style=\"display:inline-block;width:728px;height:90px\"\n     data-ad-client=\"ca-pub-9427576701762839\"\n     data-ad-slot=\"1011393878\"><\/ins><br \/>\n<script>\n     (adsbygoogle = window.adsbygoogle || []).push({});\n<\/script><\/p>\n\n\n\n<p>La familia acudi\u00f3 al pante\u00f3n y desde afuera gritaron a un ser querido que d\u00edas atr\u00e1s perdi\u00f3 la vida y no pudo ser testigo del t\u00edtulo de La Fiera.<\/p>\n\n\n\n<figure class=\"wp-block-embed-twitter wp-block-embed is-type-rich is-provider-twitter\"><div class=\"wp-block-embed__wrapper\">\n<blockquote class=\"twitter-tweet\" data-width=\"550\" data-dnt=\"true\"><p lang=\"es\" dir=\"ltr\">Si volteas al cielo, podr\u00e1s ver esa estrella: <a href=\"https:\/\/twitter.com\/hashtag\/LaOctava?src=hash&amp;ref_src=twsrc%5Etfw\">#LaOctava<\/a> \u2b50\ufe0f. <a href=\"https:\/\/t.co\/thQMuCf2Wp\">pic.twitter.com\/thQMuCf2Wp<\/a><\/p>&mdash; Club Le\u00f3n \ud83c\uddf2\ud83c\uddfd (@clubleonfc) <a href=\"https:\/\/twitter.com\/clubleonfc\/status\/1338528621309280261?ref_src=twsrc%5Etfw\">December 14, 2020<\/a><\/blockquote><script async src=\"https:\/\/platform.twitter.com\/widgets.js\" charset=\"utf-8\"><\/script>\n<\/div><\/figure>\n","protected":false},"excerpt":{"rendered":"<p>Una celebraci\u00f3n que se ha vuelto viral&#8230; y dicen que solo es f\u00fatbol.<\/p>\n","protected":false},"author":4,"featured_media":10383,"comment_status":"open","ping_status":"open","sticky":false,"template":"","format":"standard","meta":{"_jetpack_memberships_contains_paid_content":false,"footnotes":""},"categories":[279,3,2],"tags":[220,200,108,74,123],"class_list":["post-10382","post","type-post","status-publish","format-standard","has-post-thumbnail","hentry","category-dalefiera","category-futbol","category-futbol-mexicano","tag-apertura-2020","tag-guardianes-2020","tag-leon","tag-liga-mx","tag-pumas"],"jetpack_featured_media_url":"https:\/\/latribunera.com\/apuntes\/wp-content\/uploads\/2020\/12\/4E7B8A25-D68B-4310-A88D-08DBEB27DEF7.jpeg","jetpack-related-posts":[{"id":45421,"url":"https:\/\/latribunera.com\/apuntes\/index.php\/2026\/04\/16\/todo-listo-para-la-14va-edicion-de-la-copa-internacional-santos-penoles\/","url_meta":{"origin":10382,"position":0},"title":"Todo listo para la 14va edici\u00f3n de la Copa Internacional Santos Pe\u00f1oles","author":"Jacob Alarcon","date":"16 abril, 2026","format":false,"excerpt":"Este jueves, en el Auditorio Orlegi de Territorio Santos Modelo, se llev\u00f3 a cabo la presentaci\u00f3noficial de la edici\u00f3n 2026 de la Copa Internacional Santos Pe\u00f1oles, torneo que se ha consolidadocomo uno de los m\u00e1s importantes a nivel infantil y juvenil en M\u00e9xico. Adem\u00e1s de brindar una competencia deportiva de\u2026","rel":"","context":"In &quot;Sin categor\u00eda&quot;","block_context":{"text":"Sin categor\u00eda","link":"https:\/\/latribunera.com\/apuntes\/index.php\/category\/sin-categoria\/"},"img":{"alt_text":"","src":"https:\/\/i0.wp.com\/latribunera.com\/apuntes\/wp-content\/uploads\/2026\/04\/Presentacion-Copa-Santos-Penoles.jpg?resize=350%2C200&ssl=1","width":350,"height":200,"srcset":"https:\/\/i0.wp.com\/latribunera.com\/apuntes\/wp-content\/uploads\/2026\/04\/Presentacion-Copa-Santos-Penoles.jpg?resize=350%2C200&ssl=1 1x, https:\/\/i0.wp.com\/latribunera.com\/apuntes\/wp-content\/uploads\/2026\/04\/Presentacion-Copa-Santos-Penoles.jpg?resize=525%2C300&ssl=1 1.5x, https:\/\/i0.wp.com\/latribunera.com\/apuntes\/wp-content\/uploads\/2026\/04\/Presentacion-Copa-Santos-Penoles.jpg?resize=700%2C400&ssl=1 2x, https:\/\/i0.wp.com\/latribunera.com\/apuntes\/wp-content\/uploads\/2026\/04\/Presentacion-Copa-Santos-Penoles.jpg?resize=1050%2C600&ssl=1 3x, https:\/\/i0.wp.com\/latribunera.com\/apuntes\/wp-content\/uploads\/2026\/04\/Presentacion-Copa-Santos-Penoles.jpg?resize=1400%2C800&ssl=1 4x"},"classes":[]},{"id":45386,"url":"https:\/\/latribunera.com\/apuntes\/index.php\/2026\/03\/11\/santos-launa-impulsa-mejoras-en-la-infraestructura-de-tsm-y-estadio-corona\/","url_meta":{"origin":10382,"position":1},"title":"Santos Laguna impulsa mejoras en la infraestructura de TSM y Estadio Corona","author":"Jacob Alarcon","date":"11 marzo, 2026","format":false,"excerpt":"Club Santos Laguna lleva a cabo una serie de reformas y mejoras en la infraestructura de TerritorioSantos Modelo y del Estadio Corona, con el objetivo de impulsar la innovaci\u00f3n tecnol\u00f3gica, lasostenibilidad y la modernizaci\u00f3n de sus espacios.Con estas acciones, el club contin\u00faa fortaleciendo la experiencia de sus aficionados yactualizando sus\u2026","rel":"","context":"In &quot;Pasi\u00f3n Guerrera&quot;","block_context":{"text":"Pasi\u00f3n Guerrera","link":"https:\/\/latribunera.com\/apuntes\/index.php\/category\/tribus\/pasionguerrera\/"},"img":{"alt_text":"","src":"https:\/\/i0.wp.com\/latribunera.com\/apuntes\/wp-content\/uploads\/2026\/03\/Renovacion-TSM.jpg?resize=350%2C200&ssl=1","width":350,"height":200,"srcset":"https:\/\/i0.wp.com\/latribunera.com\/apuntes\/wp-content\/uploads\/2026\/03\/Renovacion-TSM.jpg?resize=350%2C200&ssl=1 1x, https:\/\/i0.wp.com\/latribunera.com\/apuntes\/wp-content\/uploads\/2026\/03\/Renovacion-TSM.jpg?resize=525%2C300&ssl=1 1.5x, https:\/\/i0.wp.com\/latribunera.com\/apuntes\/wp-content\/uploads\/2026\/03\/Renovacion-TSM.jpg?resize=700%2C400&ssl=1 2x, https:\/\/i0.wp.com\/latribunera.com\/apuntes\/wp-content\/uploads\/2026\/03\/Renovacion-TSM.jpg?resize=1050%2C600&ssl=1 3x, https:\/\/i0.wp.com\/latribunera.com\/apuntes\/wp-content\/uploads\/2026\/03\/Renovacion-TSM.jpg?resize=1400%2C800&ssl=1 4x"},"classes":[]}],"jetpack_sharing_enabled":true,"_links":{"self":[{"href":"https:\/\/latribunera.com\/apuntes\/index.php\/wp-json\/wp\/v2\/posts\/10382","targetHints":{"allow":["GET"]}}],"collection":[{"href":"https:\/\/latribunera.com\/apuntes\/index.php\/wp-json\/wp\/v2\/posts"}],"about":[{"href":"https:\/\/latribunera.com\/apuntes\/index.php\/wp-json\/wp\/v2\/types\/post"}],"author":[{"embeddable":true,"href":"https:\/\/latribunera.com\/apuntes\/index.php\/wp-json\/wp\/v2\/users\/4"}],"replies":[{"embeddable":true,"href":"https:\/\/latribunera.com\/apuntes\/index.php\/wp-json\/wp\/v2\/comments?post=10382"}],"version-history":[{"count":4,"href":"https:\/\/latribunera.com\/apuntes\/index.php\/wp-json\/wp\/v2\/posts\/10382\/revisions"}],"predecessor-version":[{"id":10413,"href":"https:\/\/latribunera.com\/apuntes\/index.php\/wp-json\/wp\/v2\/posts\/10382\/revisions\/10413"}],"wp:featuredmedia":[{"embeddable":true,"href":"https:\/\/latribunera.com\/apuntes\/index.php\/wp-json\/wp\/v2\/media\/10383"}],"wp:attachment":[{"href":"https:\/\/latribunera.com\/apuntes\/index.php\/wp-json\/wp\/v2\/media?parent=10382"}],"wp:term":[{"taxonomy":"category","embeddable":true,"href":"https:\/\/latribunera.com\/apuntes\/index.php\/wp-json\/wp\/v2\/categories?post=10382"},{"taxonomy":"post_tag","embeddable":true,"href":"https:\/\/latribunera.com\/apuntes\/index.php\/wp-json\/wp\/v2\/tags?post=10382"}],"curies":[{"name":"wp","href":"https:\/\/api.w.org\/{rel}","templated":true}]}}