{"id":10388,"date":"2020-12-15T21:55:27","date_gmt":"2020-12-15T21:55:27","guid":{"rendered":"https:\/\/latribunera.com\/apuntes\/?p=10388"},"modified":"2021-02-01T07:51:28","modified_gmt":"2021-02-01T07:51:28","slug":"los-gritos-del-vasco","status":"publish","type":"post","link":"https:\/\/latribunera.com\/apuntes\/index.php\/2020\/12\/15\/los-gritos-del-vasco\/","title":{"rendered":"LOS GRITOS DEL VASCO"},"content":{"rendered":"\n<p><strong>POR: DIEGO DE MONTEMAYOR<\/strong>&nbsp;<\/p>\n\n\n\n<p>El t\u00e9cnico Javier Aguirre lleg\u00f3 a Rayados y de inmediato hizo notar su presencia ante los jugadores de la plantilla.<\/p>\n\n\n<p><script async=\"\" src=\"https:\/\/pagead2.googlesyndication.com\/pagead\/js\/adsbygoogle.js\"><\/script><br \/>\n<!-- PC 728x90 --><br \/>\n<ins class=\"adsbygoogle\" style=\"display:inline-block;width:728px;height:90px\" data-ad-client=\"ca-pub-9427576701762839\" data-ad-slot=\"1011393878\"><\/ins><br \/>\n<script>\n     (adsbygoogle = window.adsbygoogle || []).push({});\n<\/script><\/p>\n\n\n\n<p>Aguirre fue presentado el viernes como t\u00e9cnico de Rayados para el Clausura 2021, firm\u00f3 por dos a\u00f1os y ya trabaj\u00f3 con el equipo.<\/p>\n\n\n\n<figure class=\"wp-block-embed-twitter wp-block-embed is-type-rich is-provider-twitter\"><div class=\"wp-block-embed__wrapper\">\n<blockquote class=\"twitter-tweet\" data-width=\"550\" data-dnt=\"true\"><p lang=\"es\" dir=\"ltr\">Se cae un jugador en la cancha del Barrial&#8230;<br><br>Aguirre: &quot;P\u00e1rate HDTPM, aqu\u00ed no hay doctores&quot;<br><br>Se levanta el futbolista.<br><br>-En el resto del entrenamiento nadie m\u00e1s se volvi\u00f3 a quedar en el c\u00e9sped<a href=\"https:\/\/twitter.com\/hashtag\/LaEraAguirre?src=hash&amp;ref_src=twsrc%5Etfw\">#LaEraAguirre<\/a> \ud83d\udc4f\ud83c\udffb<\/p>&mdash; Diego Armando Medina \u270b (@DiegoArmaMedina) <a href=\"https:\/\/twitter.com\/DiegoArmaMedina\/status\/1338573539163721730?ref_src=twsrc%5Etfw\">December 14, 2020<\/a><\/blockquote><script async src=\"https:\/\/platform.twitter.com\/widgets.js\" charset=\"utf-8\"><\/script>\n<\/div><\/figure>\n\n\n\n<p>Durante el fin de semana mostr\u00f3 su car\u00e1cter ante los jugadores y en algunas jugadas fue exigente y pidi\u00f3 mayor entrega a sus elementos, algo t\u00edpico en sus equipos anteriores.<\/p>\n\n\n\n<p>\u201cAqu\u00ed no hay doctores\u201d, grit\u00f3 el entrenador en la pr\u00e1ctica, de acuerdo a lo que escribi\u00f3 Diego Armando Medina, periodista de TUDN.<\/p>\n\n\n<p><script async=\"\" src=\"https:\/\/pagead2.googlesyndication.com\/pagead\/js\/adsbygoogle.js\"><\/script><br \/>\n<!-- PC 728x90 --><br \/>\n<ins class=\"adsbygoogle\" style=\"display:inline-block;width:728px;height:90px\" data-ad-client=\"ca-pub-9427576701762839\" data-ad-slot=\"1011393878\"><\/ins><br \/>\n<script>\n     (adsbygoogle = window.adsbygoogle || []).push({});\n<\/script><\/p>\n\n\n\n<p>El Vasco viaj\u00f3 con el equipo a la Riviera Maya para sostener la pretemporada de playa de cara al Clausura 2021.<\/p>\n","protected":false},"excerpt":{"rendered":"<p>El nuevo entrenador de Rayados ya se hizo notar durante las pr\u00e1cticas.<\/p>\n","protected":false},"author":4,"featured_media":10389,"comment_status":"open","ping_status":"open","sticky":false,"template":"","format":"standard","meta":{"_jetpack_memberships_contains_paid_content":false,"footnotes":""},"categories":[262,3,2,277],"tags":[258,286,74,6],"class_list":["post-10388","post","type-post","status-publish","format-standard","has-post-thumbnail","hentry","category-diego-de-montemayor","category-futbol","category-futbol-mexicano","category-zonarayada","tag-clausura-2021","tag-guardianes-2021","tag-liga-mx","tag-rayados"],"jetpack_featured_media_url":"https:\/\/latribunera.com\/apuntes\/wp-content\/uploads\/2020\/12\/93E2098D-954B-457F-B2E4-5A6DB8A55227.jpeg","jetpack-related-posts":[{"id":45392,"url":"https:\/\/latribunera.com\/apuntes\/index.php\/2026\/04\/09\/se-presento-la-13va-edicion-del-guerreton\/","url_meta":{"origin":10388,"position":0},"title":"Se presento la 13va edici\u00f3n del Guerret\u00f3n.","author":"Staff","date":"9 abril, 2026","format":false,"excerpt":"A lo largo de sus primeras 12 ediciones, Guerret\u00f3n ha logrado recolectar m\u00e1s de 121,500juguetes, peluches y balones, beneficiando a diversas asociaciones e instituciones de laregi\u00f3n lagunera, entre ellas CRIT Durango, los sistemas DIF de distintos municipios, as\u00edcomo organizaciones educativas y asistenciales. A la fecha, se han instalado cuatro ludotecas\u2026","rel":"","context":"In &quot;Ganar Sirviendo&quot;","block_context":{"text":"Ganar Sirviendo","link":"https:\/\/latribunera.com\/apuntes\/index.php\/category\/futbol\/futbol-mexicano\/ganar-sirviendo\/"},"img":{"alt_text":"","src":"https:\/\/i0.wp.com\/latribunera.com\/apuntes\/wp-content\/uploads\/2026\/04\/9Guerreton-2026-2.jpg.jpeg?resize=350%2C200&ssl=1","width":350,"height":200,"srcset":"https:\/\/i0.wp.com\/latribunera.com\/apuntes\/wp-content\/uploads\/2026\/04\/9Guerreton-2026-2.jpg.jpeg?resize=350%2C200&ssl=1 1x, https:\/\/i0.wp.com\/latribunera.com\/apuntes\/wp-content\/uploads\/2026\/04\/9Guerreton-2026-2.jpg.jpeg?resize=525%2C300&ssl=1 1.5x, https:\/\/i0.wp.com\/latribunera.com\/apuntes\/wp-content\/uploads\/2026\/04\/9Guerreton-2026-2.jpg.jpeg?resize=700%2C400&ssl=1 2x, https:\/\/i0.wp.com\/latribunera.com\/apuntes\/wp-content\/uploads\/2026\/04\/9Guerreton-2026-2.jpg.jpeg?resize=1050%2C600&ssl=1 3x, https:\/\/i0.wp.com\/latribunera.com\/apuntes\/wp-content\/uploads\/2026\/04\/9Guerreton-2026-2.jpg.jpeg?resize=1400%2C800&ssl=1 4x"},"classes":[]}],"jetpack_sharing_enabled":true,"_links":{"self":[{"href":"https:\/\/latribunera.com\/apuntes\/index.php\/wp-json\/wp\/v2\/posts\/10388","targetHints":{"allow":["GET"]}}],"collection":[{"href":"https:\/\/latribunera.com\/apuntes\/index.php\/wp-json\/wp\/v2\/posts"}],"about":[{"href":"https:\/\/latribunera.com\/apuntes\/index.php\/wp-json\/wp\/v2\/types\/post"}],"author":[{"embeddable":true,"href":"https:\/\/latribunera.com\/apuntes\/index.php\/wp-json\/wp\/v2\/users\/4"}],"replies":[{"embeddable":true,"href":"https:\/\/latribunera.com\/apuntes\/index.php\/wp-json\/wp\/v2\/comments?post=10388"}],"version-history":[{"count":3,"href":"https:\/\/latribunera.com\/apuntes\/index.php\/wp-json\/wp\/v2\/posts\/10388\/revisions"}],"predecessor-version":[{"id":10410,"href":"https:\/\/latribunera.com\/apuntes\/index.php\/wp-json\/wp\/v2\/posts\/10388\/revisions\/10410"}],"wp:featuredmedia":[{"embeddable":true,"href":"https:\/\/latribunera.com\/apuntes\/index.php\/wp-json\/wp\/v2\/media\/10389"}],"wp:attachment":[{"href":"https:\/\/latribunera.com\/apuntes\/index.php\/wp-json\/wp\/v2\/media?parent=10388"}],"wp:term":[{"taxonomy":"category","embeddable":true,"href":"https:\/\/latribunera.com\/apuntes\/index.php\/wp-json\/wp\/v2\/categories?post=10388"},{"taxonomy":"post_tag","embeddable":true,"href":"https:\/\/latribunera.com\/apuntes\/index.php\/wp-json\/wp\/v2\/tags?post=10388"}],"curies":[{"name":"wp","href":"https:\/\/api.w.org\/{rel}","templated":true}]}}