{"id":10400,"date":"2020-12-15T23:04:02","date_gmt":"2020-12-15T23:04:02","guid":{"rendered":"https:\/\/latribunera.com\/apuntes\/?p=10400"},"modified":"2020-12-15T23:08:32","modified_gmt":"2020-12-15T23:08:32","slug":"desde-la-grada-once-pasos-para-la-gloria","status":"publish","type":"post","link":"https:\/\/latribunera.com\/apuntes\/index.php\/2020\/12\/15\/desde-la-grada-once-pasos-para-la-gloria\/","title":{"rendered":"Desde la grada: Once pasos para la gloria"},"content":{"rendered":"\n<p><strong>Por<\/strong>: Adriana Espinosa | Twitter: <strong><a href=\"https:\/\/twitter.com\/espinosa_2507?s=21\">@espinosa_2507<\/a><\/strong><\/p>\n\n\n\n<p>Contra todo pron\u00f3stico, desafiando un a\u00f1o lleno de adversidades, sorteando la pandemia, entre dudas y p\u00e9rdidas, la final regia ha representado una luz al final de este obscuro a\u00f1o. Tigres y Monterrey nos han regalado la noche del lunes una de las finales m\u00e1s card\u00edacas, cuando menos, en los \u00faltimos minutos.&nbsp;<\/p>\n\n\n\n<p>Dejando de lado el arbitraje, que vaya si se ha esforzado por ser protagonista, el \u00faltimo encuentro del GUARD1ANES 2020 no decepcion\u00f3. Pese a sufrir todo el partido, en gran parte gracias a la mala gesti\u00f3n de Becerra, las Rayadas sembraron la esperanza ya en el a\u00f1adido, justo al minuto 93\u2019. Llevando el \u201813\u2019 a la espalda, Mej\u00eda no fall\u00f3 a la superstici\u00f3n, y cuando Tigres se cre\u00eda due\u00f1a del t\u00edtulo, marc\u00f3 a tropezones el gol que mandaba el partido a penales. La diosa fortuna tomar\u00eda parte en el encuentro y har\u00eda mandar a qui\u00e9n sabe d\u00f3nde los cobros de Burkenroad y Valdez. En cuanto a Tigres, la l\u00edder en defensa, Ferral, tambi\u00e9n fallar\u00eda su disparo, dejando con vida a Monterrey. A\u00fan sin los aficionados en las gradas, se pod\u00eda percibir el nerviosismo que rodeaba el estadio. No solo en la Sultana del Norte, sino en cada hogar donde apasionados y apasionadas por el deporte estaban pendientes de lo que ocurriera en el Volc\u00e1n. Coraz\u00f3n en mano y grito a media garganta, Rayadas no pudo defender el campeonato y las de la UANL celebraron en casa.<\/p>\n\n\n<p><script async src=\"https:\/\/pagead2.googlesyndication.com\/pagead\/js\/adsbygoogle.js\"><\/script><br \/>\n<!-- PC 728x90 --><br \/>\n<ins class=\"adsbygoogle\"\n     style=\"display:inline-block;width:728px;height:90px\"\n     data-ad-client=\"ca-pub-9427576701762839\"\n     data-ad-slot=\"1011393878\"><\/ins><br \/>\n<script>\n     (adsbygoogle = window.adsbygoogle || []).push({});\n<\/script><\/p>\n\n\n\n<p>Dicen que la historia pertenece a los vencedores, por lo que, aquel \u00faltimo cobro no ser\u00e1 recordado como un error de Yamile Franco, sino un acierto de Ofelia Sol\u00eds. La cancerbera de Tigres aguant\u00f3, y cuando supo la direcci\u00f3n del cobro no dud\u00f3 en alcanzar el bal\u00f3n y levantar un nuevo t\u00edtulo. Tres, son tres las estrellas que ahora se pueden bordar sobre la camiseta de Tigres, y una en la carrera de Medina, que se ha convertido en el tercer entrenador en llevar a este conjunto a una final y coronarse. A Monterrey poco y nada se le podr\u00e1 reprochar, al menos no a las jugadoras que lo han dejado todo en la cancha, que han respondido al llamado y se murieron desde el manch\u00f3n penal por su afici\u00f3n. Por otro lado, a Becerra se le podr\u00e1 juzgar de c\u00f3mplice, al perder alg\u00fan tiempo en los cambios, aunado a ciertos errores en la ida pero, eso lo podemos dejar a la directiva, \u00fanica encargada de su destino. Del otro lado de la moneda, el t\u00edtulo es solo el resultado de lo que Tigres trabaj\u00f3 durante todo el torneo: mejor defensiva, mejor ofensiva, l\u00edder de goleo, y lo dem\u00e1s que se les ocurra.<\/p>\n\n\n<p><script async src=\"https:\/\/pagead2.googlesyndication.com\/pagead\/js\/adsbygoogle.js\"><\/script><br \/>\n<!-- PC 728x90 --><br \/>\n<ins class=\"adsbygoogle\"\n     style=\"display:inline-block;width:728px;height:90px\"\n     data-ad-client=\"ca-pub-9427576701762839\"\n     data-ad-slot=\"1011393878\"><\/ins><br \/>\n<script>\n     (adsbygoogle = window.adsbygoogle || []).push({});\n<\/script><\/p>\n\n\n\n<p>As\u00ed concluye un torneo m\u00e1s, una edici\u00f3n extraordinaria de la Liga MX Femenil, bautizada como GUARD1NES. Nos quedamos como Galeano, con la nostalgia atravesada, por Atlas, que no ha podido dar ese paso para poner su nombre entre las cuatro mejores, por Quer\u00e9taro, que de la mano de Rossi se han ganado el cari\u00f1o y respeto de tantos, por Am\u00e9rica, y esas l\u00e1grimas de Daniela Espinosa, por Tuzas, que se volvi\u00f3 sin\u00f3nimo de solidaridad y ahora nos llena de optimismo. Pero tambi\u00e9n nos quedamos con la inc\u00f3gnita, de unas Rayadas que parecen sufrir demasiado, de Pumas y sus limitaciones creativas, de Chivas, d\u00f3nde algo definitivamente se rompi\u00f3. De esa manera nos vamos, y si Bianca Sierra sue\u00f1a con ser bicampeona, nosotras podemos so\u00f1ar con un 2021 de m\u00e1s, y mejor futbol.&nbsp;<\/p>\n","protected":false},"excerpt":{"rendered":"<p>Por: Adriana Espinosa | Twitter: @espinosa_2507 Contra todo pron\u00f3stico, desafiando un a\u00f1o lleno de adversidades, sorteando la pandemia, entre dudas y p\u00e9rdidas, la final regia ha representado una luz al final de este obscuro a\u00f1o. Tigres y Monterrey nos han regalado la noche del lunes una de las finales m\u00e1s card\u00edacas, cuando menos, en los&#8230; <\/p>\n<div class=\"clear\"><\/div>\n<p><a href=\"https:\/\/latribunera.com\/apuntes\/index.php\/2020\/12\/15\/desde-la-grada-once-pasos-para-la-gloria\/\" class=\"excerpt-read-more\">Read More<i class=\"fa fa-caret-right icon-caret-right\"><\/i><\/a><\/p>\n","protected":false},"author":17,"featured_media":10401,"comment_status":"open","ping_status":"open","sticky":false,"template":"","format":"standard","meta":{"_jetpack_memberships_contains_paid_content":false,"footnotes":""},"categories":[3,64],"tags":[],"class_list":["post-10400","post","type-post","status-publish","format-standard","has-post-thumbnail","hentry","category-futbol","category-futbol-mexicano-femenil"],"jetpack_featured_media_url":"https:\/\/latribunera.com\/apuntes\/wp-content\/uploads\/2020\/12\/6DC8CE5E-BCC4-48F5-9C3A-8716B9FEA742.jpeg","jetpack-related-posts":[{"id":45421,"url":"https:\/\/latribunera.com\/apuntes\/index.php\/2026\/04\/16\/todo-listo-para-la-14va-edicion-de-la-copa-internacional-santos-penoles\/","url_meta":{"origin":10400,"position":0},"title":"Todo listo para la 14va edici\u00f3n de la Copa Internacional Santos Pe\u00f1oles","author":"Jacob Alarcon","date":"16 abril, 2026","format":false,"excerpt":"Este jueves, en el Auditorio Orlegi de Territorio Santos Modelo, se llev\u00f3 a cabo la presentaci\u00f3noficial de la edici\u00f3n 2026 de la Copa Internacional Santos Pe\u00f1oles, torneo que se ha consolidadocomo uno de los m\u00e1s importantes a nivel infantil y juvenil en M\u00e9xico. Adem\u00e1s de brindar una competencia deportiva de\u2026","rel":"","context":"In &quot;Sin categor\u00eda&quot;","block_context":{"text":"Sin categor\u00eda","link":"https:\/\/latribunera.com\/apuntes\/index.php\/category\/sin-categoria\/"},"img":{"alt_text":"","src":"https:\/\/i0.wp.com\/latribunera.com\/apuntes\/wp-content\/uploads\/2026\/04\/Presentacion-Copa-Santos-Penoles.jpg?resize=350%2C200&ssl=1","width":350,"height":200,"srcset":"https:\/\/i0.wp.com\/latribunera.com\/apuntes\/wp-content\/uploads\/2026\/04\/Presentacion-Copa-Santos-Penoles.jpg?resize=350%2C200&ssl=1 1x, https:\/\/i0.wp.com\/latribunera.com\/apuntes\/wp-content\/uploads\/2026\/04\/Presentacion-Copa-Santos-Penoles.jpg?resize=525%2C300&ssl=1 1.5x, https:\/\/i0.wp.com\/latribunera.com\/apuntes\/wp-content\/uploads\/2026\/04\/Presentacion-Copa-Santos-Penoles.jpg?resize=700%2C400&ssl=1 2x, https:\/\/i0.wp.com\/latribunera.com\/apuntes\/wp-content\/uploads\/2026\/04\/Presentacion-Copa-Santos-Penoles.jpg?resize=1050%2C600&ssl=1 3x, https:\/\/i0.wp.com\/latribunera.com\/apuntes\/wp-content\/uploads\/2026\/04\/Presentacion-Copa-Santos-Penoles.jpg?resize=1400%2C800&ssl=1 4x"},"classes":[]},{"id":45386,"url":"https:\/\/latribunera.com\/apuntes\/index.php\/2026\/03\/11\/santos-launa-impulsa-mejoras-en-la-infraestructura-de-tsm-y-estadio-corona\/","url_meta":{"origin":10400,"position":1},"title":"Santos Laguna impulsa mejoras en la infraestructura de TSM y Estadio Corona","author":"Jacob Alarcon","date":"11 marzo, 2026","format":false,"excerpt":"Club Santos Laguna lleva a cabo una serie de reformas y mejoras en la infraestructura de TerritorioSantos Modelo y del Estadio Corona, con el objetivo de impulsar la innovaci\u00f3n tecnol\u00f3gica, lasostenibilidad y la modernizaci\u00f3n de sus espacios.Con estas acciones, el club contin\u00faa fortaleciendo la experiencia de sus aficionados yactualizando sus\u2026","rel":"","context":"In &quot;Pasi\u00f3n Guerrera&quot;","block_context":{"text":"Pasi\u00f3n Guerrera","link":"https:\/\/latribunera.com\/apuntes\/index.php\/category\/tribus\/pasionguerrera\/"},"img":{"alt_text":"","src":"https:\/\/i0.wp.com\/latribunera.com\/apuntes\/wp-content\/uploads\/2026\/03\/Renovacion-TSM.jpg?resize=350%2C200&ssl=1","width":350,"height":200,"srcset":"https:\/\/i0.wp.com\/latribunera.com\/apuntes\/wp-content\/uploads\/2026\/03\/Renovacion-TSM.jpg?resize=350%2C200&ssl=1 1x, https:\/\/i0.wp.com\/latribunera.com\/apuntes\/wp-content\/uploads\/2026\/03\/Renovacion-TSM.jpg?resize=525%2C300&ssl=1 1.5x, https:\/\/i0.wp.com\/latribunera.com\/apuntes\/wp-content\/uploads\/2026\/03\/Renovacion-TSM.jpg?resize=700%2C400&ssl=1 2x, https:\/\/i0.wp.com\/latribunera.com\/apuntes\/wp-content\/uploads\/2026\/03\/Renovacion-TSM.jpg?resize=1050%2C600&ssl=1 3x, https:\/\/i0.wp.com\/latribunera.com\/apuntes\/wp-content\/uploads\/2026\/03\/Renovacion-TSM.jpg?resize=1400%2C800&ssl=1 4x"},"classes":[]},{"id":45392,"url":"https:\/\/latribunera.com\/apuntes\/index.php\/2026\/04\/09\/se-presento-la-13va-edicion-del-guerreton\/","url_meta":{"origin":10400,"position":2},"title":"Se presento la 13va edici\u00f3n del Guerret\u00f3n.","author":"Staff","date":"9 abril, 2026","format":false,"excerpt":"A lo largo de sus primeras 12 ediciones, Guerret\u00f3n ha logrado recolectar m\u00e1s de 121,500juguetes, peluches y balones, beneficiando a diversas asociaciones e instituciones de laregi\u00f3n lagunera, entre ellas CRIT Durango, los sistemas DIF de distintos municipios, as\u00edcomo organizaciones educativas y asistenciales. A la fecha, se han instalado cuatro ludotecas\u2026","rel":"","context":"In &quot;Ganar Sirviendo&quot;","block_context":{"text":"Ganar Sirviendo","link":"https:\/\/latribunera.com\/apuntes\/index.php\/category\/futbol\/futbol-mexicano\/ganar-sirviendo\/"},"img":{"alt_text":"","src":"https:\/\/i0.wp.com\/latribunera.com\/apuntes\/wp-content\/uploads\/2026\/04\/9Guerreton-2026-2.jpg.jpeg?resize=350%2C200&ssl=1","width":350,"height":200,"srcset":"https:\/\/i0.wp.com\/latribunera.com\/apuntes\/wp-content\/uploads\/2026\/04\/9Guerreton-2026-2.jpg.jpeg?resize=350%2C200&ssl=1 1x, https:\/\/i0.wp.com\/latribunera.com\/apuntes\/wp-content\/uploads\/2026\/04\/9Guerreton-2026-2.jpg.jpeg?resize=525%2C300&ssl=1 1.5x, https:\/\/i0.wp.com\/latribunera.com\/apuntes\/wp-content\/uploads\/2026\/04\/9Guerreton-2026-2.jpg.jpeg?resize=700%2C400&ssl=1 2x, https:\/\/i0.wp.com\/latribunera.com\/apuntes\/wp-content\/uploads\/2026\/04\/9Guerreton-2026-2.jpg.jpeg?resize=1050%2C600&ssl=1 3x, https:\/\/i0.wp.com\/latribunera.com\/apuntes\/wp-content\/uploads\/2026\/04\/9Guerreton-2026-2.jpg.jpeg?resize=1400%2C800&ssl=1 4x"},"classes":[]}],"jetpack_sharing_enabled":true,"_links":{"self":[{"href":"https:\/\/latribunera.com\/apuntes\/index.php\/wp-json\/wp\/v2\/posts\/10400","targetHints":{"allow":["GET"]}}],"collection":[{"href":"https:\/\/latribunera.com\/apuntes\/index.php\/wp-json\/wp\/v2\/posts"}],"about":[{"href":"https:\/\/latribunera.com\/apuntes\/index.php\/wp-json\/wp\/v2\/types\/post"}],"author":[{"embeddable":true,"href":"https:\/\/latribunera.com\/apuntes\/index.php\/wp-json\/wp\/v2\/users\/17"}],"replies":[{"embeddable":true,"href":"https:\/\/latribunera.com\/apuntes\/index.php\/wp-json\/wp\/v2\/comments?post=10400"}],"version-history":[{"count":4,"href":"https:\/\/latribunera.com\/apuntes\/index.php\/wp-json\/wp\/v2\/posts\/10400\/revisions"}],"predecessor-version":[{"id":10405,"href":"https:\/\/latribunera.com\/apuntes\/index.php\/wp-json\/wp\/v2\/posts\/10400\/revisions\/10405"}],"wp:featuredmedia":[{"embeddable":true,"href":"https:\/\/latribunera.com\/apuntes\/index.php\/wp-json\/wp\/v2\/media\/10401"}],"wp:attachment":[{"href":"https:\/\/latribunera.com\/apuntes\/index.php\/wp-json\/wp\/v2\/media?parent=10400"}],"wp:term":[{"taxonomy":"category","embeddable":true,"href":"https:\/\/latribunera.com\/apuntes\/index.php\/wp-json\/wp\/v2\/categories?post=10400"},{"taxonomy":"post_tag","embeddable":true,"href":"https:\/\/latribunera.com\/apuntes\/index.php\/wp-json\/wp\/v2\/tags?post=10400"}],"curies":[{"name":"wp","href":"https:\/\/api.w.org\/{rel}","templated":true}]}}