{"id":10423,"date":"2020-12-16T23:42:38","date_gmt":"2020-12-16T23:42:38","guid":{"rendered":"https:\/\/latribunera.com\/apuntes\/?p=10423"},"modified":"2020-12-17T00:23:00","modified_gmt":"2020-12-17T00:23:00","slug":"era-samuel-garcia-prensa-amiga-de-tigres","status":"publish","type":"post","link":"https:\/\/latribunera.com\/apuntes\/index.php\/2020\/12\/16\/era-samuel-garcia-prensa-amiga-de-tigres\/","title":{"rendered":"\u00bfERA SAMUEL GARC\u00cdA PRENSA AMIGA DE TIGRES?"},"content":{"rendered":"\n<p><strong>POR: DIEGO DE MONTEMAYOR<\/strong>&nbsp;<\/p>\n\n\n\n<p>Samuel Garc\u00eda es blanco de cr\u00edticas por todos lados, pero algo que nadie puede negar es su amor por Tigres.<\/p>\n\n\n\n<p>Lo del pol\u00edtico regiomontano no es moda, ha sido Tigre desde peque\u00f1o, para muestra un bot\u00f3n y una imagen que se ha vuelto viral en las redes sociales.<\/p>\n\n\n<p><script async src=\"https:\/\/pagead2.googlesyndication.com\/pagead\/js\/adsbygoogle.js\"><\/script><br \/>\n<!-- PC 728x90 --><br \/>\n<ins class=\"adsbygoogle\"\n     style=\"display:inline-block;width:728px;height:90px\"\n     data-ad-client=\"ca-pub-9427576701762839\"\n     data-ad-slot=\"1011393878\"><\/ins><br \/>\n<script>\n     (adsbygoogle = window.adsbygoogle || []).push({});\n<\/script><\/p>\n\n\n\n<p>Samuel Garc\u00eda fue fotografiado en 1999 con su jersey de Tigres sosteniendo un micr\u00f3fono de Tv Nuevo Le\u00f3n durante un entrenamiento en el Estadio Universitario, donde aparentemente entrevista a Luis Hern\u00e1ndez cuando jugaba con los felinos.<\/p>\n\n\n\n<p>Samuel seguramente tuvo que hacer la entrevista para el fin de semana madrugar y cumplir con los juegos de golf de su pap\u00e1, con lo que pudo haber sacado para comprar un boleto de general y unas semillitas.<\/p>\n\n\n<p><script async src=\"https:\/\/pagead2.googlesyndication.com\/pagead\/js\/adsbygoogle.js\"><\/script><br \/>\n<!-- PC 728x90 --><br \/>\n<ins class=\"adsbygoogle\"\n     style=\"display:inline-block;width:728px;height:90px\"\n     data-ad-client=\"ca-pub-9427576701762839\"\n     data-ad-slot=\"1011393878\"><\/ins><br \/>\n<script>\n     (adsbygoogle = window.adsbygoogle || []).push({});\n<\/script><\/p>\n","protected":false},"excerpt":{"rendered":"<p>El pol\u00edtico entrevist\u00f3 al Matador en el Volc\u00e1n.<\/p>\n","protected":false},"author":4,"featured_media":10424,"comment_status":"open","ping_status":"open","sticky":false,"template":"","format":"standard","meta":{"_jetpack_memberships_contains_paid_content":false,"footnotes":""},"categories":[262,3,2,278],"tags":[74,102],"class_list":["post-10423","post","type-post","status-publish","format-standard","has-post-thumbnail","hentry","category-diego-de-montemayor","category-futbol","category-futbol-mexicano","category-solotigres","tag-liga-mx","tag-tigres"],"jetpack_featured_media_url":"https:\/\/latribunera.com\/apuntes\/wp-content\/uploads\/2020\/12\/01CA6684-DF8A-499F-90BA-0E0C624FC8AD.jpeg","jetpack-related-posts":[],"jetpack_sharing_enabled":true,"_links":{"self":[{"href":"https:\/\/latribunera.com\/apuntes\/index.php\/wp-json\/wp\/v2\/posts\/10423","targetHints":{"allow":["GET"]}}],"collection":[{"href":"https:\/\/latribunera.com\/apuntes\/index.php\/wp-json\/wp\/v2\/posts"}],"about":[{"href":"https:\/\/latribunera.com\/apuntes\/index.php\/wp-json\/wp\/v2\/types\/post"}],"author":[{"embeddable":true,"href":"https:\/\/latribunera.com\/apuntes\/index.php\/wp-json\/wp\/v2\/users\/4"}],"replies":[{"embeddable":true,"href":"https:\/\/latribunera.com\/apuntes\/index.php\/wp-json\/wp\/v2\/comments?post=10423"}],"version-history":[{"count":3,"href":"https:\/\/latribunera.com\/apuntes\/index.php\/wp-json\/wp\/v2\/posts\/10423\/revisions"}],"predecessor-version":[{"id":10461,"href":"https:\/\/latribunera.com\/apuntes\/index.php\/wp-json\/wp\/v2\/posts\/10423\/revisions\/10461"}],"wp:featuredmedia":[{"embeddable":true,"href":"https:\/\/latribunera.com\/apuntes\/index.php\/wp-json\/wp\/v2\/media\/10424"}],"wp:attachment":[{"href":"https:\/\/latribunera.com\/apuntes\/index.php\/wp-json\/wp\/v2\/media?parent=10423"}],"wp:term":[{"taxonomy":"category","embeddable":true,"href":"https:\/\/latribunera.com\/apuntes\/index.php\/wp-json\/wp\/v2\/categories?post=10423"},{"taxonomy":"post_tag","embeddable":true,"href":"https:\/\/latribunera.com\/apuntes\/index.php\/wp-json\/wp\/v2\/tags?post=10423"}],"curies":[{"name":"wp","href":"https:\/\/api.w.org\/{rel}","templated":true}]}}