{"id":10749,"date":"2020-12-25T20:50:58","date_gmt":"2020-12-25T20:50:58","guid":{"rendered":"https:\/\/latribunera.com\/apuntes\/?p=10749"},"modified":"2020-12-25T21:14:45","modified_gmt":"2020-12-25T21:14:45","slug":"campeones-navidenos-que-ya-se-retiraron","status":"publish","type":"post","link":"https:\/\/latribunera.com\/apuntes\/index.php\/2020\/12\/25\/campeones-navidenos-que-ya-se-retiraron\/","title":{"rendered":"CAMPEONES NAVIDE\u00d1OS QUE YA SE RETIRARON"},"content":{"rendered":"\n<p><strong>POR: DIEGO DE MONTEMAYOR<\/strong>&nbsp;<\/p>\n\n\n\n<p>El 25 de diciembre del 2016 los Tigres escribieron una p\u00e1gina importante en la historia de la instituci\u00f3n, al vencer en penales al Am\u00e9rica en el Estadio Universitario.<\/p>\n\n\n\n<p>Todos recordamos el gol de Jes\u00fas Due\u00f1as en los \u00faltimos minutos, la bronca de Jos\u00e9 Rivas y los penales atajados por Nahuel Guzm\u00e1n, pero hoy recordaremos aquellos jugadores que ya se retiraron y fueron parte de aquella noche en el Volc\u00e1n.<\/p>\n\n\n\n<p>Jugadores ic\u00f3nicos como Juninho y Dami\u00e1n \u00c1lvarez, el hincha que juega como Jos\u00e9 Rivas e Iv\u00e1n Estrada que fue campe\u00f3n de Liga con Tigres en tres ocasiones colgaron los tachones en los \u00faltimos a\u00f1os.<\/p>\n\n\n<p><script async src=\"https:\/\/pagead2.googlesyndication.com\/pagead\/js\/adsbygoogle.js\"><\/script><br \/>\n<!-- PC 728x90 --><br \/>\n<ins class=\"adsbygoogle\"\n     style=\"display:inline-block;width:728px;height:90px\"\n     data-ad-client=\"ca-pub-9427576701762839\"\n     data-ad-slot=\"1011393878\"><\/ins><br \/>\n<script>\n     (adsbygoogle = window.adsbygoogle || []).push({});\n<\/script><\/p>\n\n\n\n<h2 class=\"wp-block-heading\"><strong><a href=\"https:\/\/bit.ly\/3rpzRMO\">JUNINHO<\/a><\/strong><\/h2>\n\n\n\n<figure class=\"wp-block-image size-large\"><img loading=\"lazy\" decoding=\"async\" width=\"1024\" height=\"512\" src=\"https:\/\/latribunera.com\/apuntes\/wp-content\/uploads\/2020\/12\/8157510D-8243-446D-AEBB-95339461330E-1024x512.jpeg\" alt=\"\" class=\"wp-image-10750\" srcset=\"https:\/\/latribunera.com\/apuntes\/wp-content\/uploads\/2020\/12\/8157510D-8243-446D-AEBB-95339461330E-1024x512.jpeg 1024w, https:\/\/latribunera.com\/apuntes\/wp-content\/uploads\/2020\/12\/8157510D-8243-446D-AEBB-95339461330E-300x150.jpeg 300w, https:\/\/latribunera.com\/apuntes\/wp-content\/uploads\/2020\/12\/8157510D-8243-446D-AEBB-95339461330E-768x384.jpeg 768w, https:\/\/latribunera.com\/apuntes\/wp-content\/uploads\/2020\/12\/8157510D-8243-446D-AEBB-95339461330E.jpeg 1200w\" sizes=\"auto, (max-width: 1024px) 100vw, 1024px\" \/><\/figure>\n\n\n\n<p>El Apertura 2018 fue su \u00faltimo torneo, tan pronto anunci\u00f3 su retiro y se mantuvo ligado a la instituci\u00f3n, realmente no ha parado y se mantiene vigente con el Club.<\/p>\n\n\n\n<p>Tras su adi\u00f3s a las canchas estuvo con el cuerpo t\u00e9cnico de la Sub20, ahora es auxiliar de Ricardo Ferretti en el primer equipo junto al Chima Ruiz.<\/p>\n\n\n\n<h2 class=\"wp-block-heading\"><strong><a href=\"https:\/\/bit.ly\/3plherw\">DAMI\u00c1N \u00c1LVAREZ<\/a><\/strong>&nbsp;<\/h2>\n\n\n\n<figure class=\"wp-block-image size-large\"><img loading=\"lazy\" decoding=\"async\" width=\"660\" height=\"371\" src=\"https:\/\/latribunera.com\/apuntes\/wp-content\/uploads\/2020\/12\/35369202-2703-4DF1-AE45-EB72F0D6C235.jpeg\" alt=\"\" class=\"wp-image-10751\" srcset=\"https:\/\/latribunera.com\/apuntes\/wp-content\/uploads\/2020\/12\/35369202-2703-4DF1-AE45-EB72F0D6C235.jpeg 660w, https:\/\/latribunera.com\/apuntes\/wp-content\/uploads\/2020\/12\/35369202-2703-4DF1-AE45-EB72F0D6C235-300x169.jpeg 300w\" sizes=\"auto, (max-width: 660px) 100vw, 660px\" \/><\/figure>\n\n\n\n<p>El Enano fue quien levant\u00f3 el t\u00edtulo del Apertura 2017, ese fue su \u00faltimo momento como jugador de Tigres tras coronarse en la cancha de Rayados.<\/p>\n\n\n\n<p>Ha incursionado en su etapa como empresario ligado al deporte y en redes sociales se ha mantenido al pendiente del equipo.<\/p>\n\n\n\n<h2 class=\"wp-block-heading\"><strong><a href=\"https:\/\/bit.ly\/3mKNvGQ\">JOS\u00c9 RIVAS<\/a><\/strong><\/h2>\n\n\n\n<figure class=\"wp-block-image size-large\"><img loading=\"lazy\" decoding=\"async\" width=\"739\" height=\"415\" src=\"https:\/\/latribunera.com\/apuntes\/wp-content\/uploads\/2020\/12\/7A7A51FA-809D-4A71-9B81-74781E220CB0.jpeg\" alt=\"\" class=\"wp-image-10752\" srcset=\"https:\/\/latribunera.com\/apuntes\/wp-content\/uploads\/2020\/12\/7A7A51FA-809D-4A71-9B81-74781E220CB0.jpeg 739w, https:\/\/latribunera.com\/apuntes\/wp-content\/uploads\/2020\/12\/7A7A51FA-809D-4A71-9B81-74781E220CB0-300x168.jpeg 300w\" sizes=\"auto, (max-width: 739px) 100vw, 739px\" \/><\/figure>\n\n\n\n<p>El hincha que juega estuvo en Tigres desde el 2004 hasta el 2017, pas\u00f3 al Veracruz en donde jug\u00f3 por un a\u00f1o y tras no entrar en planes con los felinos anunci\u00f3 su retiro de las canchas.<\/p>\n\n\n\n<p>Actualmente es parte del Club Tigres al ser auxiliar t\u00e9cnico del equipo Sub20 de la instituci\u00f3n.<\/p>\n\n\n\n<h2 class=\"wp-block-heading\"><strong><a href=\"https:\/\/bit.ly\/3nLT1ud\">GUTTY ESTRADA<\/a><\/strong><\/h2>\n\n\n\n<figure class=\"wp-block-image size-large\"><img loading=\"lazy\" decoding=\"async\" width=\"739\" height=\"415\" src=\"https:\/\/latribunera.com\/apuntes\/wp-content\/uploads\/2020\/12\/EBC4087B-167D-4E64-899A-F818622F77E4.jpeg\" alt=\"\" class=\"wp-image-10753\" srcset=\"https:\/\/latribunera.com\/apuntes\/wp-content\/uploads\/2020\/12\/EBC4087B-167D-4E64-899A-F818622F77E4.jpeg 739w, https:\/\/latribunera.com\/apuntes\/wp-content\/uploads\/2020\/12\/EBC4087B-167D-4E64-899A-F818622F77E4-300x168.jpeg 300w\" sizes=\"auto, (max-width: 739px) 100vw, 739px\" \/><\/figure>\n\n\n\n<p>Iv\u00e1n Estrada fue parte importante para ganar los t\u00edtulos del Apertura 2015 Apertura 2016 y Apertura 2017, pero las lesiones lo marginaron de tener un paso regular por los felinos.<\/p>\n\n\n\n<p>Su \u00faltimo torneo con Tigres fue en el Clausura 2018, despu\u00e9s ya no se supo si continu\u00f3 su etapa como jugador profesional en alguna otra liga.<\/p>\n\n\n\n<p><strong>Te puede interesar: El mensaje del Tuca a los incomparables&nbsp;<a href=\"https:\/\/bit.ly\/34UvW1h\">https:\/\/bit.ly\/34UvW1h<\/a><\/strong><\/p>\n\n\n\n<figure class=\"wp-block-image size-large\"><img loading=\"lazy\" decoding=\"async\" width=\"1024\" height=\"567\" src=\"https:\/\/latribunera.com\/apuntes\/wp-content\/uploads\/2020\/12\/61B1AC47-9280-42BD-85DB-F14248B3AF52-1024x567.jpeg\" alt=\"\" class=\"wp-image-10708\" srcset=\"https:\/\/latribunera.com\/apuntes\/wp-content\/uploads\/2020\/12\/61B1AC47-9280-42BD-85DB-F14248B3AF52-1024x567.jpeg 1024w, https:\/\/latribunera.com\/apuntes\/wp-content\/uploads\/2020\/12\/61B1AC47-9280-42BD-85DB-F14248B3AF52-300x166.jpeg 300w, https:\/\/latribunera.com\/apuntes\/wp-content\/uploads\/2020\/12\/61B1AC47-9280-42BD-85DB-F14248B3AF52-768x425.jpeg 768w, https:\/\/latribunera.com\/apuntes\/wp-content\/uploads\/2020\/12\/61B1AC47-9280-42BD-85DB-F14248B3AF52.jpeg 1280w\" sizes=\"auto, (max-width: 1024px) 100vw, 1024px\" \/><\/figure>\n\n\n<p><script async src=\"https:\/\/pagead2.googlesyndication.com\/pagead\/js\/adsbygoogle.js\"><\/script><br \/>\n<!-- PC 728x90 --><br \/>\n<ins class=\"adsbygoogle\"\n     style=\"display:inline-block;width:728px;height:90px\"\n     data-ad-client=\"ca-pub-9427576701762839\"\n     data-ad-slot=\"1011393878\"><\/ins><br \/>\n<script>\n     (adsbygoogle = window.adsbygoogle || []).push({});\n<\/script><\/p>\n\n\n\n\n<p><script async src=\"https:\/\/pagead2.googlesyndication.com\/pagead\/js\/adsbygoogle.js\"><\/script><br \/>\n<!-- PC 728x90 --><br \/>\n<ins class=\"adsbygoogle\"\n     style=\"display:inline-block;width:728px;height:90px\"\n     data-ad-client=\"ca-pub-9427576701762839\"\n     data-ad-slot=\"1011393878\"><\/ins><br \/>\n<script>\n     (adsbygoogle = window.adsbygoogle || []).push({});\n<\/script><\/p>\n","protected":false},"excerpt":{"rendered":"<p>El recuerdo de una final dram\u00e1tica y jugadores que pusieron fin a su carrera.<\/p>\n","protected":false},"author":4,"featured_media":10754,"comment_status":"open","ping_status":"open","sticky":false,"template":"","format":"standard","meta":{"_jetpack_memberships_contains_paid_content":false,"footnotes":""},"categories":[262,3,2,278],"tags":[85,74,102],"class_list":["post-10749","post","type-post","status-publish","format-standard","has-post-thumbnail","hentry","category-diego-de-montemayor","category-futbol","category-futbol-mexicano","category-solotigres","tag-america","tag-liga-mx","tag-tigres"],"jetpack_featured_media_url":"https:\/\/latribunera.com\/apuntes\/wp-content\/uploads\/2020\/12\/BB7903B9-4477-43E1-AAF5-67D53DFA9D61.jpeg","jetpack-related-posts":[{"id":45386,"url":"https:\/\/latribunera.com\/apuntes\/index.php\/2026\/03\/11\/santos-launa-impulsa-mejoras-en-la-infraestructura-de-tsm-y-estadio-corona\/","url_meta":{"origin":10749,"position":0},"title":"Santos Laguna impulsa mejoras en la infraestructura de TSM y Estadio Corona","author":"Jacob Alarcon","date":"11 marzo, 2026","format":false,"excerpt":"Club Santos Laguna lleva a cabo una serie de reformas y mejoras en la infraestructura de TerritorioSantos Modelo y del Estadio Corona, con el objetivo de impulsar la innovaci\u00f3n tecnol\u00f3gica, lasostenibilidad y la modernizaci\u00f3n de sus espacios.Con estas acciones, el club contin\u00faa fortaleciendo la experiencia de sus aficionados yactualizando sus\u2026","rel":"","context":"In &quot;Pasi\u00f3n Guerrera&quot;","block_context":{"text":"Pasi\u00f3n Guerrera","link":"https:\/\/latribunera.com\/apuntes\/index.php\/category\/tribus\/pasionguerrera\/"},"img":{"alt_text":"","src":"https:\/\/i0.wp.com\/latribunera.com\/apuntes\/wp-content\/uploads\/2026\/03\/Renovacion-TSM.jpg?resize=350%2C200&ssl=1","width":350,"height":200,"srcset":"https:\/\/i0.wp.com\/latribunera.com\/apuntes\/wp-content\/uploads\/2026\/03\/Renovacion-TSM.jpg?resize=350%2C200&ssl=1 1x, https:\/\/i0.wp.com\/latribunera.com\/apuntes\/wp-content\/uploads\/2026\/03\/Renovacion-TSM.jpg?resize=525%2C300&ssl=1 1.5x, https:\/\/i0.wp.com\/latribunera.com\/apuntes\/wp-content\/uploads\/2026\/03\/Renovacion-TSM.jpg?resize=700%2C400&ssl=1 2x, https:\/\/i0.wp.com\/latribunera.com\/apuntes\/wp-content\/uploads\/2026\/03\/Renovacion-TSM.jpg?resize=1050%2C600&ssl=1 3x, https:\/\/i0.wp.com\/latribunera.com\/apuntes\/wp-content\/uploads\/2026\/03\/Renovacion-TSM.jpg?resize=1400%2C800&ssl=1 4x"},"classes":[]}],"jetpack_sharing_enabled":true,"_links":{"self":[{"href":"https:\/\/latribunera.com\/apuntes\/index.php\/wp-json\/wp\/v2\/posts\/10749","targetHints":{"allow":["GET"]}}],"collection":[{"href":"https:\/\/latribunera.com\/apuntes\/index.php\/wp-json\/wp\/v2\/posts"}],"about":[{"href":"https:\/\/latribunera.com\/apuntes\/index.php\/wp-json\/wp\/v2\/types\/post"}],"author":[{"embeddable":true,"href":"https:\/\/latribunera.com\/apuntes\/index.php\/wp-json\/wp\/v2\/users\/4"}],"replies":[{"embeddable":true,"href":"https:\/\/latribunera.com\/apuntes\/index.php\/wp-json\/wp\/v2\/comments?post=10749"}],"version-history":[{"count":4,"href":"https:\/\/latribunera.com\/apuntes\/index.php\/wp-json\/wp\/v2\/posts\/10749\/revisions"}],"predecessor-version":[{"id":10758,"href":"https:\/\/latribunera.com\/apuntes\/index.php\/wp-json\/wp\/v2\/posts\/10749\/revisions\/10758"}],"wp:featuredmedia":[{"embeddable":true,"href":"https:\/\/latribunera.com\/apuntes\/index.php\/wp-json\/wp\/v2\/media\/10754"}],"wp:attachment":[{"href":"https:\/\/latribunera.com\/apuntes\/index.php\/wp-json\/wp\/v2\/media?parent=10749"}],"wp:term":[{"taxonomy":"category","embeddable":true,"href":"https:\/\/latribunera.com\/apuntes\/index.php\/wp-json\/wp\/v2\/categories?post=10749"},{"taxonomy":"post_tag","embeddable":true,"href":"https:\/\/latribunera.com\/apuntes\/index.php\/wp-json\/wp\/v2\/tags?post=10749"}],"curies":[{"name":"wp","href":"https:\/\/api.w.org\/{rel}","templated":true}]}}