{"id":10944,"date":"2021-01-05T21:45:53","date_gmt":"2021-01-05T21:45:53","guid":{"rendered":"https:\/\/latribunera.com\/apuntes\/?p=10944"},"modified":"2021-01-05T22:51:17","modified_gmt":"2021-01-05T22:51:17","slug":"jorge-urdiales-a-dios-no-podia-decirle-que-no","status":"publish","type":"post","link":"https:\/\/latribunera.com\/apuntes\/index.php\/2021\/01\/05\/jorge-urdiales-a-dios-no-podia-decirle-que-no\/","title":{"rendered":"JORGE URDIALES: \u201cA Dios no pod\u00eda decirle que no\u2026\u201d"},"content":{"rendered":"\n<p><strong>Por: C\u00e9sar Vargas<\/strong><\/p>\n\n\n\n<p><br>Era un s\u00e1bado de octubre y Jorge Urdiales lleg\u00f3 tarde a una boda por<br>una raz\u00f3n muy v\u00e1lida: ven\u00eda \u00a0como aficionado de un partido de los<br>Rayados en el Tec.<br><br>Corr\u00eda el a\u00f1o 2000 y la vida de Urdiales giraba por esos d\u00edas en torno<br>a su actividad como banquero.<\/p>\n\n\n\n<p>Al llegar al restaurante Louisiana, lugar de la boda, s\u00f3lo hab\u00eda dos lugares disponibles y all\u00ed se sentaron \u00e9l y su esposa.<\/p>\n\n\n\n<figure class=\"wp-block-embed-twitter wp-block-embed is-type-rich is-provider-twitter\"><div class=\"wp-block-embed__wrapper\">\n<blockquote class=\"twitter-tweet\" data-width=\"550\" data-dnt=\"true\"><p lang=\"es\" dir=\"ltr\">Torneo nuevo \u00a1A jugar en la <a href=\"https:\/\/twitter.com\/hashtag\/QuinielaSurvivor?src=hash&amp;ref_src=twsrc%5Etfw\">#QuinielaSurvivor<\/a>! de La Tribunera.<br><br>Reg\u00edstrate en \ud83d\udda5\ufe0f <a href=\"https:\/\/t.co\/1pt0swjCjr\">https:\/\/t.co\/1pt0swjCjr<\/a><br><br>\ud83d\udd0d Busca nuestra quiniela \u201cZona Rayada Survivor\u201d y participa. <br><br>Elige bien, ya que solo cuentas con una vida, si tu equipo pierde, est\u00e1s \u00a1Eliminado!<a href=\"https:\/\/twitter.com\/hashtag\/ArribaElMonterrey?src=hash&amp;ref_src=twsrc%5Etfw\">#ArribaElMonterrey<\/a> \u24c2\ufe0f <a href=\"https:\/\/t.co\/TSqAG79vEQ\">pic.twitter.com\/TSqAG79vEQ<\/a><\/p>&mdash; Zona Rayada (@zonarayada) <a href=\"https:\/\/twitter.com\/zonarayada\/status\/1346275257947185154?ref_src=twsrc%5Etfw\">January 5, 2021<\/a><\/blockquote><script async src=\"https:\/\/platform.twitter.com\/widgets.js\" charset=\"utf-8\"><\/script>\n<\/div><\/figure>\n\n\n\n<p>\u201cProvidencial\u201d, dir\u00eda casi dos d\u00e9cadas despu\u00e9s sobre ese momento que marc\u00f3<br>el primer paso de una etapa que cambi\u00f3 su vida para siempre, y por qu\u00e9<br>no decirlo, tambi\u00e9n el andar del Club de Futbol Monterrey.<br><br>Y es que la persona que estaba sentada a su lado esa noche en el Louisiana, lo invit\u00f3 a participar en el Consejo de Econom\u00eda de la<br>Parroquia del Uro.<br><br>Al cont\u00e1rselo, su esposa le record\u00f3 que se acababan de cambiar de casa, a Los Rodr\u00edguez, enfrente de El Barrial.<\/p>\n\n\n<p><script async src=\"https:\/\/pagead2.googlesyndication.com\/pagead\/js\/adsbygoogle.js\"><\/script><br \/>\n<!-- PC 728x90 --><br \/>\n<ins class=\"adsbygoogle\"\n     style=\"display:inline-block;width:728px;height:90px\"\n     data-ad-client=\"ca-pub-9427576701762839\"\n     data-ad-slot=\"1011393878\"><\/ins><br \/>\n<script>\n     (adsbygoogle = window.adsbygoogle || []).push({});\n<\/script><\/p>\n\n\n\n<p>\u201cMe dec\u00eda \u201cno te comprometas, tenemos un tiradero de muebles y de cosas\u201d, y le dije \u201cpara las cosas de Dios yo no me puedo negar, y si t\u00fa no puedes ir, no te apures, yo voy\u201d, recuerda Urdiales.<br><br>All\u00ed conocer\u00eda de forma cercana a Jos\u00e9 Gonz\u00e1lez Ornelas, a quien hasta entonces s\u00f3lo hab\u00eda tratado de manera espor\u00e1dica por la relaci\u00f3n de Bancomer con Femsa.<br><br>Gonz\u00e1lez Ornelas acababa de terminar su participaci\u00f3n como consejero delegado<br>de los Tigres, tras disolverse la participaci\u00f3n de Femsa en Sinergia Deportiva junto a Cemex.<br><br>En los recesos de las reuniones quincenales del Consejo Parroquial el tema del futbol se volvi\u00f3 recurrente. El destino empez\u00f3 a hacer su trabajo cuando tras la renuncia de Gilberto Lozano para sumarse al equipo del presidente Vicente Fox, como Oficial Mayor de Gobierno, en diciembre de 2000, Gonz\u00e1lez Ornelas asumi\u00f3 como consejero delegado de<br>los Rayados.<\/p>\n\n\n\n<figure class=\"wp-block-embed-twitter wp-block-embed is-type-rich is-provider-twitter\"><div class=\"wp-block-embed__wrapper\">\n<blockquote class=\"twitter-tweet\" data-width=\"550\" data-dnt=\"true\"><p lang=\"es\" dir=\"ltr\"><a href=\"https:\/\/twitter.com\/hashtag\/Rayados?src=hash&amp;ref_src=twsrc%5Etfw\">#Rayados<\/a> estrena \u201cJefe al mando\u201d y <a href=\"https:\/\/twitter.com\/elbalondevalo?ref_src=twsrc%5Etfw\">@elbalondevalo<\/a> nos explica las expectativas que hay en la <a href=\"https:\/\/twitter.com\/hashtag\/LigaMX?src=hash&amp;ref_src=twsrc%5Etfw\">#LigaMX<\/a> al respecto.<br><br>\ud83d\udc49\ud83c\udffb <a href=\"https:\/\/t.co\/EoG1gVqtH2\">https:\/\/t.co\/EoG1gVqtH2<\/a><br><br>V\u00eda | <a href=\"https:\/\/twitter.com\/latribunera?ref_src=twsrc%5Etfw\">@latribunera<\/a><a href=\"https:\/\/twitter.com\/hashtag\/ArribaElMonterrey?src=hash&amp;ref_src=twsrc%5Etfw\">#ArribaElMonterrey<\/a> \u24c2\ufe0f <a href=\"https:\/\/t.co\/8sIZd0p65x\">pic.twitter.com\/8sIZd0p65x<\/a><\/p>&mdash; Zona Rayada (@zonarayada) <a href=\"https:\/\/twitter.com\/zonarayada\/status\/1346245059612651526?ref_src=twsrc%5Etfw\">January 5, 2021<\/a><\/blockquote><script async src=\"https:\/\/platform.twitter.com\/widgets.js\" charset=\"utf-8\"><\/script>\n<\/div><\/figure>\n\n\n\n<p><strong>Un d\u00eda, meses despu\u00e9s, Pepe Gonz\u00e1lez Ornelas lo cit\u00f3 en un VIPS.<\/strong><br><br>\u201cMe dice: el club est\u00e1 as\u00ed, as\u00ed est\u00e1 organizado, \u00bfqu\u00e9 se te ocurre?, \u00bfqu\u00e9 ideas me podr\u00edas dar?\u201d, recuerda Urdiales sobre la reuni\u00f3n.<br><br>\u201cLo m\u00e1s importante ser\u00eda separar el \u00e1rea administrativa del \u00e1rea deportiva, las veo que est\u00e1n como cruzadas y s\u00ed hay que darles una autonom\u00eda, y pienso que luego con una organizaci\u00f3n matricial, que establezcas cu\u00e1les son los canales de comunicaci\u00f3n entre un \u00e1rea y la otra, pero s\u00ed que tengan una autonom\u00eda\u201d. Dice \u201cest\u00e1 interesante\u201d, explica Urdiales.<br><br>Unos meses despu\u00e9s el consejero delegado de Rayados lo volvi\u00f3 a citar en el VIPS.<\/p>\n\n\n<p><script async src=\"https:\/\/pagead2.googlesyndication.com\/pagead\/js\/adsbygoogle.js\"><\/script><br \/>\n<!-- PC 728x90 --><br \/>\n<ins class=\"adsbygoogle\"\n     style=\"display:inline-block;width:728px;height:90px\"\n     data-ad-client=\"ca-pub-9427576701762839\"\n     data-ad-slot=\"1011393878\"><\/ins><br \/>\n<script>\n     (adsbygoogle = window.adsbygoogle || []).push({});\n<\/script><\/p>\n\n\n\n<p>\u201cMe dice: \u201cs\u00ed jal\u00f3 lo que me platicaste, y quer\u00eda ver si te interesa participar\u201d, le dije \u201ces mi pasi\u00f3n, sabes que s\u00ed, \u00bfvas a hacer<br>un consejito?, relata, \u201c\u00bfc\u00f3mo se te ocurre que pueda participar?\u201d, y me dice \u201cc\u00f3mo presidente del Club\u201d, \u201cah ca\u00f1\u00f3n\u201d, le dije\u201d.<br><br>En ese momento el presidente de los Rayados era Ricardo Garza Villareal, quien trabajaba de tiempo parcial, porque atend\u00eda adem\u00e1s su negocio propio, y ahora Femsa quer\u00eda a alguien que laborara de tiempo completo.<br><br>\u201cSiempre hago planes de 1, 3 y 5 a\u00f1os, dec\u00eda: \u201cme faltan varios a\u00f1os para mi jubilaci\u00f3n\u201d, ten\u00eda 55 a\u00f1os, mis \u00faltimos cinco a\u00f1os laborales los ten\u00eda planeado dedicarlos al deporte\u201d, dice.<\/p>\n\n\n\n<figure class=\"wp-block-embed-twitter wp-block-embed is-type-rich is-provider-twitter\"><div class=\"wp-block-embed__wrapper\">\n<blockquote class=\"twitter-tweet\" data-width=\"550\" data-dnt=\"true\"><p lang=\"es\" dir=\"ltr\">Rayados qued\u00f3 muy lejos de las expectativas en el 2020 despu\u00e9s de un fant\u00e1stico cierre de a\u00f1o en el 2019, el equipo se alej\u00f3 de las expectativas y aunque ganaron una Copa MX la realidad es que supo muy poco.<br><br>\ud83d\udc49\ud83c\udffb <a href=\"https:\/\/t.co\/Kp7LWg6lBo\">https:\/\/t.co\/Kp7LWg6lBo<\/a><br><br>V\u00eda l La Tribunera. <a href=\"https:\/\/twitter.com\/hashtag\/ArribaElMonterrey?src=hash&amp;ref_src=twsrc%5Etfw\">#ArribaElMonterrey<\/a> \u24c2\ufe0f <a href=\"https:\/\/t.co\/A6bq93BLbK\">pic.twitter.com\/A6bq93BLbK<\/a><\/p>&mdash; Zona Rayada (@zonarayada) <a href=\"https:\/\/twitter.com\/zonarayada\/status\/1344765324911116289?ref_src=twsrc%5Etfw\">December 31, 2020<\/a><\/blockquote><script async src=\"https:\/\/platform.twitter.com\/widgets.js\" charset=\"utf-8\"><\/script>\n<\/div><\/figure>\n\n\n\n<p>La relaci\u00f3n de Jorge Urdiales con el futbol era desde siempre. Su padre, Leopoldo Urdiales, fue junto a Mario Castillejos pap\u00e1, uno de los brazos fuertes del doctor Carlos Canseco, en la segunda fundaci\u00f3n del Club de Futbol Monterrey.<br><br>M\u00e1s tarde, Jorge Urdiales integr\u00f3 el primer equipo infantil del Monterrey, junto a Francisco Avil\u00e1n. Ambos ten\u00edan 12 a\u00f1os de edad.<br><br>Urdiales tambi\u00e9n particip\u00f3 con los Rayados, como jugador, en dos partidos en Primera Divisi\u00f3n y en el Torneo de Reservas, en los 60; jug\u00f3 con los Tigres de la Universidad Aut\u00f3noma de Nuevo Le\u00f3n, en la<br>Segunda Divisi\u00f3n.<br><br>Fungi\u00f3 tambi\u00e9n como tesorero de los felinos cuando se logr\u00f3 el ascenso al m\u00e1ximo circuito, en 1974, y como secretario t\u00e9cnico de los mismos Tigres, de 1974 a 1976.<\/p>\n\n\n<p><script async src=\"https:\/\/pagead2.googlesyndication.com\/pagead\/js\/adsbygoogle.js\"><\/script><br \/>\n<!-- PC 728x90 --><br \/>\n<ins class=\"adsbygoogle\"\n     style=\"display:inline-block;width:728px;height:90px\"\n     data-ad-client=\"ca-pub-9427576701762839\"\n     data-ad-slot=\"1011393878\"><\/ins><br \/>\n<script>\n     (adsbygoogle = window.adsbygoogle || []).push({});\n<\/script><\/p>\n\n\n\n<p>Urdiales estaba decidido a aceptar el reto. Pero a\u00fan faltaba c\u00f3mo dejar el banco sin perder sus 30 a\u00f1os de antig\u00fcedad.<br><br>\u201cMe dijo Pepe Gonz\u00e1lez Ornelas: \u201chacemos una propuesta en donde te cubramos de ese riesgo, lo importante es t\u00fa sientas el respaldo de la empresa para que no pierdas tu antig\u00fcedad\u201d\u201d, explica.<br><br>El 6 de diciembre del 2001, el Club de Futbol Monterrey present\u00f3 a Jorge Urdiales como presidente, y a Luis Miguel Salvador como<br>vicepresidente.<\/p>\n\n\n\n<figure class=\"wp-block-embed-twitter wp-block-embed is-type-rich is-provider-twitter\"><div class=\"wp-block-embed__wrapper\">\n<blockquote class=\"twitter-tweet\" data-width=\"550\" data-dnt=\"true\"><p lang=\"es\" dir=\"ltr\">En el Guard1anes 2021, <a href=\"https:\/\/twitter.com\/hashtag\/Rayados?src=hash&amp;ref_src=twsrc%5Etfw\">#Rayados<\/a> cumplir\u00e1 90 torneos de historia en primera divisi\u00f3n. La Pandilla se encuentra en el Top 5 con m\u00e1s temporadas. <a href=\"https:\/\/twitter.com\/hashtag\/ArribaElMonterrey?src=hash&amp;ref_src=twsrc%5Etfw\">#ArribaElMonterrey<\/a> \u24c2\ufe0f <a href=\"https:\/\/t.co\/o5S1Fl1f29\">pic.twitter.com\/o5S1Fl1f29<\/a><\/p>&mdash; Zona Rayada (@zonarayada) <a href=\"https:\/\/twitter.com\/zonarayada\/status\/1345490117604081664?ref_src=twsrc%5Etfw\">January 2, 2021<\/a><\/blockquote><script async src=\"https:\/\/platform.twitter.com\/widgets.js\" charset=\"utf-8\"><\/script>\n<\/div><\/figure>\n\n\n\n<p>Pronto Urdiales puso manos a la obra.<br><br>\u201cQuer\u00eda contribuir en algo con lo que yo hab\u00eda aprendido en las empresas, en los bancos, hab\u00eda trabajado en Cydsa, hab\u00eda trabajado en Alfa, en varios lugares que ten\u00edan muy buena administraci\u00f3n, y en los<br>bancos manejaba todos los aspectos de reglamentaci\u00f3n\u201d, explica Urdiales.<br><br>-T\u00fa todo lo quieres reglamentar, le dijo Gonz\u00e1lez Ornelas.<br><br>\u201cEs que yo ven\u00eda de una organizaci\u00f3n donde est\u00e1 muy normado, no puede ser una camisa de fuerza, a m\u00ed no me pidas que siga una l\u00ednea as\u00ed, dame un marco de referencia por d\u00f3nde me puedo mover; para no seguir<br>una l\u00ednea r\u00edgida, dame libertad de movimiento, no una l\u00ednea recta donde para ac\u00e1 te caes, para ac\u00e1 te caes, dame margen, y con criterios para resolver las situaciones donde no hay manera de consultarlo\u201d, dice.<br><br>Empezaba un cambio de visi\u00f3n en la instituci\u00f3n que se traducir\u00eda en la mejor \u00e9poca en la historia de los Rayados y en su ingreso a la \u00e9lite de los clubes m\u00e1s importantes del Continente Americano.<br><br><strong><em>Continuar\u00e1\u2026..<\/em><\/strong><\/p>\n\n\n\n<figure class=\"wp-block-image size-large\"><img loading=\"lazy\" decoding=\"async\" width=\"766\" height=\"1024\" src=\"https:\/\/latribunera.com\/apuntes\/wp-content\/uploads\/2021\/01\/B0E0F84F-C055-4339-93DF-CA69DA2DE496-766x1024.jpeg\" alt=\"\" class=\"wp-image-10945\" srcset=\"https:\/\/latribunera.com\/apuntes\/wp-content\/uploads\/2021\/01\/B0E0F84F-C055-4339-93DF-CA69DA2DE496-766x1024.jpeg 766w, https:\/\/latribunera.com\/apuntes\/wp-content\/uploads\/2021\/01\/B0E0F84F-C055-4339-93DF-CA69DA2DE496-224x300.jpeg 224w, https:\/\/latribunera.com\/apuntes\/wp-content\/uploads\/2021\/01\/B0E0F84F-C055-4339-93DF-CA69DA2DE496-768x1027.jpeg 768w, https:\/\/latribunera.com\/apuntes\/wp-content\/uploads\/2021\/01\/B0E0F84F-C055-4339-93DF-CA69DA2DE496-1149x1536.jpeg 1149w, https:\/\/latribunera.com\/apuntes\/wp-content\/uploads\/2021\/01\/B0E0F84F-C055-4339-93DF-CA69DA2DE496-1531x2048.jpeg 1531w, https:\/\/latribunera.com\/apuntes\/wp-content\/uploads\/2021\/01\/B0E0F84F-C055-4339-93DF-CA69DA2DE496-scaled.jpeg 1914w\" sizes=\"auto, (max-width: 766px) 100vw, 766px\" \/><figcaption>Jorge Urdiales (cuarto arriba, de izq. a der.) y<br>Francisco Avil\u00e1n (segundo abajo, de der. a izq.), quien como t\u00e9cnico<br>dar\u00eda a los Rayados su primer t\u00edtulo de Liga, posan con el primer<br>equipo infantil en la historia albiazul.<\/figcaption><\/figure>\n\n\n<p><script async src=\"https:\/\/pagead2.googlesyndication.com\/pagead\/js\/adsbygoogle.js\"><\/script><br \/>\n<!-- PC 728x90 --><br \/>\n<ins class=\"adsbygoogle\"\n     style=\"display:inline-block;width:728px;height:90px\"\n     data-ad-client=\"ca-pub-9427576701762839\"\n     data-ad-slot=\"1011393878\"><\/ins><br \/>\n<script>\n     (adsbygoogle = window.adsbygoogle || []).push({});\n<\/script><\/p>\n\n\n\n\n<p><script async src=\"https:\/\/pagead2.googlesyndication.com\/pagead\/js\/adsbygoogle.js\"><\/script><br \/>\n<!-- PC 728x90 --><br \/>\n<ins class=\"adsbygoogle\"\n     style=\"display:inline-block;width:728px;height:90px\"\n     data-ad-client=\"ca-pub-9427576701762839\"\n     data-ad-slot=\"1011393878\"><\/ins><br \/>\n<script>\n     (adsbygoogle = window.adsbygoogle || []).push({});\n<\/script><\/p>\n","protected":false},"excerpt":{"rendered":"<p>Participar en el consejo de una parroquia cambi\u00f3 su vida y la historia de los Rayados.<\/p>\n","protected":false},"author":4,"featured_media":10946,"comment_status":"open","ping_status":"open","sticky":false,"template":"","format":"standard","meta":{"_jetpack_memberships_contains_paid_content":false,"footnotes":""},"categories":[3,2,277],"tags":[272,286,255,6],"class_list":["post-10944","post","type-post","status-publish","format-standard","has-post-thumbnail","hentry","category-futbol","category-futbol-mexicano","category-zonarayada","tag-concachampions","tag-guardianes-2021","tag-mundial-de-clubes","tag-rayados"],"jetpack_featured_media_url":"https:\/\/latribunera.com\/apuntes\/wp-content\/uploads\/2021\/01\/F1DBCBB0-436A-49B4-B9E8-521DE538AF17.jpeg","jetpack-related-posts":[{"id":45392,"url":"https:\/\/latribunera.com\/apuntes\/index.php\/2026\/04\/09\/se-presento-la-13va-edicion-del-guerreton\/","url_meta":{"origin":10944,"position":0},"title":"Se presento la 13va edici\u00f3n del Guerret\u00f3n.","author":"Staff","date":"9 abril, 2026","format":false,"excerpt":"A lo largo de sus primeras 12 ediciones, Guerret\u00f3n ha logrado recolectar m\u00e1s de 121,500juguetes, peluches y balones, beneficiando a diversas asociaciones e instituciones de laregi\u00f3n lagunera, entre ellas CRIT Durango, los sistemas DIF de distintos municipios, as\u00edcomo organizaciones educativas y asistenciales. A la fecha, se han instalado cuatro ludotecas\u2026","rel":"","context":"In &quot;Ganar Sirviendo&quot;","block_context":{"text":"Ganar Sirviendo","link":"https:\/\/latribunera.com\/apuntes\/index.php\/category\/futbol\/futbol-mexicano\/ganar-sirviendo\/"},"img":{"alt_text":"","src":"https:\/\/i0.wp.com\/latribunera.com\/apuntes\/wp-content\/uploads\/2026\/04\/9Guerreton-2026-2.jpg.jpeg?resize=350%2C200&ssl=1","width":350,"height":200,"srcset":"https:\/\/i0.wp.com\/latribunera.com\/apuntes\/wp-content\/uploads\/2026\/04\/9Guerreton-2026-2.jpg.jpeg?resize=350%2C200&ssl=1 1x, https:\/\/i0.wp.com\/latribunera.com\/apuntes\/wp-content\/uploads\/2026\/04\/9Guerreton-2026-2.jpg.jpeg?resize=525%2C300&ssl=1 1.5x, https:\/\/i0.wp.com\/latribunera.com\/apuntes\/wp-content\/uploads\/2026\/04\/9Guerreton-2026-2.jpg.jpeg?resize=700%2C400&ssl=1 2x, https:\/\/i0.wp.com\/latribunera.com\/apuntes\/wp-content\/uploads\/2026\/04\/9Guerreton-2026-2.jpg.jpeg?resize=1050%2C600&ssl=1 3x, https:\/\/i0.wp.com\/latribunera.com\/apuntes\/wp-content\/uploads\/2026\/04\/9Guerreton-2026-2.jpg.jpeg?resize=1400%2C800&ssl=1 4x"},"classes":[]},{"id":45421,"url":"https:\/\/latribunera.com\/apuntes\/index.php\/2026\/04\/16\/todo-listo-para-la-14va-edicion-de-la-copa-internacional-santos-penoles\/","url_meta":{"origin":10944,"position":1},"title":"Todo listo para la 14va edici\u00f3n de la Copa Internacional Santos Pe\u00f1oles","author":"Jacob Alarcon","date":"16 abril, 2026","format":false,"excerpt":"Este jueves, en el Auditorio Orlegi de Territorio Santos Modelo, se llev\u00f3 a cabo la presentaci\u00f3noficial de la edici\u00f3n 2026 de la Copa Internacional Santos Pe\u00f1oles, torneo que se ha consolidadocomo uno de los m\u00e1s importantes a nivel infantil y juvenil en M\u00e9xico. Adem\u00e1s de brindar una competencia deportiva de\u2026","rel":"","context":"In &quot;Sin categor\u00eda&quot;","block_context":{"text":"Sin categor\u00eda","link":"https:\/\/latribunera.com\/apuntes\/index.php\/category\/sin-categoria\/"},"img":{"alt_text":"","src":"https:\/\/i0.wp.com\/latribunera.com\/apuntes\/wp-content\/uploads\/2026\/04\/Presentacion-Copa-Santos-Penoles.jpg?resize=350%2C200&ssl=1","width":350,"height":200,"srcset":"https:\/\/i0.wp.com\/latribunera.com\/apuntes\/wp-content\/uploads\/2026\/04\/Presentacion-Copa-Santos-Penoles.jpg?resize=350%2C200&ssl=1 1x, https:\/\/i0.wp.com\/latribunera.com\/apuntes\/wp-content\/uploads\/2026\/04\/Presentacion-Copa-Santos-Penoles.jpg?resize=525%2C300&ssl=1 1.5x, https:\/\/i0.wp.com\/latribunera.com\/apuntes\/wp-content\/uploads\/2026\/04\/Presentacion-Copa-Santos-Penoles.jpg?resize=700%2C400&ssl=1 2x, https:\/\/i0.wp.com\/latribunera.com\/apuntes\/wp-content\/uploads\/2026\/04\/Presentacion-Copa-Santos-Penoles.jpg?resize=1050%2C600&ssl=1 3x, https:\/\/i0.wp.com\/latribunera.com\/apuntes\/wp-content\/uploads\/2026\/04\/Presentacion-Copa-Santos-Penoles.jpg?resize=1400%2C800&ssl=1 4x"},"classes":[]}],"jetpack_sharing_enabled":true,"_links":{"self":[{"href":"https:\/\/latribunera.com\/apuntes\/index.php\/wp-json\/wp\/v2\/posts\/10944","targetHints":{"allow":["GET"]}}],"collection":[{"href":"https:\/\/latribunera.com\/apuntes\/index.php\/wp-json\/wp\/v2\/posts"}],"about":[{"href":"https:\/\/latribunera.com\/apuntes\/index.php\/wp-json\/wp\/v2\/types\/post"}],"author":[{"embeddable":true,"href":"https:\/\/latribunera.com\/apuntes\/index.php\/wp-json\/wp\/v2\/users\/4"}],"replies":[{"embeddable":true,"href":"https:\/\/latribunera.com\/apuntes\/index.php\/wp-json\/wp\/v2\/comments?post=10944"}],"version-history":[{"count":3,"href":"https:\/\/latribunera.com\/apuntes\/index.php\/wp-json\/wp\/v2\/posts\/10944\/revisions"}],"predecessor-version":[{"id":10954,"href":"https:\/\/latribunera.com\/apuntes\/index.php\/wp-json\/wp\/v2\/posts\/10944\/revisions\/10954"}],"wp:featuredmedia":[{"embeddable":true,"href":"https:\/\/latribunera.com\/apuntes\/index.php\/wp-json\/wp\/v2\/media\/10946"}],"wp:attachment":[{"href":"https:\/\/latribunera.com\/apuntes\/index.php\/wp-json\/wp\/v2\/media?parent=10944"}],"wp:term":[{"taxonomy":"category","embeddable":true,"href":"https:\/\/latribunera.com\/apuntes\/index.php\/wp-json\/wp\/v2\/categories?post=10944"},{"taxonomy":"post_tag","embeddable":true,"href":"https:\/\/latribunera.com\/apuntes\/index.php\/wp-json\/wp\/v2\/tags?post=10944"}],"curies":[{"name":"wp","href":"https:\/\/api.w.org\/{rel}","templated":true}]}}