{"id":10969,"date":"2021-01-06T01:24:25","date_gmt":"2021-01-06T01:24:25","guid":{"rendered":"https:\/\/latribunera.com\/apuntes\/?p=10969"},"modified":"2021-01-06T01:55:32","modified_gmt":"2021-01-06T01:55:32","slug":"renovar-o-no-renovar-a-celso-ortiz","status":"publish","type":"post","link":"https:\/\/latribunera.com\/apuntes\/index.php\/2021\/01\/06\/renovar-o-no-renovar-a-celso-ortiz\/","title":{"rendered":"\u00bfRenovar o no renovar a Celso Ortiz?"},"content":{"rendered":"\n<p>\u00bfRenovar o no renovar a Celso Ortiz?<\/p>\n\n\n\n<p>POR: DIEGO DE MONTEMAYOR&nbsp;<\/p>\n\n\n\n<p>La duda de muchos aficionados es si el paraguayo Celso Ortiz debe ser renovado o no por la dirigencia de Rayados en las pr\u00f3ximas semanas.<\/p>\n\n\n\n<p>Celso tiene 32 a\u00f1os, no es un dato menor, y su contrato expira al concluir el Guard1anes 2021, incluso desde ahora podr\u00eda arreglarse con otro club sin tener que avisarle a la directiva de Rayados.<\/p>\n\n\n\n<p>La duda viene despu\u00e9s de sus declaraciones en la \u00faltima conferencia de prensa, en donde dijo estar listo para renovar con Monterrey, a pesar de que no hay pl\u00e1ticas para hacerlo.<\/p>\n\n\n\n<figure class=\"wp-block-embed-twitter wp-block-embed is-type-rich is-provider-twitter\"><div class=\"wp-block-embed__wrapper\">\n<blockquote class=\"twitter-tweet\" data-width=\"550\" data-dnt=\"true\"><p lang=\"es\" dir=\"ltr\">Era un s\u00e1bado de octubre y Jorge Urdiales lleg\u00f3 tarde a una boda por una raz\u00f3n muy v\u00e1lida: ven\u00eda como aficionado de un partido de los <a href=\"https:\/\/twitter.com\/hashtag\/Rayados?src=hash&amp;ref_src=twsrc%5Etfw\">#Rayados<\/a> en el Tec.<br><br>\ud83d\udc49\ud83c\udffb <a href=\"https:\/\/t.co\/q1LuVciqWt\">https:\/\/t.co\/q1LuVciqWt<\/a><br><br>V\u00eda I La Tribunera. <a href=\"https:\/\/twitter.com\/hashtag\/ArribaElMonterrey?src=hash&amp;ref_src=twsrc%5Etfw\">#ArribaElMonterrey<\/a> \u24c2\ufe0f <a href=\"https:\/\/t.co\/dyDKQSrSmh\">pic.twitter.com\/dyDKQSrSmh<\/a><\/p>&mdash; Zona Rayada (@zonarayada) <a href=\"https:\/\/twitter.com\/zonarayada\/status\/1346592360923324417?ref_src=twsrc%5Etfw\">January 5, 2021<\/a><\/blockquote><script async src=\"https:\/\/platform.twitter.com\/widgets.js\" charset=\"utf-8\"><\/script>\n<\/div><\/figure>\n\n\n\n<p>&#8220;No he platicado nada, ellos me dir\u00e1n si s\u00ed o si no. Tengo mi cabeza en el juego del s\u00e1bado, siempre he estado muy feliz aqu\u00ed y si se da la oportunidad, claro que firmar\u00eda hasta con los pies&#8221;, explic\u00f3 el paraguayo a los medios de comunicaci\u00f3n.<\/p>\n\n\n\n<p>No hay duda de que Ortiz merece seguir en Rayados, es titular indiscutible y ha sido mejor que el argentino Mat\u00edas Krannevitter, quien en teor\u00eda lleg\u00f3 para sustituirlo.<\/p>\n\n\n<p><script async src=\"https:\/\/pagead2.googlesyndication.com\/pagead\/js\/adsbygoogle.js\"><\/script><br \/>\n<!-- PC 728x90 --><br \/>\n<ins class=\"adsbygoogle\"\n     style=\"display:inline-block;width:728px;height:90px\"\n     data-ad-client=\"ca-pub-9427576701762839\"\n     data-ad-slot=\"1011393878\"><\/ins><br \/>\n<script>\n     (adsbygoogle = window.adsbygoogle || []).push({});\n<\/script><\/p>\n\n\n\n<p>Los motivos para no renovarlo ser\u00eda su edad, con 32 a\u00f1os dif\u00edcilmente la dire tica de Rayados contempla lanzarle una oferta tentadora, incluso no lo han hecho desde el \u00faltimo a\u00f1o.<\/p>\n\n\n\n<p>La decisi\u00f3n est\u00e1 tomada por la directiva de Rayados, pero el t\u00e9cnico Javier Aguirre tendr\u00eda la \u00faltima palabra en caso de que Ortiz tenga un buen desempe\u00f1o en la temporada que est\u00e1 por comenzar.<\/p>\n\n\n\n<figure class=\"wp-block-embed-twitter wp-block-embed is-type-rich is-provider-twitter\"><div class=\"wp-block-embed__wrapper\">\n<blockquote class=\"twitter-tweet\" data-width=\"550\" data-dnt=\"true\"><p lang=\"es\" dir=\"ltr\">\u201cEstoy contento aqu\u00ed. Y si se da la oportunidad de renovar, firmar\u00eda hasta con los pies.\u201d<br><br>Celso Ortiz en conferencia de prensa con <a href=\"https:\/\/twitter.com\/hashtag\/Rayados?src=hash&amp;ref_src=twsrc%5Etfw\">#Rayados<\/a>. <a href=\"https:\/\/twitter.com\/hashtag\/ArribaElMonterrey?src=hash&amp;ref_src=twsrc%5Etfw\">#ArribaElMonterrey<\/a> \u24c2\ufe0f <a href=\"https:\/\/t.co\/TXTcUW8vO9\">pic.twitter.com\/TXTcUW8vO9<\/a><\/p>&mdash; Zona Rayada (@zonarayada) <a href=\"https:\/\/twitter.com\/zonarayada\/status\/1346490761735499776?ref_src=twsrc%5Etfw\">January 5, 2021<\/a><\/blockquote><script async src=\"https:\/\/platform.twitter.com\/widgets.js\" charset=\"utf-8\"><\/script>\n<\/div><\/figure>\n\n\n<p><script async src=\"https:\/\/pagead2.googlesyndication.com\/pagead\/js\/adsbygoogle.js\"><\/script><br \/>\n<!-- PC 728x90 --><br \/>\n<ins class=\"adsbygoogle\"\n     style=\"display:inline-block;width:728px;height:90px\"\n     data-ad-client=\"ca-pub-9427576701762839\"\n     data-ad-slot=\"1011393878\"><\/ins><br \/>\n<script>\n     (adsbygoogle = window.adsbygoogle || []).push({});\n<\/script><\/p>\n\n\n\n\n<p><script async src=\"https:\/\/pagead2.googlesyndication.com\/pagead\/js\/adsbygoogle.js\"><\/script><br \/>\n<!-- PC 728x90 --><br \/>\n<ins class=\"adsbygoogle\"\n     style=\"display:inline-block;width:728px;height:90px\"\n     data-ad-client=\"ca-pub-9427576701762839\"\n     data-ad-slot=\"1011393878\"><\/ins><br \/>\n<script>\n     (adsbygoogle = window.adsbygoogle || []).push({});\n<\/script><\/p>\n","protected":false},"excerpt":{"rendered":"<p>La duda de muchos aficionados es si el paraguayo Celso Ortiz debe ser renovado o no por la dirigencia de Rayados.<\/p>\n","protected":false},"author":4,"featured_media":10970,"comment_status":"open","ping_status":"open","sticky":false,"template":"","format":"standard","meta":{"_jetpack_memberships_contains_paid_content":false,"footnotes":""},"categories":[262,3,2,277],"tags":[258,286,74,6],"class_list":["post-10969","post","type-post","status-publish","format-standard","has-post-thumbnail","hentry","category-diego-de-montemayor","category-futbol","category-futbol-mexicano","category-zonarayada","tag-clausura-2021","tag-guardianes-2021","tag-liga-mx","tag-rayados"],"jetpack_featured_media_url":"https:\/\/latribunera.com\/apuntes\/wp-content\/uploads\/2021\/01\/6D8A41B5-F3CE-4098-B0E9-58DC9E3C6FA8.jpeg","jetpack-related-posts":[],"jetpack_sharing_enabled":true,"_links":{"self":[{"href":"https:\/\/latribunera.com\/apuntes\/index.php\/wp-json\/wp\/v2\/posts\/10969","targetHints":{"allow":["GET"]}}],"collection":[{"href":"https:\/\/latribunera.com\/apuntes\/index.php\/wp-json\/wp\/v2\/posts"}],"about":[{"href":"https:\/\/latribunera.com\/apuntes\/index.php\/wp-json\/wp\/v2\/types\/post"}],"author":[{"embeddable":true,"href":"https:\/\/latribunera.com\/apuntes\/index.php\/wp-json\/wp\/v2\/users\/4"}],"replies":[{"embeddable":true,"href":"https:\/\/latribunera.com\/apuntes\/index.php\/wp-json\/wp\/v2\/comments?post=10969"}],"version-history":[{"count":3,"href":"https:\/\/latribunera.com\/apuntes\/index.php\/wp-json\/wp\/v2\/posts\/10969\/revisions"}],"predecessor-version":[{"id":10975,"href":"https:\/\/latribunera.com\/apuntes\/index.php\/wp-json\/wp\/v2\/posts\/10969\/revisions\/10975"}],"wp:featuredmedia":[{"embeddable":true,"href":"https:\/\/latribunera.com\/apuntes\/index.php\/wp-json\/wp\/v2\/media\/10970"}],"wp:attachment":[{"href":"https:\/\/latribunera.com\/apuntes\/index.php\/wp-json\/wp\/v2\/media?parent=10969"}],"wp:term":[{"taxonomy":"category","embeddable":true,"href":"https:\/\/latribunera.com\/apuntes\/index.php\/wp-json\/wp\/v2\/categories?post=10969"},{"taxonomy":"post_tag","embeddable":true,"href":"https:\/\/latribunera.com\/apuntes\/index.php\/wp-json\/wp\/v2\/tags?post=10969"}],"curies":[{"name":"wp","href":"https:\/\/api.w.org\/{rel}","templated":true}]}}