{"id":11035,"date":"2021-01-07T03:00:51","date_gmt":"2021-01-07T03:00:51","guid":{"rendered":"https:\/\/latribunera.com\/apuntes\/?p=11035"},"modified":"2021-01-08T00:38:07","modified_gmt":"2021-01-08T00:38:07","slug":"tecatito-feliz","status":"publish","type":"post","link":"https:\/\/latribunera.com\/apuntes\/index.php\/2021\/01\/07\/tecatito-feliz\/","title":{"rendered":"UN &#8216;TECATITO&#8217;, FELIZ"},"content":{"rendered":"\n<p>Por\nAlejandro Mart\u00ednez \/ @alexmtz8603 <\/p>\n\n\n\n<p>Jes\u00fas, el \u2018Tecatito\u2019\nCorona pas\u00f3 un cumplea\u00f1os sensacional. <\/p>\n\n\n\n<p>Su aniversario 28 llega en uno de los mejores de momentos de su carrera, ya que, en Porto figura y cada partido demuestra que est\u00e1 para irse a un club europeo de mucho m\u00e1s renombre.<\/p>\n\n\n<p><script async src=\"https:\/\/pagead2.googlesyndication.com\/pagead\/js\/adsbygoogle.js\"><\/script><br \/>\n<!-- PC 728x90 --><br \/>\n<ins class=\"adsbygoogle\"\n     style=\"display:inline-block;width:728px;height:90px\"\n     data-ad-client=\"ca-pub-9427576701762839\"\n     data-ad-slot=\"1011393878\"><\/ins><br \/>\n<script>\n     (adsbygoogle = window.adsbygoogle || []).push({});\n<\/script><\/p>\n\n\n\n<p>\u00bfY x qu\u00e9\ndecidimos que se la pas\u00f3 de la mejor manera?<\/p>\n\n\n\n<p>Bueno, para\nmuestra todos los mensajes que recibi\u00f3 en su cuenta de Instagram: familiares,\namigos del f\u00fatbol y de otros lados, todos le escribieron mensajes de afecto.<\/p>\n\n\n\n<p>La Tribunera se une a los festejos y hace un recuento de los mensajes imperdibles que recibi\u00f3 el ex jugador de Monterrey.<\/p>\n\n\n\n<figure class=\"wp-block-image size-large is-resized\"><img loading=\"lazy\" decoding=\"async\" src=\"https:\/\/latribunera.com\/apuntes\/wp-content\/uploads\/2021\/01\/image6-594x1024.jpeg\" alt=\"\" class=\"wp-image-11040\" width=\"348\" height=\"600\" srcset=\"https:\/\/latribunera.com\/apuntes\/wp-content\/uploads\/2021\/01\/image6-594x1024.jpeg 594w, https:\/\/latribunera.com\/apuntes\/wp-content\/uploads\/2021\/01\/image6-174x300.jpeg 174w, https:\/\/latribunera.com\/apuntes\/wp-content\/uploads\/2021\/01\/image6-768x1325.jpeg 768w, https:\/\/latribunera.com\/apuntes\/wp-content\/uploads\/2021\/01\/image6.jpeg 828w\" sizes=\"auto, (max-width: 348px) 100vw, 348px\" \/><figcaption>Hubo pastel de Drag\u00f3n<\/figcaption><\/figure>\n\n\n\n<figure class=\"wp-block-image size-large is-resized\"><img loading=\"lazy\" decoding=\"async\" src=\"https:\/\/latribunera.com\/apuntes\/wp-content\/uploads\/2021\/01\/image1-595x1024.jpeg\" alt=\"\" class=\"wp-image-11036\" width=\"381\" height=\"655\" srcset=\"https:\/\/latribunera.com\/apuntes\/wp-content\/uploads\/2021\/01\/image1-595x1024.jpeg 595w, https:\/\/latribunera.com\/apuntes\/wp-content\/uploads\/2021\/01\/image1-174x300.jpeg 174w, https:\/\/latribunera.com\/apuntes\/wp-content\/uploads\/2021\/01\/image1-768x1323.jpeg 768w, https:\/\/latribunera.com\/apuntes\/wp-content\/uploads\/2021\/01\/image1.jpeg 828w\" sizes=\"auto, (max-width: 381px) 100vw, 381px\" \/><figcaption>El Tricolor no se olvid\u00f3 de uno de los suyos.<\/figcaption><\/figure>\n\n\n\n<figure class=\"wp-block-image size-large is-resized\"><img loading=\"lazy\" decoding=\"async\" src=\"https:\/\/latribunera.com\/apuntes\/wp-content\/uploads\/2021\/01\/image3-714x1024.jpeg\" alt=\"\" class=\"wp-image-11037\" width=\"377\" height=\"540\" srcset=\"https:\/\/latribunera.com\/apuntes\/wp-content\/uploads\/2021\/01\/image3-714x1024.jpeg 714w, https:\/\/latribunera.com\/apuntes\/wp-content\/uploads\/2021\/01\/image3-209x300.jpeg 209w, https:\/\/latribunera.com\/apuntes\/wp-content\/uploads\/2021\/01\/image3-768x1101.jpeg 768w, https:\/\/latribunera.com\/apuntes\/wp-content\/uploads\/2021\/01\/image3.jpeg 828w\" sizes=\"auto, (max-width: 377px) 100vw, 377px\" \/><figcaption>Diego Reyes le escribi\u00f3 a su &#8216;Hermanito&#8217;<\/figcaption><\/figure>\n\n\n\n<figure class=\"wp-block-image size-large is-resized\"><img loading=\"lazy\" decoding=\"async\" src=\"https:\/\/latribunera.com\/apuntes\/wp-content\/uploads\/2021\/01\/image0-1-594x1024.jpeg\" alt=\"\" class=\"wp-image-11038\" width=\"361\" height=\"622\" srcset=\"https:\/\/latribunera.com\/apuntes\/wp-content\/uploads\/2021\/01\/image0-1-594x1024.jpeg 594w, https:\/\/latribunera.com\/apuntes\/wp-content\/uploads\/2021\/01\/image0-1-174x300.jpeg 174w, https:\/\/latribunera.com\/apuntes\/wp-content\/uploads\/2021\/01\/image0-1-768x1325.jpeg 768w, https:\/\/latribunera.com\/apuntes\/wp-content\/uploads\/2021\/01\/image0-1.jpeg 828w\" sizes=\"auto, (max-width: 361px) 100vw, 361px\" \/><figcaption>Marco Fabian le mostr\u00f3 su cari\u00f1o de forma particular.<br><br><\/figcaption><\/figure>\n\n\n\n<figure class=\"wp-block-image size-large is-resized\"><img loading=\"lazy\" decoding=\"async\" src=\"https:\/\/latribunera.com\/apuntes\/wp-content\/uploads\/2021\/01\/image7-608x1024.jpeg\" alt=\"\" class=\"wp-image-11039\" width=\"365\" height=\"614\" srcset=\"https:\/\/latribunera.com\/apuntes\/wp-content\/uploads\/2021\/01\/image7-608x1024.jpeg 608w, https:\/\/latribunera.com\/apuntes\/wp-content\/uploads\/2021\/01\/image7-178x300.jpeg 178w, https:\/\/latribunera.com\/apuntes\/wp-content\/uploads\/2021\/01\/image7-768x1293.jpeg 768w, https:\/\/latribunera.com\/apuntes\/wp-content\/uploads\/2021\/01\/image7.jpeg 828w\" sizes=\"auto, (max-width: 365px) 100vw, 365px\" \/><figcaption>Sus compa\u00f1eros en Porto no dejaron de celebrarlo.<\/figcaption><\/figure>\n\n\n<p><script async src=\"https:\/\/pagead2.googlesyndication.com\/pagead\/js\/adsbygoogle.js\"><\/script><br \/>\n<!-- PC 728x90 --><br \/>\n<ins class=\"adsbygoogle\"\n     style=\"display:inline-block;width:728px;height:90px\"\n     data-ad-client=\"ca-pub-9427576701762839\"\n     data-ad-slot=\"1011393878\"><\/ins><br \/>\n<script>\n     (adsbygoogle = window.adsbygoogle || []).push({});\n<\/script><\/p>\n\n\n\n<figure class=\"wp-block-embed-youtube wp-block-embed is-type-video is-provider-youtube wp-embed-aspect-16-9 wp-has-aspect-ratio\"><div class=\"wp-block-embed__wrapper\">\n<iframe loading=\"lazy\" title=\"El a\u00f1o del deporte - A LO VALO | Episodio 8\" width=\"960\" height=\"540\" src=\"https:\/\/www.youtube.com\/embed\/16PRWog4TmM?feature=oembed\" frameborder=\"0\" allow=\"accelerometer; autoplay; clipboard-write; encrypted-media; gyroscope; picture-in-picture\" allowfullscreen><\/iframe>\n<\/div><\/figure>\n\n\n<p><script async src=\"https:\/\/pagead2.googlesyndication.com\/pagead\/js\/adsbygoogle.js\"><\/script><br \/>\n<!-- PC 728x90 --><br \/>\n<ins class=\"adsbygoogle\"\n     style=\"display:inline-block;width:728px;height:90px\"\n     data-ad-client=\"ca-pub-9427576701762839\"\n     data-ad-slot=\"1011393878\"><\/ins><br \/>\n<script>\n     (adsbygoogle = window.adsbygoogle || []).push({});\n<\/script><\/p>\n","protected":false},"excerpt":{"rendered":"<p>Por Alejandro Mart\u00ednez \/ @alexmtz8603 Jes\u00fas, el \u2018Tecatito\u2019 Corona pas\u00f3 un cumplea\u00f1os sensacional. Su aniversario 28 llega en uno de los mejores de momentos de su carrera, ya que, en Porto figura y cada partido demuestra que est\u00e1 para irse a un club europeo de mucho m\u00e1s renombre. \u00bfY x qu\u00e9 decidimos que se la&#8230; <\/p>\n<div class=\"clear\"><\/div>\n<p><a href=\"https:\/\/latribunera.com\/apuntes\/index.php\/2021\/01\/07\/tecatito-feliz\/\" class=\"excerpt-read-more\">Read More<i class=\"fa fa-caret-right icon-caret-right\"><\/i><\/a><\/p>\n","protected":false},"author":7,"featured_media":11045,"comment_status":"open","ping_status":"open","sticky":false,"template":"","format":"standard","meta":{"_jetpack_memberships_contains_paid_content":false,"footnotes":""},"categories":[231,3,83],"tags":[],"class_list":["post-11035","post","type-post","status-publish","format-standard","has-post-thumbnail","hentry","category-apuntes","category-futbol","category-futbol-europeo"],"jetpack_featured_media_url":"https:\/\/latribunera.com\/apuntes\/wp-content\/uploads\/2021\/01\/image4-1.jpeg","jetpack-related-posts":[{"id":45386,"url":"https:\/\/latribunera.com\/apuntes\/index.php\/2026\/03\/11\/santos-launa-impulsa-mejoras-en-la-infraestructura-de-tsm-y-estadio-corona\/","url_meta":{"origin":11035,"position":0},"title":"Santos Laguna impulsa mejoras en la infraestructura de TSM y Estadio Corona","author":"Jacob Alarcon","date":"11 marzo, 2026","format":false,"excerpt":"Club Santos Laguna lleva a cabo una serie de reformas y mejoras en la infraestructura de TerritorioSantos Modelo y del Estadio Corona, con el objetivo de impulsar la innovaci\u00f3n tecnol\u00f3gica, lasostenibilidad y la modernizaci\u00f3n de sus espacios.Con estas acciones, el club contin\u00faa fortaleciendo la experiencia de sus aficionados yactualizando sus\u2026","rel":"","context":"In &quot;Pasi\u00f3n Guerrera&quot;","block_context":{"text":"Pasi\u00f3n Guerrera","link":"https:\/\/latribunera.com\/apuntes\/index.php\/category\/tribus\/pasionguerrera\/"},"img":{"alt_text":"","src":"https:\/\/i0.wp.com\/latribunera.com\/apuntes\/wp-content\/uploads\/2026\/03\/Renovacion-TSM.jpg?resize=350%2C200&ssl=1","width":350,"height":200,"srcset":"https:\/\/i0.wp.com\/latribunera.com\/apuntes\/wp-content\/uploads\/2026\/03\/Renovacion-TSM.jpg?resize=350%2C200&ssl=1 1x, https:\/\/i0.wp.com\/latribunera.com\/apuntes\/wp-content\/uploads\/2026\/03\/Renovacion-TSM.jpg?resize=525%2C300&ssl=1 1.5x, https:\/\/i0.wp.com\/latribunera.com\/apuntes\/wp-content\/uploads\/2026\/03\/Renovacion-TSM.jpg?resize=700%2C400&ssl=1 2x, https:\/\/i0.wp.com\/latribunera.com\/apuntes\/wp-content\/uploads\/2026\/03\/Renovacion-TSM.jpg?resize=1050%2C600&ssl=1 3x, https:\/\/i0.wp.com\/latribunera.com\/apuntes\/wp-content\/uploads\/2026\/03\/Renovacion-TSM.jpg?resize=1400%2C800&ssl=1 4x"},"classes":[]},{"id":45421,"url":"https:\/\/latribunera.com\/apuntes\/index.php\/2026\/04\/16\/todo-listo-para-la-14va-edicion-de-la-copa-internacional-santos-penoles\/","url_meta":{"origin":11035,"position":1},"title":"Todo listo para la 14va edici\u00f3n de la Copa Internacional Santos Pe\u00f1oles","author":"Jacob Alarcon","date":"16 abril, 2026","format":false,"excerpt":"Este jueves, en el Auditorio Orlegi de Territorio Santos Modelo, se llev\u00f3 a cabo la presentaci\u00f3noficial de la edici\u00f3n 2026 de la Copa Internacional Santos Pe\u00f1oles, torneo que se ha consolidadocomo uno de los m\u00e1s importantes a nivel infantil y juvenil en M\u00e9xico. Adem\u00e1s de brindar una competencia deportiva de\u2026","rel":"","context":"In &quot;Sin categor\u00eda&quot;","block_context":{"text":"Sin categor\u00eda","link":"https:\/\/latribunera.com\/apuntes\/index.php\/category\/sin-categoria\/"},"img":{"alt_text":"","src":"https:\/\/i0.wp.com\/latribunera.com\/apuntes\/wp-content\/uploads\/2026\/04\/Presentacion-Copa-Santos-Penoles.jpg?resize=350%2C200&ssl=1","width":350,"height":200,"srcset":"https:\/\/i0.wp.com\/latribunera.com\/apuntes\/wp-content\/uploads\/2026\/04\/Presentacion-Copa-Santos-Penoles.jpg?resize=350%2C200&ssl=1 1x, https:\/\/i0.wp.com\/latribunera.com\/apuntes\/wp-content\/uploads\/2026\/04\/Presentacion-Copa-Santos-Penoles.jpg?resize=525%2C300&ssl=1 1.5x, https:\/\/i0.wp.com\/latribunera.com\/apuntes\/wp-content\/uploads\/2026\/04\/Presentacion-Copa-Santos-Penoles.jpg?resize=700%2C400&ssl=1 2x, https:\/\/i0.wp.com\/latribunera.com\/apuntes\/wp-content\/uploads\/2026\/04\/Presentacion-Copa-Santos-Penoles.jpg?resize=1050%2C600&ssl=1 3x, https:\/\/i0.wp.com\/latribunera.com\/apuntes\/wp-content\/uploads\/2026\/04\/Presentacion-Copa-Santos-Penoles.jpg?resize=1400%2C800&ssl=1 4x"},"classes":[]}],"jetpack_sharing_enabled":true,"_links":{"self":[{"href":"https:\/\/latribunera.com\/apuntes\/index.php\/wp-json\/wp\/v2\/posts\/11035","targetHints":{"allow":["GET"]}}],"collection":[{"href":"https:\/\/latribunera.com\/apuntes\/index.php\/wp-json\/wp\/v2\/posts"}],"about":[{"href":"https:\/\/latribunera.com\/apuntes\/index.php\/wp-json\/wp\/v2\/types\/post"}],"author":[{"embeddable":true,"href":"https:\/\/latribunera.com\/apuntes\/index.php\/wp-json\/wp\/v2\/users\/7"}],"replies":[{"embeddable":true,"href":"https:\/\/latribunera.com\/apuntes\/index.php\/wp-json\/wp\/v2\/comments?post=11035"}],"version-history":[{"count":5,"href":"https:\/\/latribunera.com\/apuntes\/index.php\/wp-json\/wp\/v2\/posts\/11035\/revisions"}],"predecessor-version":[{"id":11079,"href":"https:\/\/latribunera.com\/apuntes\/index.php\/wp-json\/wp\/v2\/posts\/11035\/revisions\/11079"}],"wp:featuredmedia":[{"embeddable":true,"href":"https:\/\/latribunera.com\/apuntes\/index.php\/wp-json\/wp\/v2\/media\/11045"}],"wp:attachment":[{"href":"https:\/\/latribunera.com\/apuntes\/index.php\/wp-json\/wp\/v2\/media?parent=11035"}],"wp:term":[{"taxonomy":"category","embeddable":true,"href":"https:\/\/latribunera.com\/apuntes\/index.php\/wp-json\/wp\/v2\/categories?post=11035"},{"taxonomy":"post_tag","embeddable":true,"href":"https:\/\/latribunera.com\/apuntes\/index.php\/wp-json\/wp\/v2\/tags?post=11035"}],"curies":[{"name":"wp","href":"https:\/\/api.w.org\/{rel}","templated":true}]}}