{"id":11191,"date":"2021-01-08T23:53:44","date_gmt":"2021-01-08T23:53:44","guid":{"rendered":"https:\/\/latribunera.com\/apuntes\/?p=11191"},"modified":"2021-01-09T03:58:17","modified_gmt":"2021-01-09T03:58:17","slug":"necaxa-la-alegria-de-volver-a-verte","status":"publish","type":"post","link":"https:\/\/latribunera.com\/apuntes\/index.php\/2021\/01\/08\/necaxa-la-alegria-de-volver-a-verte\/","title":{"rendered":"Necaxa, la alegr\u00eda de volver a verte."},"content":{"rendered":"\n<p><strong>Por Blanca Mendoza \/ @BlanchLady<\/strong><\/p>\n\n\n\n<p>\u00a1Ya los extra\u00f1aba! Antes que\nnada, \u00a1Feliz a\u00f1o! Mucha salud y prosperidad para todos.<\/p>\n\n\n\n<p>Por fin hoy termina el\nreceso futbolero y Necaxa vuelve a la cancha, hoy da inicio la LigaMx y los\nRayos visitan el Kraken para enfrentar al Mazatl\u00e1n.<\/p>\n\n\n\n<p>Una pretemporada pobre, a mi gusto, me deja con mucha incertidumbre y con refuerzos tard\u00edos como ya es costumbre. Fueron 5 bajas, de las cuales la de Claudio Baeza es la que pega m\u00e1s, 5 altas hasta el momento; Enrique Hern\u00e1ndez, Jorge Aguilar, Daniel L\u00f3pez, Francisco Acu\u00f1a y Diego Abella, existe una m\u00e1s que a\u00fan no da a conocer el Club, ser\u00eda un delantero que ya esta amarrado para el equipo, la pr\u00f3xima semana lo dan a conocer. Y sumemos el regreso de Bryan Carvallo que finaliza su pr\u00e9stamo.<\/p>\n\n\n<p><script async src=\"https:\/\/pagead2.googlesyndication.com\/pagead\/js\/adsbygoogle.js\"><\/script><br \/>\n<!-- PC 728x90 --><br \/>\n<ins class=\"adsbygoogle\"\n     style=\"display:inline-block;width:728px;height:90px\"\n     data-ad-client=\"ca-pub-9427576701762839\"\n     data-ad-slot=\"1011393878\"><\/ins><br \/>\n<script>\n     (adsbygoogle = window.adsbygoogle || []).push({});\n<\/script><\/p>\n\n\n\n<p>De estos refuerzos pongo mis\nesperanzas en el goleador Daniel L\u00f3pez, la joya que el Azul dejo ir. Necaxa\nurgido de un delantero con gol, ya que el torneo pasado, como sufrimos con la\nfalta de anotaciones de los delanteros, considero que Daniel le dar\u00e1 la vuelta\na esta estad\u00edstica y ser\u00e1 un dolor de cabeza para los defensas de la LigaMx.<\/p>\n\n\n\n<p>El \u201cProfe\u201d este torneo a mi\nparecer, les apuesta a los j\u00f3venes, redujo la edad en la plantilla confiando en\nque le dar\u00e1n una nueva din\u00e1mica al equipo, principalmente a la ofensiva.<\/p>\n\n\n\n<p>Hoy se juega vs Mazatl\u00e1n, no hay mucho que decir estad\u00edsticamente, solo se han enfrentado una vez la cual Necaxa se qued\u00f3 con los 3 puntos en casa el torneo pasado. <\/p>\n\n\n<p><script async src=\"https:\/\/pagead2.googlesyndication.com\/pagead\/js\/adsbygoogle.js\"><\/script><br \/>\n<!-- PC 728x90 --><br \/>\n<ins class=\"adsbygoogle\"\n     style=\"display:inline-block;width:728px;height:90px\"\n     data-ad-client=\"ca-pub-9427576701762839\"\n     data-ad-slot=\"1011393878\"><\/ins><br \/>\n<script>\n     (adsbygoogle = window.adsbygoogle || []).push({});\n<\/script><\/p>\n\n\n\n<p>Espero que el \u201cProfe\u201d no\ndemerite al Mazatl\u00e1n como lo hizo en el Repechaje con las Chivas y as\u00ed, los\nRayos se vayan a casa con un triunfo.<\/p>\n\n\n\n<p>Esperemos que no sea un torneo largo para Necaxa, confiemos en el trabajo del \u201cProfe\u201d Cruz, como lo hicimos al final de la temporada pasada, confiemos en los j\u00f3venes, confiemos en las sorpresas que siempre nos da el equipo y como siempre\u2026.&nbsp; \u00a1Fuerza Rayos!<\/p>\n\n\n\n<figure class=\"wp-block-embed-twitter wp-block-embed is-type-rich is-provider-twitter\"><div class=\"wp-block-embed__wrapper\">\n<blockquote class=\"twitter-tweet\" data-width=\"550\" data-dnt=\"true\"><p lang=\"es\" dir=\"ltr\">Hoy juega <a href=\"https:\/\/twitter.com\/ClubNecaxa?ref_src=twsrc%5Etfw\">@ClubNecaxa<\/a> <a href=\"https:\/\/twitter.com\/hashtag\/FuerzaRayos?src=hash&amp;ref_src=twsrc%5Etfw\">#FuerzaRayos<\/a> \u26a1\ud83d\udcaa<a href=\"https:\/\/twitter.com\/hashtag\/Necaxa?src=hash&amp;ref_src=twsrc%5Etfw\">#Necaxa<\/a> <a href=\"https:\/\/t.co\/MVmMM2MWzn\">pic.twitter.com\/MVmMM2MWzn<\/a><\/p>&mdash; YOROSTRO (@yorostro) <a href=\"https:\/\/twitter.com\/yorostro\/status\/1347617848651251712?ref_src=twsrc%5Etfw\">January 8, 2021<\/a><\/blockquote><script async src=\"https:\/\/platform.twitter.com\/widgets.js\" charset=\"utf-8\"><\/script>\n<\/div><\/figure>\n\n\n\n<figure class=\"wp-block-embed-twitter wp-block-embed is-type-rich is-provider-twitter\"><div class=\"wp-block-embed__wrapper\">\n<blockquote class=\"twitter-tweet\" data-width=\"550\" data-dnt=\"true\"><p lang=\"es\" dir=\"ltr\">Previo al viaje a Mazatl\u00e1n para el debut en el <a href=\"https:\/\/twitter.com\/hashtag\/Guard1anes2021?src=hash&amp;ref_src=twsrc%5Etfw\">#Guard1anes2021<\/a>, Jorge Aguilar atendi\u00f3 a medios de comunicaci\u00f3n.<br><br>\u00a1Escucha sus declaraciones! \ud83d\udc47<a href=\"https:\/\/twitter.com\/hashtag\/FuerzaRayos?src=hash&amp;ref_src=twsrc%5Etfw\">#FuerzaRayos<\/a> \u26a1\ufe0f<a href=\"https:\/\/twitter.com\/hashtag\/D%C3%ADaDeMedios?src=hash&amp;ref_src=twsrc%5Etfw\">#D\u00edaDeMedios<\/a> \ud83c\udf99 <a href=\"https:\/\/t.co\/HqUSMGWlaB\">pic.twitter.com\/HqUSMGWlaB<\/a><\/p>&mdash; \u26a1\ufe0fClub Necaxa\u26a1\ufe0f (@ClubNecaxa) <a href=\"https:\/\/twitter.com\/ClubNecaxa\/status\/1347688486841835522?ref_src=twsrc%5Etfw\">January 8, 2021<\/a><\/blockquote><script async src=\"https:\/\/platform.twitter.com\/widgets.js\" charset=\"utf-8\"><\/script>\n<\/div><\/figure>\n\n\n<p><script async src=\"https:\/\/pagead2.googlesyndication.com\/pagead\/js\/adsbygoogle.js\"><\/script><br \/>\n<!-- PC 728x90 --><br \/>\n<ins class=\"adsbygoogle\"\n     style=\"display:inline-block;width:728px;height:90px\"\n     data-ad-client=\"ca-pub-9427576701762839\"\n     data-ad-slot=\"1011393878\"><\/ins><br \/>\n<script>\n     (adsbygoogle = window.adsbygoogle || []).push({});\n<\/script><\/p>\n","protected":false},"excerpt":{"rendered":"<p>Por Blanca Mendoza \/ @BlanchLady \u00a1Ya los extra\u00f1aba! Antes que nada, \u00a1Feliz a\u00f1o! Mucha salud y prosperidad para todos. Por fin hoy termina el receso futbolero y Necaxa vuelve a la cancha, hoy da inicio la LigaMx y los Rayos visitan el Kraken para enfrentar al Mazatl\u00e1n. Una pretemporada pobre, a mi gusto, me deja&#8230; <\/p>\n<div class=\"clear\"><\/div>\n<p><a href=\"https:\/\/latribunera.com\/apuntes\/index.php\/2021\/01\/08\/necaxa-la-alegria-de-volver-a-verte\/\" class=\"excerpt-read-more\">Read More<i class=\"fa fa-caret-right icon-caret-right\"><\/i><\/a><\/p>\n","protected":false},"author":8,"featured_media":11193,"comment_status":"open","ping_status":"open","sticky":false,"template":"","format":"standard","meta":{"_jetpack_memberships_contains_paid_content":false,"footnotes":""},"categories":[231,2],"tags":[],"class_list":["post-11191","post","type-post","status-publish","format-standard","has-post-thumbnail","hentry","category-apuntes","category-futbol-mexicano"],"jetpack_featured_media_url":"https:\/\/latribunera.com\/apuntes\/wp-content\/uploads\/2021\/01\/1500x500.jpg","jetpack-related-posts":[{"id":45421,"url":"https:\/\/latribunera.com\/apuntes\/index.php\/2026\/04\/16\/todo-listo-para-la-14va-edicion-de-la-copa-internacional-santos-penoles\/","url_meta":{"origin":11191,"position":0},"title":"Todo listo para la 14va edici\u00f3n de la Copa Internacional Santos Pe\u00f1oles","author":"Jacob Alarcon","date":"16 abril, 2026","format":false,"excerpt":"Este jueves, en el Auditorio Orlegi de Territorio Santos Modelo, se llev\u00f3 a cabo la presentaci\u00f3noficial de la edici\u00f3n 2026 de la Copa Internacional Santos Pe\u00f1oles, torneo que se ha consolidadocomo uno de los m\u00e1s importantes a nivel infantil y juvenil en M\u00e9xico. Adem\u00e1s de brindar una competencia deportiva de\u2026","rel":"","context":"In &quot;Sin categor\u00eda&quot;","block_context":{"text":"Sin categor\u00eda","link":"https:\/\/latribunera.com\/apuntes\/index.php\/category\/sin-categoria\/"},"img":{"alt_text":"","src":"https:\/\/i0.wp.com\/latribunera.com\/apuntes\/wp-content\/uploads\/2026\/04\/Presentacion-Copa-Santos-Penoles.jpg?resize=350%2C200&ssl=1","width":350,"height":200,"srcset":"https:\/\/i0.wp.com\/latribunera.com\/apuntes\/wp-content\/uploads\/2026\/04\/Presentacion-Copa-Santos-Penoles.jpg?resize=350%2C200&ssl=1 1x, https:\/\/i0.wp.com\/latribunera.com\/apuntes\/wp-content\/uploads\/2026\/04\/Presentacion-Copa-Santos-Penoles.jpg?resize=525%2C300&ssl=1 1.5x, https:\/\/i0.wp.com\/latribunera.com\/apuntes\/wp-content\/uploads\/2026\/04\/Presentacion-Copa-Santos-Penoles.jpg?resize=700%2C400&ssl=1 2x, https:\/\/i0.wp.com\/latribunera.com\/apuntes\/wp-content\/uploads\/2026\/04\/Presentacion-Copa-Santos-Penoles.jpg?resize=1050%2C600&ssl=1 3x, https:\/\/i0.wp.com\/latribunera.com\/apuntes\/wp-content\/uploads\/2026\/04\/Presentacion-Copa-Santos-Penoles.jpg?resize=1400%2C800&ssl=1 4x"},"classes":[]},{"id":45386,"url":"https:\/\/latribunera.com\/apuntes\/index.php\/2026\/03\/11\/santos-launa-impulsa-mejoras-en-la-infraestructura-de-tsm-y-estadio-corona\/","url_meta":{"origin":11191,"position":1},"title":"Santos Laguna impulsa mejoras en la infraestructura de TSM y Estadio Corona","author":"Jacob Alarcon","date":"11 marzo, 2026","format":false,"excerpt":"Club Santos Laguna lleva a cabo una serie de reformas y mejoras en la infraestructura de TerritorioSantos Modelo y del Estadio Corona, con el objetivo de impulsar la innovaci\u00f3n tecnol\u00f3gica, lasostenibilidad y la modernizaci\u00f3n de sus espacios.Con estas acciones, el club contin\u00faa fortaleciendo la experiencia de sus aficionados yactualizando sus\u2026","rel":"","context":"In &quot;Pasi\u00f3n Guerrera&quot;","block_context":{"text":"Pasi\u00f3n Guerrera","link":"https:\/\/latribunera.com\/apuntes\/index.php\/category\/tribus\/pasionguerrera\/"},"img":{"alt_text":"","src":"https:\/\/i0.wp.com\/latribunera.com\/apuntes\/wp-content\/uploads\/2026\/03\/Renovacion-TSM.jpg?resize=350%2C200&ssl=1","width":350,"height":200,"srcset":"https:\/\/i0.wp.com\/latribunera.com\/apuntes\/wp-content\/uploads\/2026\/03\/Renovacion-TSM.jpg?resize=350%2C200&ssl=1 1x, https:\/\/i0.wp.com\/latribunera.com\/apuntes\/wp-content\/uploads\/2026\/03\/Renovacion-TSM.jpg?resize=525%2C300&ssl=1 1.5x, https:\/\/i0.wp.com\/latribunera.com\/apuntes\/wp-content\/uploads\/2026\/03\/Renovacion-TSM.jpg?resize=700%2C400&ssl=1 2x, https:\/\/i0.wp.com\/latribunera.com\/apuntes\/wp-content\/uploads\/2026\/03\/Renovacion-TSM.jpg?resize=1050%2C600&ssl=1 3x, https:\/\/i0.wp.com\/latribunera.com\/apuntes\/wp-content\/uploads\/2026\/03\/Renovacion-TSM.jpg?resize=1400%2C800&ssl=1 4x"},"classes":[]},{"id":45392,"url":"https:\/\/latribunera.com\/apuntes\/index.php\/2026\/04\/09\/se-presento-la-13va-edicion-del-guerreton\/","url_meta":{"origin":11191,"position":2},"title":"Se presento la 13va edici\u00f3n del Guerret\u00f3n.","author":"Staff","date":"9 abril, 2026","format":false,"excerpt":"A lo largo de sus primeras 12 ediciones, Guerret\u00f3n ha logrado recolectar m\u00e1s de 121,500juguetes, peluches y balones, beneficiando a diversas asociaciones e instituciones de laregi\u00f3n lagunera, entre ellas CRIT Durango, los sistemas DIF de distintos municipios, as\u00edcomo organizaciones educativas y asistenciales. A la fecha, se han instalado cuatro ludotecas\u2026","rel":"","context":"In &quot;Ganar Sirviendo&quot;","block_context":{"text":"Ganar Sirviendo","link":"https:\/\/latribunera.com\/apuntes\/index.php\/category\/futbol\/futbol-mexicano\/ganar-sirviendo\/"},"img":{"alt_text":"","src":"https:\/\/i0.wp.com\/latribunera.com\/apuntes\/wp-content\/uploads\/2026\/04\/9Guerreton-2026-2.jpg.jpeg?resize=350%2C200&ssl=1","width":350,"height":200,"srcset":"https:\/\/i0.wp.com\/latribunera.com\/apuntes\/wp-content\/uploads\/2026\/04\/9Guerreton-2026-2.jpg.jpeg?resize=350%2C200&ssl=1 1x, https:\/\/i0.wp.com\/latribunera.com\/apuntes\/wp-content\/uploads\/2026\/04\/9Guerreton-2026-2.jpg.jpeg?resize=525%2C300&ssl=1 1.5x, https:\/\/i0.wp.com\/latribunera.com\/apuntes\/wp-content\/uploads\/2026\/04\/9Guerreton-2026-2.jpg.jpeg?resize=700%2C400&ssl=1 2x, https:\/\/i0.wp.com\/latribunera.com\/apuntes\/wp-content\/uploads\/2026\/04\/9Guerreton-2026-2.jpg.jpeg?resize=1050%2C600&ssl=1 3x, https:\/\/i0.wp.com\/latribunera.com\/apuntes\/wp-content\/uploads\/2026\/04\/9Guerreton-2026-2.jpg.jpeg?resize=1400%2C800&ssl=1 4x"},"classes":[]}],"jetpack_sharing_enabled":true,"_links":{"self":[{"href":"https:\/\/latribunera.com\/apuntes\/index.php\/wp-json\/wp\/v2\/posts\/11191","targetHints":{"allow":["GET"]}}],"collection":[{"href":"https:\/\/latribunera.com\/apuntes\/index.php\/wp-json\/wp\/v2\/posts"}],"about":[{"href":"https:\/\/latribunera.com\/apuntes\/index.php\/wp-json\/wp\/v2\/types\/post"}],"author":[{"embeddable":true,"href":"https:\/\/latribunera.com\/apuntes\/index.php\/wp-json\/wp\/v2\/users\/8"}],"replies":[{"embeddable":true,"href":"https:\/\/latribunera.com\/apuntes\/index.php\/wp-json\/wp\/v2\/comments?post=11191"}],"version-history":[{"count":4,"href":"https:\/\/latribunera.com\/apuntes\/index.php\/wp-json\/wp\/v2\/posts\/11191\/revisions"}],"predecessor-version":[{"id":11206,"href":"https:\/\/latribunera.com\/apuntes\/index.php\/wp-json\/wp\/v2\/posts\/11191\/revisions\/11206"}],"wp:featuredmedia":[{"embeddable":true,"href":"https:\/\/latribunera.com\/apuntes\/index.php\/wp-json\/wp\/v2\/media\/11193"}],"wp:attachment":[{"href":"https:\/\/latribunera.com\/apuntes\/index.php\/wp-json\/wp\/v2\/media?parent=11191"}],"wp:term":[{"taxonomy":"category","embeddable":true,"href":"https:\/\/latribunera.com\/apuntes\/index.php\/wp-json\/wp\/v2\/categories?post=11191"},{"taxonomy":"post_tag","embeddable":true,"href":"https:\/\/latribunera.com\/apuntes\/index.php\/wp-json\/wp\/v2\/tags?post=11191"}],"curies":[{"name":"wp","href":"https:\/\/api.w.org\/{rel}","templated":true}]}}