{"id":11229,"date":"2021-01-10T03:34:06","date_gmt":"2021-01-10T03:34:06","guid":{"rendered":"https:\/\/latribunera.com\/apuntes\/?p=11229"},"modified":"2021-01-10T04:20:44","modified_gmt":"2021-01-10T04:20:44","slug":"sin-invasion-a-qatar","status":"publish","type":"post","link":"https:\/\/latribunera.com\/apuntes\/index.php\/2021\/01\/10\/sin-invasion-a-qatar\/","title":{"rendered":"SIN INVASI\u00d3N A QATAR"},"content":{"rendered":"\n<p><strong>POR: DIEGO DE MONTEMAYOR<\/strong><\/p>\n\n\n\n<p>Tigres arranc\u00f3 con una victoria \u00e9l Guardianes 2020 tras vencer a Le\u00f3n 2-0 en el Universitario, pero en la previa se dio una mala noticia.<\/p>\n\n\n<p><script async src=\"https:\/\/pagead2.googlesyndication.com\/pagead\/js\/adsbygoogle.js\"><\/script><br \/>\n<!-- PC 728x90 --><br \/>\n<ins class=\"adsbygoogle\"\n     style=\"display:inline-block;width:728px;height:90px\"\n     data-ad-client=\"ca-pub-9427576701762839\"\n     data-ad-slot=\"1011393878\"><\/ins><br \/>\n<script>\n     (adsbygoogle = window.adsbygoogle || []).push({});\n<\/script><\/p>\n\n\n\n<p>Se confirm\u00f3 que para el Mundial de Clubes en Qatar no podr\u00e1 haber aficionado de Tigres que hagan el viaje para apoyar al equipo en su primera traves\u00eda fuera del continente.<\/p>\n\n\n\n<figure class=\"wp-block-embed-twitter wp-block-embed is-type-rich is-provider-twitter\"><div class=\"wp-block-embed__wrapper\">\n<blockquote class=\"twitter-tweet\" data-width=\"550\" data-dnt=\"true\"><p lang=\"es\" dir=\"ltr\">\u00a1El <a href=\"https:\/\/twitter.com\/hashtag\/BayernM%C3%BCnich?src=hash&amp;ref_src=twsrc%5Etfw\">#BayernM\u00fcnich<\/a> no es invencible \ud83d\ude0e!<br><br>V\u00eda  | <a href=\"https:\/\/twitter.com\/latribunera?ref_src=twsrc%5Etfw\">@latribunera<\/a> <br><br>\ud83d\udc49\ud83c\udffb <a href=\"https:\/\/t.co\/gLn4gg9NES\">https:\/\/t.co\/gLn4gg9NES<\/a><a href=\"https:\/\/twitter.com\/hashtag\/DuroTigres?src=hash&amp;ref_src=twsrc%5Etfw\">#DuroTigres<\/a> \ud83d\udc4a\ud83c\udffb\ud83d\udc2f <a href=\"https:\/\/t.co\/f8oX1Yhtj1\">pic.twitter.com\/f8oX1Yhtj1<\/a><\/p>&mdash; Solo Tigres (@solotigres) <a href=\"https:\/\/twitter.com\/solotigres\/status\/1347739975975104512?ref_src=twsrc%5Etfw\">January 9, 2021<\/a><\/blockquote><script async src=\"https:\/\/platform.twitter.com\/widgets.js\" charset=\"utf-8\"><\/script>\n<\/div><\/figure>\n\n\n\n<p>&#8220;Qatar\u00a0quiere que los aficionados viajen, pero debido a esta pandemia los aficionados no pueden viajar por el tema del Covid-19. Tenemos reglas muy\u00a0estrictas para los aficionados con una cuarentena\u201d, dijo el embajador de Qatar en M\u00e9xico, Mohamed Alkuwari, en su visita al Estadio Universitario, casa del campe\u00f3n de Concacaf.<\/p>\n\n\n<p><script async src=\"https:\/\/pagead2.googlesyndication.com\/pagead\/js\/adsbygoogle.js\"><\/script><br \/>\n<!-- PC 728x90 --><br \/>\n<ins class=\"adsbygoogle\"\n     style=\"display:inline-block;width:728px;height:90px\"\n     data-ad-client=\"ca-pub-9427576701762839\"\n     data-ad-slot=\"1011393878\"><\/ins><br \/>\n<script>\n     (adsbygoogle = window.adsbygoogle || []).push({});\n<\/script><\/p>\n\n\n\n<p>Para los partidos si habr\u00e1 apertura a un 30 por ciento de la capacidad de los estadios y un 50 para la final, pero solo podr\u00e1n ingresar nativos de Qatar a ra\u00edz de la Covid-19.<\/p>\n\n\n\n<figure class=\"wp-block-embed-twitter wp-block-embed is-type-rich is-provider-twitter\"><div class=\"wp-block-embed__wrapper\">\n<blockquote class=\"twitter-tweet\" data-width=\"550\" data-dnt=\"true\"><p lang=\"es\" dir=\"ltr\">Aqu\u00ed <a href=\"https:\/\/twitter.com\/hashtag\/LosQueSaben?src=hash&amp;ref_src=twsrc%5Etfw\">#LosQueSaben<\/a> \ud83d\ude0e<br><br>A partir del 11 de Enero <a href=\"https:\/\/twitter.com\/MasLocosTV?ref_src=twsrc%5Etfw\">@MasLocosTV<\/a> EN VIVO a las 9 PM <br><br>\ud83d\udccd <a href=\"https:\/\/twitter.com\/abcdeportesmx?ref_src=twsrc%5Etfw\">@abcdeportesmx<\/a> <br>\ud83d\udcfb 660 AM \/ 92.1 FM <br>\ud83d\udda5 Facebook Live &#8211; <a href=\"https:\/\/twitter.com\/solotigres?ref_src=twsrc%5Etfw\">@solotigres<\/a> y <a href=\"https:\/\/twitter.com\/ABCNoticiasMX?ref_src=twsrc%5Etfw\">@ABCNoticiasMX<\/a> <a href=\"https:\/\/twitter.com\/hashtag\/DuroTigres?src=hash&amp;ref_src=twsrc%5Etfw\">#DuroTigres<\/a> \ud83d\udc4a\ud83c\udffb\ud83d\udc2f <a href=\"https:\/\/t.co\/a2tYk5o3S2\">pic.twitter.com\/a2tYk5o3S2<\/a><\/p>&mdash; Solo Tigres (@solotigres) <a href=\"https:\/\/twitter.com\/solotigres\/status\/1346675376286818304?ref_src=twsrc%5Etfw\">January 6, 2021<\/a><\/blockquote><script async src=\"https:\/\/platform.twitter.com\/widgets.js\" charset=\"utf-8\"><\/script>\n<\/div><\/figure>\n\n\n<p><script async src=\"https:\/\/pagead2.googlesyndication.com\/pagead\/js\/adsbygoogle.js\"><\/script><br \/>\n<!-- PC 728x90 --><br \/>\n<ins class=\"adsbygoogle\"\n     style=\"display:inline-block;width:728px;height:90px\"\n     data-ad-client=\"ca-pub-9427576701762839\"\n     data-ad-slot=\"1011393878\"><\/ins><br \/>\n<script>\n     (adsbygoogle = window.adsbygoogle || []).push({});\n<\/script><\/p>\n\n\n\n\n<p><script async src=\"https:\/\/pagead2.googlesyndication.com\/pagead\/js\/adsbygoogle.js\"><\/script><br \/>\n<!-- PC 728x90 --><br \/>\n<ins class=\"adsbygoogle\"\n     style=\"display:inline-block;width:728px;height:90px\"\n     data-ad-client=\"ca-pub-9427576701762839\"\n     data-ad-slot=\"1011393878\"><\/ins><br \/>\n<script>\n     (adsbygoogle = window.adsbygoogle || []).push({});\n<\/script><\/p>\n","protected":false},"excerpt":{"rendered":"<p>Se confirm\u00f3 que para el Mundial de Clubes en Qatar no podr\u00e1 haber aficionado de Tigres que hagan el viaje.<\/p>\n","protected":false},"author":4,"featured_media":11230,"comment_status":"open","ping_status":"open","sticky":false,"template":"","format":"standard","meta":{"_jetpack_memberships_contains_paid_content":false,"footnotes":""},"categories":[262,3,2,278],"tags":[258,286,74,255,102],"class_list":["post-11229","post","type-post","status-publish","format-standard","has-post-thumbnail","hentry","category-diego-de-montemayor","category-futbol","category-futbol-mexicano","category-solotigres","tag-clausura-2021","tag-guardianes-2021","tag-liga-mx","tag-mundial-de-clubes","tag-tigres"],"jetpack_featured_media_url":"https:\/\/latribunera.com\/apuntes\/wp-content\/uploads\/2021\/01\/660A62C6-3CC3-488C-8B07-BE56CB1EB357.jpeg","jetpack-related-posts":[{"id":45386,"url":"https:\/\/latribunera.com\/apuntes\/index.php\/2026\/03\/11\/santos-launa-impulsa-mejoras-en-la-infraestructura-de-tsm-y-estadio-corona\/","url_meta":{"origin":11229,"position":0},"title":"Santos Laguna impulsa mejoras en la infraestructura de TSM y Estadio Corona","author":"Jacob Alarcon","date":"11 marzo, 2026","format":false,"excerpt":"Club Santos Laguna lleva a cabo una serie de reformas y mejoras en la infraestructura de TerritorioSantos Modelo y del Estadio Corona, con el objetivo de impulsar la innovaci\u00f3n tecnol\u00f3gica, lasostenibilidad y la modernizaci\u00f3n de sus espacios.Con estas acciones, el club contin\u00faa fortaleciendo la experiencia de sus aficionados yactualizando sus\u2026","rel":"","context":"In &quot;Pasi\u00f3n Guerrera&quot;","block_context":{"text":"Pasi\u00f3n Guerrera","link":"https:\/\/latribunera.com\/apuntes\/index.php\/category\/tribus\/pasionguerrera\/"},"img":{"alt_text":"","src":"https:\/\/i0.wp.com\/latribunera.com\/apuntes\/wp-content\/uploads\/2026\/03\/Renovacion-TSM.jpg?resize=350%2C200&ssl=1","width":350,"height":200,"srcset":"https:\/\/i0.wp.com\/latribunera.com\/apuntes\/wp-content\/uploads\/2026\/03\/Renovacion-TSM.jpg?resize=350%2C200&ssl=1 1x, https:\/\/i0.wp.com\/latribunera.com\/apuntes\/wp-content\/uploads\/2026\/03\/Renovacion-TSM.jpg?resize=525%2C300&ssl=1 1.5x, https:\/\/i0.wp.com\/latribunera.com\/apuntes\/wp-content\/uploads\/2026\/03\/Renovacion-TSM.jpg?resize=700%2C400&ssl=1 2x, https:\/\/i0.wp.com\/latribunera.com\/apuntes\/wp-content\/uploads\/2026\/03\/Renovacion-TSM.jpg?resize=1050%2C600&ssl=1 3x, https:\/\/i0.wp.com\/latribunera.com\/apuntes\/wp-content\/uploads\/2026\/03\/Renovacion-TSM.jpg?resize=1400%2C800&ssl=1 4x"},"classes":[]}],"jetpack_sharing_enabled":true,"_links":{"self":[{"href":"https:\/\/latribunera.com\/apuntes\/index.php\/wp-json\/wp\/v2\/posts\/11229","targetHints":{"allow":["GET"]}}],"collection":[{"href":"https:\/\/latribunera.com\/apuntes\/index.php\/wp-json\/wp\/v2\/posts"}],"about":[{"href":"https:\/\/latribunera.com\/apuntes\/index.php\/wp-json\/wp\/v2\/types\/post"}],"author":[{"embeddable":true,"href":"https:\/\/latribunera.com\/apuntes\/index.php\/wp-json\/wp\/v2\/users\/4"}],"replies":[{"embeddable":true,"href":"https:\/\/latribunera.com\/apuntes\/index.php\/wp-json\/wp\/v2\/comments?post=11229"}],"version-history":[{"count":3,"href":"https:\/\/latribunera.com\/apuntes\/index.php\/wp-json\/wp\/v2\/posts\/11229\/revisions"}],"predecessor-version":[{"id":11247,"href":"https:\/\/latribunera.com\/apuntes\/index.php\/wp-json\/wp\/v2\/posts\/11229\/revisions\/11247"}],"wp:featuredmedia":[{"embeddable":true,"href":"https:\/\/latribunera.com\/apuntes\/index.php\/wp-json\/wp\/v2\/media\/11230"}],"wp:attachment":[{"href":"https:\/\/latribunera.com\/apuntes\/index.php\/wp-json\/wp\/v2\/media?parent=11229"}],"wp:term":[{"taxonomy":"category","embeddable":true,"href":"https:\/\/latribunera.com\/apuntes\/index.php\/wp-json\/wp\/v2\/categories?post=11229"},{"taxonomy":"post_tag","embeddable":true,"href":"https:\/\/latribunera.com\/apuntes\/index.php\/wp-json\/wp\/v2\/tags?post=11229"}],"curies":[{"name":"wp","href":"https:\/\/api.w.org\/{rel}","templated":true}]}}