{"id":11234,"date":"2021-01-10T03:37:30","date_gmt":"2021-01-10T03:37:30","guid":{"rendered":"https:\/\/latribunera.com\/apuntes\/?p=11234"},"modified":"2021-01-10T04:21:51","modified_gmt":"2021-01-10T04:21:51","slug":"tigres-mantiene-estrellas-en-jersey","status":"publish","type":"post","link":"https:\/\/latribunera.com\/apuntes\/index.php\/2021\/01\/10\/tigres-mantiene-estrellas-en-jersey\/","title":{"rendered":"TIGRES MANTIENE ESTRELLAS EN JERSEY"},"content":{"rendered":"\n<p><strong>POR: DIEGO DE MONTEMAYOR<\/strong><\/p>\n\n\n\n<p>El jersey de Tigres no tuvo modificaci\u00f3n alguna para arrancar \u00e9l Guardianes 2021 de la Liga MX tras ganar la Liga de Campeones de Concacaf.<\/p>\n\n\n<p><script async src=\"https:\/\/pagead2.googlesyndication.com\/pagead\/js\/adsbygoogle.js\"><\/script><br \/>\n<!-- PC 728x90 --><br \/>\n<ins class=\"adsbygoogle\"\n     style=\"display:inline-block;width:728px;height:90px\"\n     data-ad-client=\"ca-pub-9427576701762839\"\n     data-ad-slot=\"1011393878\"><\/ins><br \/>\n<script>\n     (adsbygoogle = window.adsbygoogle || []).push({});\n<\/script><\/p>\n\n\n\n<p>Rumores fueron muchos, pero al final fue el mismo jersey con el que jugaron el segundo semestre del 2020: mostrando las estrellas de los siete t\u00edtulos de Liga MX.<\/p>\n\n\n\n<figure class=\"wp-block-embed-twitter wp-block-embed is-type-rich is-provider-twitter\"><div class=\"wp-block-embed__wrapper\">\n<blockquote class=\"twitter-tweet\" data-width=\"550\" data-dnt=\"true\"><p lang=\"es\" dir=\"ltr\">\u00bfDise\u00f1o \u201cTop\u201d para el <a href=\"https:\/\/twitter.com\/hashtag\/MundialDeClubes?src=hash&amp;ref_src=twsrc%5Etfw\">#MundialDeClubes<\/a> ? \ud83e\udd23<br><br>V\u00eda | <a href=\"https:\/\/twitter.com\/latribunera?ref_src=twsrc%5Etfw\">@latribunera<\/a> <br><br>\ud83d\udc49\ud83c\udffb <a href=\"https:\/\/t.co\/jL4ViEYKKR\">https:\/\/t.co\/jL4ViEYKKR<\/a><a href=\"https:\/\/twitter.com\/hashtag\/DuroTigres?src=hash&amp;ref_src=twsrc%5Etfw\">#DuroTigres<\/a> \ud83d\udc4a\ud83c\udffb\ud83d\udc2f <a href=\"https:\/\/t.co\/DtgqAXx4fR\">pic.twitter.com\/DtgqAXx4fR<\/a><\/p>&mdash; Solo Tigres (@solotigres) <a href=\"https:\/\/twitter.com\/solotigres\/status\/1347770160116064266?ref_src=twsrc%5Etfw\">January 9, 2021<\/a><\/blockquote><script async src=\"https:\/\/platform.twitter.com\/widgets.js\" charset=\"utf-8\"><\/script>\n<\/div><\/figure>\n\n\n\n<p>Aunque en la transmisi\u00f3n de TUDN hab\u00edan asegurado que Tigres ya no portaba las estrellas de los t\u00edtulos de Liga MX en la indumentaria si lo hicieron, algo que llam\u00f3 la atenci\u00f3n de los aficionados en redes sociales.<\/p>\n\n\n<p><script async src=\"https:\/\/pagead2.googlesyndication.com\/pagead\/js\/adsbygoogle.js\"><\/script><br \/>\n<!-- PC 728x90 --><br \/>\n<ins class=\"adsbygoogle\"\n     style=\"display:inline-block;width:728px;height:90px\"\n     data-ad-client=\"ca-pub-9427576701762839\"\n     data-ad-slot=\"1011393878\"><\/ins><br \/>\n<script>\n     (adsbygoogle = window.adsbygoogle || []).push({});\n<\/script><\/p>\n\n\n\n<p>Se espera que para el jersey del Mundial de Clubes ya no aparezcan dichas estrellas y tampoco una que represente el primer t\u00edtulo internacional de la instituci\u00f3n.<\/p>\n\n\n\n<figure class=\"wp-block-embed-twitter wp-block-embed is-type-rich is-provider-twitter\"><div class=\"wp-block-embed__wrapper\">\n<blockquote class=\"twitter-tweet\" data-width=\"550\" data-dnt=\"true\"><p lang=\"es\" dir=\"ltr\">Aqu\u00ed <a href=\"https:\/\/twitter.com\/hashtag\/LosQueSaben?src=hash&amp;ref_src=twsrc%5Etfw\">#LosQueSaben<\/a> \ud83d\ude0e<br><br>A partir del 11 de Enero <a href=\"https:\/\/twitter.com\/MasLocosTV?ref_src=twsrc%5Etfw\">@MasLocosTV<\/a> EN VIVO a las 9 PM <br><br>\ud83d\udccd <a href=\"https:\/\/twitter.com\/abcdeportesmx?ref_src=twsrc%5Etfw\">@abcdeportesmx<\/a> <br>\ud83d\udcfb 660 AM \/ 92.1 FM <br>\ud83d\udda5 Facebook Live &#8211; <a href=\"https:\/\/twitter.com\/solotigres?ref_src=twsrc%5Etfw\">@solotigres<\/a> y <a href=\"https:\/\/twitter.com\/ABCNoticiasMX?ref_src=twsrc%5Etfw\">@ABCNoticiasMX<\/a> <a href=\"https:\/\/twitter.com\/hashtag\/DuroTigres?src=hash&amp;ref_src=twsrc%5Etfw\">#DuroTigres<\/a> \ud83d\udc4a\ud83c\udffb\ud83d\udc2f <a href=\"https:\/\/t.co\/a2tYk5o3S2\">pic.twitter.com\/a2tYk5o3S2<\/a><\/p>&mdash; Solo Tigres (@solotigres) <a href=\"https:\/\/twitter.com\/solotigres\/status\/1346675376286818304?ref_src=twsrc%5Etfw\">January 6, 2021<\/a><\/blockquote><script async src=\"https:\/\/platform.twitter.com\/widgets.js\" charset=\"utf-8\"><\/script>\n<\/div><\/figure>\n\n\n<p><script async src=\"https:\/\/pagead2.googlesyndication.com\/pagead\/js\/adsbygoogle.js\"><\/script><br \/>\n<!-- PC 728x90 --><br \/>\n<ins class=\"adsbygoogle\"\n     style=\"display:inline-block;width:728px;height:90px\"\n     data-ad-client=\"ca-pub-9427576701762839\"\n     data-ad-slot=\"1011393878\"><\/ins><br \/>\n<script>\n     (adsbygoogle = window.adsbygoogle || []).push({});\n<\/script><\/p>\n\n\n\n\n<p><script async src=\"https:\/\/pagead2.googlesyndication.com\/pagead\/js\/adsbygoogle.js\"><\/script><br \/>\n<!-- PC 728x90 --><br \/>\n<ins class=\"adsbygoogle\"\n     style=\"display:inline-block;width:728px;height:90px\"\n     data-ad-client=\"ca-pub-9427576701762839\"\n     data-ad-slot=\"1011393878\"><\/ins><br \/>\n<script>\n     (adsbygoogle = window.adsbygoogle || []).push({});\n<\/script><\/p>\n","protected":false},"excerpt":{"rendered":"<p>El jersey de Tigres no tuvo modificaci\u00f3n alguna para arrancar \u00e9l Guardianes 2021.<\/p>\n","protected":false},"author":4,"featured_media":11235,"comment_status":"open","ping_status":"open","sticky":false,"template":"","format":"standard","meta":{"_jetpack_memberships_contains_paid_content":false,"footnotes":""},"categories":[262,3,2,278],"tags":[258,286,74,255,102],"class_list":["post-11234","post","type-post","status-publish","format-standard","has-post-thumbnail","hentry","category-diego-de-montemayor","category-futbol","category-futbol-mexicano","category-solotigres","tag-clausura-2021","tag-guardianes-2021","tag-liga-mx","tag-mundial-de-clubes","tag-tigres"],"jetpack_featured_media_url":"https:\/\/latribunera.com\/apuntes\/wp-content\/uploads\/2021\/01\/AE55AAC8-E219-49C3-B3AD-70CB74C82D53.jpeg","jetpack-related-posts":[],"jetpack_sharing_enabled":true,"_links":{"self":[{"href":"https:\/\/latribunera.com\/apuntes\/index.php\/wp-json\/wp\/v2\/posts\/11234","targetHints":{"allow":["GET"]}}],"collection":[{"href":"https:\/\/latribunera.com\/apuntes\/index.php\/wp-json\/wp\/v2\/posts"}],"about":[{"href":"https:\/\/latribunera.com\/apuntes\/index.php\/wp-json\/wp\/v2\/types\/post"}],"author":[{"embeddable":true,"href":"https:\/\/latribunera.com\/apuntes\/index.php\/wp-json\/wp\/v2\/users\/4"}],"replies":[{"embeddable":true,"href":"https:\/\/latribunera.com\/apuntes\/index.php\/wp-json\/wp\/v2\/comments?post=11234"}],"version-history":[{"count":3,"href":"https:\/\/latribunera.com\/apuntes\/index.php\/wp-json\/wp\/v2\/posts\/11234\/revisions"}],"predecessor-version":[{"id":11248,"href":"https:\/\/latribunera.com\/apuntes\/index.php\/wp-json\/wp\/v2\/posts\/11234\/revisions\/11248"}],"wp:featuredmedia":[{"embeddable":true,"href":"https:\/\/latribunera.com\/apuntes\/index.php\/wp-json\/wp\/v2\/media\/11235"}],"wp:attachment":[{"href":"https:\/\/latribunera.com\/apuntes\/index.php\/wp-json\/wp\/v2\/media?parent=11234"}],"wp:term":[{"taxonomy":"category","embeddable":true,"href":"https:\/\/latribunera.com\/apuntes\/index.php\/wp-json\/wp\/v2\/categories?post=11234"},{"taxonomy":"post_tag","embeddable":true,"href":"https:\/\/latribunera.com\/apuntes\/index.php\/wp-json\/wp\/v2\/tags?post=11234"}],"curies":[{"name":"wp","href":"https:\/\/api.w.org\/{rel}","templated":true}]}}