{"id":11419,"date":"2021-01-15T17:27:24","date_gmt":"2021-01-15T17:27:24","guid":{"rendered":"https:\/\/latribunera.com\/apuntes\/?p=11419"},"modified":"2021-01-15T18:02:05","modified_gmt":"2021-01-15T18:02:05","slug":"el-pinche-mundial","status":"publish","type":"post","link":"https:\/\/latribunera.com\/apuntes\/index.php\/2021\/01\/15\/el-pinche-mundial\/","title":{"rendered":"\u00bfEl &#8220;pinche&#8221; Mundial?"},"content":{"rendered":"\n<p>A\u00fan no se da el pitazo inicial del Mundial de Clubes y parece que tendr\u00e1 menos brillo que un carro sin lavar.<\/p>\n\n\n\n<p>La novedad con la que amanecimos este d\u00eda es con la baja del Auckland City FC de este torneo debido a la ola de contagios del coronavirus en aquella regi\u00f3n del mundo y la imposibilidad de moverse por cuestiones de cuarentena.<\/p>\n\n\n\n<figure class=\"wp-block-embed-twitter wp-block-embed is-type-rich is-provider-twitter\"><div class=\"wp-block-embed__wrapper\">\n<blockquote class=\"twitter-tweet\" data-width=\"550\" data-dnt=\"true\"><p lang=\"es\" dir=\"ltr\">El Auckland City FC se retira de la <a href=\"https:\/\/twitter.com\/hashtag\/ClubWC?src=hash&amp;ref_src=twsrc%5Etfw\">#ClubWC<\/a>.<br><br>\u27a1\ufe0f <a href=\"https:\/\/t.co\/ga8ulaV1of\">https:\/\/t.co\/ga8ulaV1of<\/a> <a href=\"https:\/\/t.co\/I1ZvyKvzIe\">pic.twitter.com\/I1ZvyKvzIe<\/a><\/p>&mdash; FIFA.com en espa\u00f1ol (@fifacom_es) <a href=\"https:\/\/twitter.com\/fifacom_es\/status\/1350037054491668480?ref_src=twsrc%5Etfw\">January 15, 2021<\/a><\/blockquote><script async src=\"https:\/\/platform.twitter.com\/widgets.js\" charset=\"utf-8\"><\/script>\n<\/div><\/figure>\n\n\n<p><script async src=\"https:\/\/pagead2.googlesyndication.com\/pagead\/js\/adsbygoogle.js\"><\/script><br \/>\n<!-- PC 728x90 --><br \/>\n<ins class=\"adsbygoogle\"\n     style=\"display:inline-block;width:728px;height:90px\"\n     data-ad-client=\"ca-pub-9427576701762839\"\n     data-ad-slot=\"1011393878\"><\/ins><br \/>\n<script>\n     (adsbygoogle = window.adsbygoogle || []).push({});\n<\/script><\/p>\n\n\n\n<p>A eso se le suma una serie de rumores sobre posibles bajas de otros equipos a este torneo por las mismas razones, y es que en el mundo se vive una &#8220;segunda ola&#8221; con nuevas cepas y las vacunas apenas en su distribuci\u00f3n.<\/p>\n\n\n\n<p> \u00bfEn qu\u00e9 posici\u00f3n se ubica Tigres en este momento? \u00bfSe esperar\u00e1n a que FIFA tome una determinaci\u00f3n o viajar\u00e1n a pesar de estar en el punto m\u00e1s grave de la pandemia?<\/p>\n\n\n\n<p>Desde Qatar las autoridades oficiales han indicado que se tienen todos los protocolos de salud para salvaguardar la vida de quienes viajen y que los aficionados no podr\u00e1n entrar al pa\u00eds debido a restricciones de gobierno, no as\u00ed para residentes locales que podr\u00e1n ingresar a los estadios.<\/p>\n\n\n\n<figure class=\"wp-block-embed-twitter wp-block-embed is-type-rich is-provider-twitter\"><div class=\"wp-block-embed__wrapper\">\n<blockquote class=\"twitter-tweet\" data-width=\"550\" data-dnt=\"true\"><p lang=\"es\" dir=\"ltr\">La hinchada de la U de Nuevo Le\u00f3n estar\u00e1 presente en \ud83c\uddf6\ud83c\udde6, ac\u00e1 te decimos de qu\u00e9 manera \ud83d\ude0d<br><br>V\u00eda | <a href=\"https:\/\/twitter.com\/latribunera?ref_src=twsrc%5Etfw\">@latribunera<\/a> <br><br>\ud83d\udc49\ud83c\udffb <a href=\"https:\/\/t.co\/sSkGvYfBG7\">https:\/\/t.co\/sSkGvYfBG7<\/a> <a href=\"https:\/\/t.co\/qR4kck1YeZ\">pic.twitter.com\/qR4kck1YeZ<\/a><\/p>&mdash; Solo Tigres (@solotigres) <a href=\"https:\/\/twitter.com\/solotigres\/status\/1349838958419697665?ref_src=twsrc%5Etfw\">January 14, 2021<\/a><\/blockquote><script async src=\"https:\/\/platform.twitter.com\/widgets.js\" charset=\"utf-8\"><\/script>\n<\/div><\/figure>\n\n\n<p><script async src=\"https:\/\/pagead2.googlesyndication.com\/pagead\/js\/adsbygoogle.js\"><\/script><br \/>\n<!-- PC 728x90 --><br \/>\n<ins class=\"adsbygoogle\"\n     style=\"display:inline-block;width:728px;height:90px\"\n     data-ad-client=\"ca-pub-9427576701762839\"\n     data-ad-slot=\"1011393878\"><\/ins><br \/>\n<script>\n     (adsbygoogle = window.adsbygoogle || []).push({});\n<\/script><\/p>\n\n\n\n\n<p><script async src=\"https:\/\/pagead2.googlesyndication.com\/pagead\/js\/adsbygoogle.js\"><\/script><br \/>\n<!-- PC 728x90 --><br \/>\n<ins class=\"adsbygoogle\"\n     style=\"display:inline-block;width:728px;height:90px\"\n     data-ad-client=\"ca-pub-9427576701762839\"\n     data-ad-slot=\"1011393878\"><\/ins><br \/>\n<script>\n     (adsbygoogle = window.adsbygoogle || []).push({});\n<\/script><\/p>\n","protected":false},"excerpt":{"rendered":"<p>A\u00fan no se da el pitazo inicial del Mundial de Clubes y parece que tendr\u00e1 menos brillo que un carro sin lavar. La novedad con la que amanecimos este d\u00eda es con la baja del Auckland City FC de este torneo debido a la ola de contagios del coronavirus en aquella regi\u00f3n del mundo y&#8230; <\/p>\n<div class=\"clear\"><\/div>\n<p><a href=\"https:\/\/latribunera.com\/apuntes\/index.php\/2021\/01\/15\/el-pinche-mundial\/\" class=\"excerpt-read-more\">Read More<i class=\"fa fa-caret-right icon-caret-right\"><\/i><\/a><\/p>\n","protected":false},"author":22,"featured_media":11420,"comment_status":"open","ping_status":"open","sticky":false,"template":"","format":"standard","meta":{"_jetpack_memberships_contains_paid_content":false,"footnotes":""},"categories":[3,2,278],"tags":[303,304,298],"class_list":["post-11419","post","type-post","status-publish","format-standard","has-post-thumbnail","hentry","category-futbol","category-futbol-mexicano","category-solotigres","tag-auckland-city","tag-mundial-de-clubesc","tag-tigres-uanl"],"jetpack_featured_media_url":"https:\/\/latribunera.com\/apuntes\/wp-content\/uploads\/2021\/01\/Ep5jVTpWMAA6NY0.jpg","jetpack-related-posts":[],"jetpack_sharing_enabled":true,"_links":{"self":[{"href":"https:\/\/latribunera.com\/apuntes\/index.php\/wp-json\/wp\/v2\/posts\/11419","targetHints":{"allow":["GET"]}}],"collection":[{"href":"https:\/\/latribunera.com\/apuntes\/index.php\/wp-json\/wp\/v2\/posts"}],"about":[{"href":"https:\/\/latribunera.com\/apuntes\/index.php\/wp-json\/wp\/v2\/types\/post"}],"author":[{"embeddable":true,"href":"https:\/\/latribunera.com\/apuntes\/index.php\/wp-json\/wp\/v2\/users\/22"}],"replies":[{"embeddable":true,"href":"https:\/\/latribunera.com\/apuntes\/index.php\/wp-json\/wp\/v2\/comments?post=11419"}],"version-history":[{"count":3,"href":"https:\/\/latribunera.com\/apuntes\/index.php\/wp-json\/wp\/v2\/posts\/11419\/revisions"}],"predecessor-version":[{"id":11425,"href":"https:\/\/latribunera.com\/apuntes\/index.php\/wp-json\/wp\/v2\/posts\/11419\/revisions\/11425"}],"wp:featuredmedia":[{"embeddable":true,"href":"https:\/\/latribunera.com\/apuntes\/index.php\/wp-json\/wp\/v2\/media\/11420"}],"wp:attachment":[{"href":"https:\/\/latribunera.com\/apuntes\/index.php\/wp-json\/wp\/v2\/media?parent=11419"}],"wp:term":[{"taxonomy":"category","embeddable":true,"href":"https:\/\/latribunera.com\/apuntes\/index.php\/wp-json\/wp\/v2\/categories?post=11419"},{"taxonomy":"post_tag","embeddable":true,"href":"https:\/\/latribunera.com\/apuntes\/index.php\/wp-json\/wp\/v2\/tags?post=11419"}],"curies":[{"name":"wp","href":"https:\/\/api.w.org\/{rel}","templated":true}]}}