{"id":11495,"date":"2021-01-18T17:04:10","date_gmt":"2021-01-18T17:04:10","guid":{"rendered":"https:\/\/latribunera.com\/apuntes\/?p=11495"},"modified":"2021-01-18T17:04:14","modified_gmt":"2021-01-18T17:04:14","slug":"la-nueva-piel-de-las-aguilas","status":"publish","type":"post","link":"https:\/\/latribunera.com\/apuntes\/index.php\/2021\/01\/18\/la-nueva-piel-de-las-aguilas\/","title":{"rendered":"LA NUEVA PIEL DE LAS \u00c1GUILAS"},"content":{"rendered":"\n<p>Por Alejandro Mart\u00ednez \/ @alexmtz8603<\/p>\n\n\n\n<p>Inspirados en Guillermo Ochoa, a quien llamaron su \u2018Guerrero\n\u00c1guila 2008\u2019, Am\u00e9rica present\u00f3 su jersey alternativo.<\/p>\n\n\n\n<p>Esta ma\u00f1ana, el cuadro de Coapa destap\u00f3 su uniforme,\nel cual se aleja de los colores tradicionales.<\/p>\n\n\n\n<p>La playera es blanca con grecas en color negro.<\/p>\n\n\n\n<p>Los precios del jersey van desde 1,399.00 hasta 2,499.00<\/p>\n\n\n\n<figure class=\"wp-block-embed-twitter wp-block-embed is-type-rich is-provider-twitter\"><div class=\"wp-block-embed__wrapper\">\n<blockquote class=\"twitter-tweet\" data-width=\"550\" data-dnt=\"true\"><p lang=\"es\" dir=\"ltr\">\ud83d\udd36\ud83d\udd38\ud835\ude3c\ud835\ude48\ud835\ude40\ud835\ude4e\ud835\ude43\ud835\ude4a\ud835\ude4b \ud83d\udd39\ud83d\udd37<br>\ud83d\udc49 <a href=\"https:\/\/t.co\/Fp6GWZ938a\">https:\/\/t.co\/Fp6GWZ938a<\/a> \ud83d\udc48<a href=\"https:\/\/twitter.com\/AmeShopMx?ref_src=twsrc%5Etfw\">@ameshopmx<\/a> La nueva tienda oficial de <a href=\"https:\/\/twitter.com\/hashtag\/ElM%C3%A1sGrande?src=hash&amp;ref_src=twsrc%5Etfw\">#ElM\u00e1sGrande<\/a> est\u00e1 online \ud83d\udd1b \u00a1Adquiere nuestro tercer kit sin costo de env\u00edo y <a href=\"https:\/\/twitter.com\/hashtag\/VolemosJuntos?src=hash&amp;ref_src=twsrc%5Etfw\">#VolemosJuntos<\/a>! <a href=\"https:\/\/t.co\/FmcmAcSBJ4\">pic.twitter.com\/FmcmAcSBJ4<\/a><\/p>&mdash; Club Am\u00e9rica (@ClubAmerica) <a href=\"https:\/\/twitter.com\/ClubAmerica\/status\/1351197660422823940?ref_src=twsrc%5Etfw\">January 18, 2021<\/a><\/blockquote><script async src=\"https:\/\/platform.twitter.com\/widgets.js\" charset=\"utf-8\"><\/script>\n<\/div><\/figure>\n\n\n\n<figure class=\"wp-block-embed-twitter wp-block-embed is-type-rich is-provider-twitter\"><div class=\"wp-block-embed__wrapper\">\n<blockquote class=\"twitter-tweet\" data-width=\"550\" data-dnt=\"true\"><p lang=\"es\" dir=\"ltr\">\ud83d\udd36\ud83d\udd38\ud835\uddd6\ud835\udde2\ud835\udddf\ud835\uddd8\ud835\uddd6\ud835\uddd6\ud835\udddc\u00d3\ud835\udde1 \u00c1\ud835\uddda\ud835\udde8\ud835\udddc\ud835\udddf\ud835\uddd4 \ud835\udfee\ud835\udfec\ud835\udfee\ud835\udfed\ud83d\udd39\ud83d\udd37<br>\u27a1\ufe0f <a href=\"https:\/\/t.co\/9iR93XqmWw\">https:\/\/t.co\/9iR93XqmWw<\/a> \u2b05\ufe0f<a href=\"https:\/\/twitter.com\/hashtag\/VolemosJuntos?src=hash&amp;ref_src=twsrc%5Etfw\">#VolemosJuntos<\/a> con el tercer kit de <a href=\"https:\/\/twitter.com\/hashtag\/ElM%C3%A1sGrande?src=hash&amp;ref_src=twsrc%5Etfw\">#ElM\u00e1sGrande<\/a> <br>\u00a1Adquiere nuestro nuevo plumaje en la tienda online oficial <a href=\"https:\/\/twitter.com\/AmeShopMx?ref_src=twsrc%5Etfw\">@ameshopmx<\/a>! \ud83e\udd85 <a href=\"https:\/\/t.co\/PGa1xC5maY\">pic.twitter.com\/PGa1xC5maY<\/a><\/p>&mdash; Club Am\u00e9rica (@ClubAmerica) <a href=\"https:\/\/twitter.com\/ClubAmerica\/status\/1351205207280132097?ref_src=twsrc%5Etfw\">January 18, 2021<\/a><\/blockquote><script async src=\"https:\/\/platform.twitter.com\/widgets.js\" charset=\"utf-8\"><\/script>\n<\/div><\/figure>\n","protected":false},"excerpt":{"rendered":"<p>Por Alejandro Mart\u00ednez \/ @alexmtz8603 Inspirados en Guillermo Ochoa, a quien llamaron su \u2018Guerrero \u00c1guila 2008\u2019, Am\u00e9rica present\u00f3 su jersey alternativo. Esta ma\u00f1ana, el cuadro de Coapa destap\u00f3 su uniforme, el cual se aleja de los colores tradicionales. La playera es blanca con grecas en color negro. Los precios del jersey van desde 1,399.00 hasta&#8230; <\/p>\n<div class=\"clear\"><\/div>\n<p><a href=\"https:\/\/latribunera.com\/apuntes\/index.php\/2021\/01\/18\/la-nueva-piel-de-las-aguilas\/\" class=\"excerpt-read-more\">Read More<i class=\"fa fa-caret-right icon-caret-right\"><\/i><\/a><\/p>\n","protected":false},"author":7,"featured_media":11497,"comment_status":"open","ping_status":"open","sticky":false,"template":"","format":"standard","meta":{"_jetpack_memberships_contains_paid_content":false,"footnotes":""},"categories":[231,2],"tags":[85,309],"class_list":["post-11495","post","type-post","status-publish","format-standard","has-post-thumbnail","hentry","category-apuntes","category-futbol-mexicano","tag-america","tag-guillermo-ochoa"],"jetpack_featured_media_url":"https:\/\/latribunera.com\/apuntes\/wp-content\/uploads\/2021\/01\/Er_khGMXUAAZmFe.jpg","jetpack-related-posts":[{"id":45386,"url":"https:\/\/latribunera.com\/apuntes\/index.php\/2026\/03\/11\/santos-launa-impulsa-mejoras-en-la-infraestructura-de-tsm-y-estadio-corona\/","url_meta":{"origin":11495,"position":0},"title":"Santos Laguna impulsa mejoras en la infraestructura de TSM y Estadio Corona","author":"Jacob Alarcon","date":"11 marzo, 2026","format":false,"excerpt":"Club Santos Laguna lleva a cabo una serie de reformas y mejoras en la infraestructura de TerritorioSantos Modelo y del Estadio Corona, con el objetivo de impulsar la innovaci\u00f3n tecnol\u00f3gica, lasostenibilidad y la modernizaci\u00f3n de sus espacios.Con estas acciones, el club contin\u00faa fortaleciendo la experiencia de sus aficionados yactualizando sus\u2026","rel":"","context":"In &quot;Pasi\u00f3n Guerrera&quot;","block_context":{"text":"Pasi\u00f3n Guerrera","link":"https:\/\/latribunera.com\/apuntes\/index.php\/category\/tribus\/pasionguerrera\/"},"img":{"alt_text":"","src":"https:\/\/i0.wp.com\/latribunera.com\/apuntes\/wp-content\/uploads\/2026\/03\/Renovacion-TSM.jpg?resize=350%2C200&ssl=1","width":350,"height":200,"srcset":"https:\/\/i0.wp.com\/latribunera.com\/apuntes\/wp-content\/uploads\/2026\/03\/Renovacion-TSM.jpg?resize=350%2C200&ssl=1 1x, https:\/\/i0.wp.com\/latribunera.com\/apuntes\/wp-content\/uploads\/2026\/03\/Renovacion-TSM.jpg?resize=525%2C300&ssl=1 1.5x, https:\/\/i0.wp.com\/latribunera.com\/apuntes\/wp-content\/uploads\/2026\/03\/Renovacion-TSM.jpg?resize=700%2C400&ssl=1 2x, https:\/\/i0.wp.com\/latribunera.com\/apuntes\/wp-content\/uploads\/2026\/03\/Renovacion-TSM.jpg?resize=1050%2C600&ssl=1 3x, https:\/\/i0.wp.com\/latribunera.com\/apuntes\/wp-content\/uploads\/2026\/03\/Renovacion-TSM.jpg?resize=1400%2C800&ssl=1 4x"},"classes":[]}],"jetpack_sharing_enabled":true,"_links":{"self":[{"href":"https:\/\/latribunera.com\/apuntes\/index.php\/wp-json\/wp\/v2\/posts\/11495","targetHints":{"allow":["GET"]}}],"collection":[{"href":"https:\/\/latribunera.com\/apuntes\/index.php\/wp-json\/wp\/v2\/posts"}],"about":[{"href":"https:\/\/latribunera.com\/apuntes\/index.php\/wp-json\/wp\/v2\/types\/post"}],"author":[{"embeddable":true,"href":"https:\/\/latribunera.com\/apuntes\/index.php\/wp-json\/wp\/v2\/users\/7"}],"replies":[{"embeddable":true,"href":"https:\/\/latribunera.com\/apuntes\/index.php\/wp-json\/wp\/v2\/comments?post=11495"}],"version-history":[{"count":2,"href":"https:\/\/latribunera.com\/apuntes\/index.php\/wp-json\/wp\/v2\/posts\/11495\/revisions"}],"predecessor-version":[{"id":11500,"href":"https:\/\/latribunera.com\/apuntes\/index.php\/wp-json\/wp\/v2\/posts\/11495\/revisions\/11500"}],"wp:featuredmedia":[{"embeddable":true,"href":"https:\/\/latribunera.com\/apuntes\/index.php\/wp-json\/wp\/v2\/media\/11497"}],"wp:attachment":[{"href":"https:\/\/latribunera.com\/apuntes\/index.php\/wp-json\/wp\/v2\/media?parent=11495"}],"wp:term":[{"taxonomy":"category","embeddable":true,"href":"https:\/\/latribunera.com\/apuntes\/index.php\/wp-json\/wp\/v2\/categories?post=11495"},{"taxonomy":"post_tag","embeddable":true,"href":"https:\/\/latribunera.com\/apuntes\/index.php\/wp-json\/wp\/v2\/tags?post=11495"}],"curies":[{"name":"wp","href":"https:\/\/api.w.org\/{rel}","templated":true}]}}