{"id":11515,"date":"2021-01-18T23:38:05","date_gmt":"2021-01-18T23:38:05","guid":{"rendered":"https:\/\/latribunera.com\/apuntes\/?p=11515"},"modified":"2021-01-19T18:16:57","modified_gmt":"2021-01-19T18:16:57","slug":"dilema-gignac","status":"publish","type":"post","link":"https:\/\/latribunera.com\/apuntes\/index.php\/2021\/01\/18\/dilema-gignac\/","title":{"rendered":"Dilema Gignac"},"content":{"rendered":"\n<p>Tal parece que la &#8220;Gignacdependencia&#8221; se volvi\u00f3 a hacer presente en las mentes de los aficionados felinos.<\/p>\n\n\n<p><script async=\"\" src=\"https:\/\/pagead2.googlesyndication.com\/pagead\/js\/adsbygoogle.js\"><\/script><br \/>\n<!-- PC 728x90 --><br \/>\n<ins class=\"adsbygoogle\" style=\"display:inline-block;width:728px;height:90px\" data-ad-client=\"ca-pub-9427576701762839\" data-ad-slot=\"1011393878\"><\/ins><br \/>\n<script>\n     (adsbygoogle = window.adsbygoogle || []).push({});\n<\/script><\/p>\n\n\n\n<p>Un partido que parec\u00eda &#8220;de tr\u00e1mite&#8221; ante Santos se convirti\u00f3 en toda una pesadilla y lejos de ser un respiro para este arranque de torneo, ahora pinta para ser un serio dolor de cabeza.<\/p>\n\n\n\n<figure class=\"wp-block-embed-twitter wp-block-embed is-type-rich is-provider-twitter\"><div class=\"wp-block-embed__wrapper\">\n<blockquote class=\"twitter-tweet\" data-width=\"550\" data-dnt=\"true\"><p lang=\"es\" dir=\"ltr\">\ud83d\udcf9 <a href=\"https:\/\/twitter.com\/hashtag\/NoTeLoPierdas?src=hash&amp;ref_src=twsrc%5Etfw\">#NoTeLoPierdas<\/a> <br><br>\ud83d\udd5e 14: \u00a1LO DEJA IR! Luis Qui\u00f1ones se meti\u00f3 entre defensas hasta l\u00ednea de meta, centr\u00f3 y dej\u00f3 solo de frente al arco a Leo Fern\u00e1ndez. <a href=\"https:\/\/twitter.com\/hashtag\/Guard1anes2021?src=hash&amp;ref_src=twsrc%5Etfw\">#Guard1anes2021<\/a> \u26bd <a href=\"https:\/\/twitter.com\/hashtag\/LigaBBVAMX?src=hash&amp;ref_src=twsrc%5Etfw\">#LigaBBVAMX<\/a> <a href=\"https:\/\/t.co\/12Nq0f9eEe\">pic.twitter.com\/12Nq0f9eEe<\/a><\/p>&mdash; Liga BBVA MX (@LigaBBVAMX) <a href=\"https:\/\/twitter.com\/LigaBBVAMX\/status\/1350979470522527746?ref_src=twsrc%5Etfw\">January 18, 2021<\/a><\/blockquote><script async src=\"https:\/\/platform.twitter.com\/widgets.js\" charset=\"utf-8\"><\/script>\n<\/div><\/figure>\n\n\n\n<p>Con la ausencia del franc\u00e9s, la l\u00f3gica nos dec\u00eda que la dupla Gonz\u00e1lez &#8211; Fern\u00e1ndez ser\u00eda la adecuada para comandar el ataque auriazul, sin embargo no dio frutos. &#8220;Chacha gol&#8221; fall\u00f3 un penal que puro marcar el destino del partido y &#8220;Leito&#8221; desperdici\u00f3 una oportunidad en los primeros minutos del encuentro.<\/p>\n\n\n\n<figure class=\"wp-block-embed-twitter wp-block-embed is-type-rich is-provider-twitter\"><div class=\"wp-block-embed__wrapper\">\n<blockquote class=\"twitter-tweet\" data-width=\"550\" data-dnt=\"true\"><p lang=\"es\" dir=\"ltr\">\ud83d\udcf9 <a href=\"https:\/\/twitter.com\/hashtag\/NoTeLoPierdas?src=hash&amp;ref_src=twsrc%5Etfw\">#NoTeLoPierdas<\/a> <br><br>\ud83d\udd5e 35: \u00a1GUARD1\u00c1N! Carlos Acevedo se lanza para detener el disparo de penal de Carlos Gonz\u00e1lez. Santos y Tigres se mantienen sin goles.<a href=\"https:\/\/twitter.com\/hashtag\/Guard1anes2021?src=hash&amp;ref_src=twsrc%5Etfw\">#Guard1anes2021<\/a> \u26bd <a href=\"https:\/\/twitter.com\/hashtag\/LigaBBVAMX?src=hash&amp;ref_src=twsrc%5Etfw\">#LigaBBVAMX<\/a> <a href=\"https:\/\/t.co\/8Vyzsy9rTB\">pic.twitter.com\/8Vyzsy9rTB<\/a><\/p>&mdash; Liga BBVA MX (@LigaBBVAMX) <a href=\"https:\/\/twitter.com\/LigaBBVAMX\/status\/1350984545940729858?ref_src=twsrc%5Etfw\">January 18, 2021<\/a><\/blockquote><script async src=\"https:\/\/platform.twitter.com\/widgets.js\" charset=\"utf-8\"><\/script>\n<\/div><\/figure>\n\n\n\n<p>Si a eso le sumas que los &#8220;relevos&#8221; terminaron por ser pistolas de agua, tal parece que en el banquillo de Ferretti hay m\u00e1s desilusi\u00f3n que un ni\u00f1o esperando a que a\u00fan llegue santa.<\/p>\n\n\n<p><script async=\"\" src=\"https:\/\/pagead2.googlesyndication.com\/pagead\/js\/adsbygoogle.js\"><\/script><br \/>\n<!-- PC 728x90 --><br \/>\n<ins class=\"adsbygoogle\" style=\"display:inline-block;width:728px;height:90px\" data-ad-client=\"ca-pub-9427576701762839\" data-ad-slot=\"1011393878\"><\/ins><br \/>\n<script>\n     (adsbygoogle = window.adsbygoogle || []).push({});\n<\/script><\/p>\n\n\n\n<p>Los expertos indican que de 10 a 15 d\u00edas ser\u00eda el tiempo recuperaci\u00f3n de Andr\u00e9-Pierre, sin embargo hay otra encrucijada : El mundial de clubes.<\/p>\n\n\n\n<figure class=\"wp-block-embed-twitter wp-block-embed is-type-rich is-provider-twitter\"><div class=\"wp-block-embed__wrapper\">\n<blockquote class=\"twitter-tweet\" data-width=\"550\" data-dnt=\"true\"><p lang=\"es\" dir=\"ltr\">\ud83d\udea8 \u00a1Se viene el sorteo oficial de la <a href=\"https:\/\/twitter.com\/hashtag\/ClubWC?src=hash&amp;ref_src=twsrc%5Etfw\">#ClubWC<\/a>!<br><br>\ud83d\udcbb\ud83d\udcf1EN VIVO: martes 19 (16:00 CET)<a href=\"https:\/\/twitter.com\/AlAhly?ref_src=twsrc%5Etfw\">@AlAhly<\/a>\ud83c\uddea\ud83c\uddec, <a href=\"https:\/\/twitter.com\/DuhailSC?ref_src=twsrc%5Etfw\">@DuhailSC<\/a>\ud83c\uddf6\ud83c\udde6, <a href=\"https:\/\/twitter.com\/TigresOficial?ref_src=twsrc%5Etfw\">@TigresOficial<\/a>\ud83c\uddf2\ud83c\uddfd y <a href=\"https:\/\/twitter.com\/ulsanFC?ref_src=twsrc%5Etfw\">@ulsanFC<\/a>\ud83c\uddf0\ud83c\uddf7 ser\u00e1n sorteados primero. <br><br>Luego, <a href=\"https:\/\/twitter.com\/FCBayern?ref_src=twsrc%5Etfw\">@FCBayern<\/a>\ud83c\udde9\ud83c\uddea y <a href=\"https:\/\/twitter.com\/Palmeiras?ref_src=twsrc%5Etfw\">@Palmeiras<\/a>\ud83c\udde7\ud83c\uddf7 o <a href=\"https:\/\/twitter.com\/SantosFC?ref_src=twsrc%5Etfw\">@SantosFC<\/a>\ud83c\udde7\ud83c\uddf7 conocer\u00e1n su suerte.<a href=\"https:\/\/t.co\/qlwjjSRpZM\">https:\/\/t.co\/qlwjjSRpZM<\/a><\/p>&mdash; FIFA.com en espa\u00f1ol (@fifacom_es) <a href=\"https:\/\/twitter.com\/fifacom_es\/status\/1351222036375416832?ref_src=twsrc%5Etfw\">January 18, 2021<\/a><\/blockquote><script async src=\"https:\/\/platform.twitter.com\/widgets.js\" charset=\"utf-8\"><\/script>\n<\/div><\/figure>\n\n\n\n<p>\u00bfDebe Ferretti considerar a Gignac para el duelo de la Fecha 4 o esperar a que su recuperaci\u00f3n sea natural y tenerlo listo para la justa mundialista? La moneda est\u00e1 en el aire.<\/p>\n\n\n<p><script async=\"\" src=\"https:\/\/pagead2.googlesyndication.com\/pagead\/js\/adsbygoogle.js\"><\/script><br \/>\n<!-- PC 728x90 --><br \/>\n<ins class=\"adsbygoogle\" style=\"display:inline-block;width:728px;height:90px\" data-ad-client=\"ca-pub-9427576701762839\" data-ad-slot=\"1011393878\"><\/ins><br \/>\n<script>\n     (adsbygoogle = window.adsbygoogle || []).push({});\n<\/script><\/p>\n\n\n\n\n<p><script async=\"\" src=\"https:\/\/pagead2.googlesyndication.com\/pagead\/js\/adsbygoogle.js\"><\/script><br \/>\n<!-- PC 728x90 --><br \/>\n<ins class=\"adsbygoogle\" style=\"display:inline-block;width:728px;height:90px\" data-ad-client=\"ca-pub-9427576701762839\" data-ad-slot=\"1011393878\"><\/ins><br \/>\n<script>\n     (adsbygoogle = window.adsbygoogle || []).push({});\n<\/script><\/p>\n","protected":false},"excerpt":{"rendered":"<p>Tal parece que la &#8220;Gignacdependencia&#8221; se volvi\u00f3 a hacer presente en las mentes de los aficionados felinos. Un partido que parec\u00eda &#8220;de tr\u00e1mite&#8221; ante Santos se convirti\u00f3 en toda una pesadilla y lejos de ser un respiro para este arranque de torneo, ahora pinta para ser un serio dolor de cabeza. Con la ausencia del&#8230; <\/p>\n<div class=\"clear\"><\/div>\n<p><a href=\"https:\/\/latribunera.com\/apuntes\/index.php\/2021\/01\/18\/dilema-gignac\/\" class=\"excerpt-read-more\">Read More<i class=\"fa fa-caret-right icon-caret-right\"><\/i><\/a><\/p>\n","protected":false},"author":22,"featured_media":11516,"comment_status":"open","ping_status":"open","sticky":false,"template":"","format":"standard","meta":{"_jetpack_memberships_contains_paid_content":false,"footnotes":""},"categories":[2,278],"tags":[299,74,298],"class_list":["post-11515","post","type-post","status-publish","format-standard","has-post-thumbnail","hentry","category-futbol-mexicano","category-solotigres","tag-gignac","tag-liga-mx","tag-tigres-uanl"],"jetpack_featured_media_url":"https:\/\/latribunera.com\/apuntes\/wp-content\/uploads\/2021\/01\/15956416214753.jpg","jetpack-related-posts":[{"id":45421,"url":"https:\/\/latribunera.com\/apuntes\/index.php\/2026\/04\/16\/todo-listo-para-la-14va-edicion-de-la-copa-internacional-santos-penoles\/","url_meta":{"origin":11515,"position":0},"title":"Todo listo para la 14va edici\u00f3n de la Copa Internacional Santos Pe\u00f1oles","author":"Jacob Alarcon","date":"16 abril, 2026","format":false,"excerpt":"Este jueves, en el Auditorio Orlegi de Territorio Santos Modelo, se llev\u00f3 a cabo la presentaci\u00f3noficial de la edici\u00f3n 2026 de la Copa Internacional Santos Pe\u00f1oles, torneo que se ha consolidadocomo uno de los m\u00e1s importantes a nivel infantil y juvenil en M\u00e9xico. Adem\u00e1s de brindar una competencia deportiva de\u2026","rel":"","context":"In &quot;Sin categor\u00eda&quot;","block_context":{"text":"Sin categor\u00eda","link":"https:\/\/latribunera.com\/apuntes\/index.php\/category\/sin-categoria\/"},"img":{"alt_text":"","src":"https:\/\/i0.wp.com\/latribunera.com\/apuntes\/wp-content\/uploads\/2026\/04\/Presentacion-Copa-Santos-Penoles.jpg?resize=350%2C200&ssl=1","width":350,"height":200,"srcset":"https:\/\/i0.wp.com\/latribunera.com\/apuntes\/wp-content\/uploads\/2026\/04\/Presentacion-Copa-Santos-Penoles.jpg?resize=350%2C200&ssl=1 1x, https:\/\/i0.wp.com\/latribunera.com\/apuntes\/wp-content\/uploads\/2026\/04\/Presentacion-Copa-Santos-Penoles.jpg?resize=525%2C300&ssl=1 1.5x, https:\/\/i0.wp.com\/latribunera.com\/apuntes\/wp-content\/uploads\/2026\/04\/Presentacion-Copa-Santos-Penoles.jpg?resize=700%2C400&ssl=1 2x, https:\/\/i0.wp.com\/latribunera.com\/apuntes\/wp-content\/uploads\/2026\/04\/Presentacion-Copa-Santos-Penoles.jpg?resize=1050%2C600&ssl=1 3x, https:\/\/i0.wp.com\/latribunera.com\/apuntes\/wp-content\/uploads\/2026\/04\/Presentacion-Copa-Santos-Penoles.jpg?resize=1400%2C800&ssl=1 4x"},"classes":[]}],"jetpack_sharing_enabled":true,"_links":{"self":[{"href":"https:\/\/latribunera.com\/apuntes\/index.php\/wp-json\/wp\/v2\/posts\/11515","targetHints":{"allow":["GET"]}}],"collection":[{"href":"https:\/\/latribunera.com\/apuntes\/index.php\/wp-json\/wp\/v2\/posts"}],"about":[{"href":"https:\/\/latribunera.com\/apuntes\/index.php\/wp-json\/wp\/v2\/types\/post"}],"author":[{"embeddable":true,"href":"https:\/\/latribunera.com\/apuntes\/index.php\/wp-json\/wp\/v2\/users\/22"}],"replies":[{"embeddable":true,"href":"https:\/\/latribunera.com\/apuntes\/index.php\/wp-json\/wp\/v2\/comments?post=11515"}],"version-history":[{"count":4,"href":"https:\/\/latribunera.com\/apuntes\/index.php\/wp-json\/wp\/v2\/posts\/11515\/revisions"}],"predecessor-version":[{"id":11523,"href":"https:\/\/latribunera.com\/apuntes\/index.php\/wp-json\/wp\/v2\/posts\/11515\/revisions\/11523"}],"wp:featuredmedia":[{"embeddable":true,"href":"https:\/\/latribunera.com\/apuntes\/index.php\/wp-json\/wp\/v2\/media\/11516"}],"wp:attachment":[{"href":"https:\/\/latribunera.com\/apuntes\/index.php\/wp-json\/wp\/v2\/media?parent=11515"}],"wp:term":[{"taxonomy":"category","embeddable":true,"href":"https:\/\/latribunera.com\/apuntes\/index.php\/wp-json\/wp\/v2\/categories?post=11515"},{"taxonomy":"post_tag","embeddable":true,"href":"https:\/\/latribunera.com\/apuntes\/index.php\/wp-json\/wp\/v2\/tags?post=11515"}],"curies":[{"name":"wp","href":"https:\/\/api.w.org\/{rel}","templated":true}]}}