{"id":11634,"date":"2021-01-23T04:53:11","date_gmt":"2021-01-23T04:53:11","guid":{"rendered":"https:\/\/latribunera.com\/apuntes\/?p=11634"},"modified":"2021-01-23T16:53:08","modified_gmt":"2021-01-23T16:53:08","slug":"toluca-ya-te-conocemos","status":"publish","type":"post","link":"https:\/\/latribunera.com\/apuntes\/index.php\/2021\/01\/23\/toluca-ya-te-conocemos\/","title":{"rendered":"Toluca, ya te conocemos"},"content":{"rendered":"\n<p><strong>Por Blanca Mendoza \/ @BlanchLady<\/strong><\/p>\n\n\n\n<p>Necaxa gan\u00f3, pero no me\ngust\u00f3, tuvieron un juego asociado con los cambios que hubo en la alineaci\u00f3n,\nSalas de titular me agrad\u00f3, pero no como extremo, me gusta m\u00e1s en el centro de\napoyo al 9.<\/p>\n\n\n\n<p>El \u201cProfe\u201d Cruz, no debi\u00f3\nbanquear a Delgado, las mejores jugadas siguen siendo a bal\u00f3n parado, entr\u00f3\nDani L\u00f3pez de titular, pero con la falta del jugador creativo, no hab\u00eda quien\nsurtiera los balones, despu\u00e9s la expulsi\u00f3n de Arce, todo se ve\u00eda muy complicado,\nse gana con un penal que meti\u00f3 Ian Gonz\u00e1lez, que ven\u00eda de fallar 2 muy claras,\naunado a que Pablo Barrera falla el penal en el \u00faltimo minuto, los Rayos suman\n3 puntos que saben a 6.<\/p>\n\n\n\n<p>Antes de entrar al tema del\njuego del domingo contra Toluca, quiero platicarles un poco mi sentir con este\nregreso de la afici\u00f3n a los estadios, a pesar de que se siguieron los\nprotocolos en el Victoria y la afici\u00f3n se comport\u00f3 a la altura<\/p>\n\n\n\n<p>Me quedo muy preocupada, soy\nde las que siempre fomentan asistir al estadio y apoyar al equipo, pero creo\nque hoy y ma\u00f1ana y el resto de la temporada, podemos esperar, el\nentretenimiento y el sentimiento que nos causa ver a Necaxa en la cancha, puede\nesperar un poco m\u00e1s, ahorita la prioridad es la salud de la afici\u00f3n, de los que\ntrabajan en el estadio, de sus familias y de todos los jugadores y cuerpo\nt\u00e9cnico, como personal que labora de la mano con ellos. <\/p>\n\n\n\n<p>Neta banda, vamos a aguantar\nun poco m\u00e1s, ser\u00e1 m\u00e1s r\u00e1pido volver cada 15 d\u00edas al estadio, si somos m\u00e1s\nemp\u00e1ticos hoy, con la gente que esta perdiendo familiares, que esta\nconvaleciente en los hospitales, con el personal m\u00e9dico, en fin, ustedes saben\na quienes me refiero. <\/p>\n\n\n\n<p>Necaxa desde que ascendi\u00f3 le\nha ganado a Toluca 4 veces, perdido 2 y empatado en 4 ocasiones, sin embargo,\nen la \u201cBombonera\u201d a Necaxa no le va bien, ya que las 2 derrotas fueron de en\nesta misma cancha. <\/p>\n\n\n\n<p>Esperemos Necaxa pueda\nseguir siendo superior en estad\u00edstica al Toluca y le robe el invicto al Diablo\ncon todo y su Baeza, hay que cuidar a los extremos, Sambueza y Canelo suelen\ndar dolores de cabeza a la zaga y Casta\u00f1eda es su goleador<\/p>\n\n\n\n<p>Por parte de Necaxa, todo indica que Yerko tomar\u00e1 el lugar de Arce por su expulsi\u00f3n y con la baja de Unai por la lesi\u00f3n tan particular que tuvo, ser\u00eda Pereira el que tomar\u00eda su lugar, conforme a lo que entrenaron entre semana. Espero Necaxa sume y de la sorpresa.<\/p>\n\n\n\n<p>\u00a1Fuerza Rayos!<\/p>\n\n\n\n<figure class=\"wp-block-embed-twitter wp-block-embed is-type-rich is-provider-twitter\"><div class=\"wp-block-embed__wrapper\">\n<blockquote class=\"twitter-tweet\" data-width=\"550\" data-dnt=\"true\"><p lang=\"es\" dir=\"ltr\">Viene actividad dominical para los Rayos. \u00a1Vamos, equipo! \ud83d\udcaa<a href=\"https:\/\/twitter.com\/hashtag\/FuerzaRayos?src=hash&amp;ref_src=twsrc%5Etfw\">#FuerzaRayos<\/a> \u26a1\ufe0f <a href=\"https:\/\/t.co\/HbmxOklmvL\">pic.twitter.com\/HbmxOklmvL<\/a><\/p>&mdash; \u26a1\ufe0fClub Necaxa\u26a1\ufe0f (@ClubNecaxa) <a href=\"https:\/\/twitter.com\/ClubNecaxa\/status\/1352473663610757122?ref_src=twsrc%5Etfw\">January 22, 2021<\/a><\/blockquote><script async src=\"https:\/\/platform.twitter.com\/widgets.js\" charset=\"utf-8\"><\/script>\n<\/div><\/figure>\n","protected":false},"excerpt":{"rendered":"<p>Por Blanca Mendoza \/ @BlanchLady Necaxa gan\u00f3, pero no me gust\u00f3, tuvieron un juego asociado con los cambios que hubo en la alineaci\u00f3n, Salas de titular me agrad\u00f3, pero no como extremo, me gusta m\u00e1s en el centro de apoyo al 9. El \u201cProfe\u201d Cruz, no debi\u00f3 banquear a Delgado, las mejores jugadas siguen siendo&#8230; <\/p>\n<div class=\"clear\"><\/div>\n<p><a href=\"https:\/\/latribunera.com\/apuntes\/index.php\/2021\/01\/23\/toluca-ya-te-conocemos\/\" class=\"excerpt-read-more\">Read More<i class=\"fa fa-caret-right icon-caret-right\"><\/i><\/a><\/p>\n","protected":false},"author":8,"featured_media":11642,"comment_status":"open","ping_status":"open","sticky":false,"template":"","format":"standard","meta":{"_jetpack_memberships_contains_paid_content":false,"footnotes":""},"categories":[231,2],"tags":[],"class_list":["post-11634","post","type-post","status-publish","format-standard","has-post-thumbnail","hentry","category-apuntes","category-futbol-mexicano"],"jetpack_featured_media_url":"https:\/\/latribunera.com\/apuntes\/wp-content\/uploads\/2021\/01\/1F4DD624-35E5-4ADF-87CD-D0129D7AAB68.png","jetpack-related-posts":[{"id":45392,"url":"https:\/\/latribunera.com\/apuntes\/index.php\/2026\/04\/09\/se-presento-la-13va-edicion-del-guerreton\/","url_meta":{"origin":11634,"position":0},"title":"Se presento la 13va edici\u00f3n del Guerret\u00f3n.","author":"Staff","date":"9 abril, 2026","format":false,"excerpt":"A lo largo de sus primeras 12 ediciones, Guerret\u00f3n ha logrado recolectar m\u00e1s de 121,500juguetes, peluches y balones, beneficiando a diversas asociaciones e instituciones de laregi\u00f3n lagunera, entre ellas CRIT Durango, los sistemas DIF de distintos municipios, as\u00edcomo organizaciones educativas y asistenciales. A la fecha, se han instalado cuatro ludotecas\u2026","rel":"","context":"In &quot;Ganar Sirviendo&quot;","block_context":{"text":"Ganar Sirviendo","link":"https:\/\/latribunera.com\/apuntes\/index.php\/category\/futbol\/futbol-mexicano\/ganar-sirviendo\/"},"img":{"alt_text":"","src":"https:\/\/i0.wp.com\/latribunera.com\/apuntes\/wp-content\/uploads\/2026\/04\/9Guerreton-2026-2.jpg.jpeg?resize=350%2C200&ssl=1","width":350,"height":200,"srcset":"https:\/\/i0.wp.com\/latribunera.com\/apuntes\/wp-content\/uploads\/2026\/04\/9Guerreton-2026-2.jpg.jpeg?resize=350%2C200&ssl=1 1x, https:\/\/i0.wp.com\/latribunera.com\/apuntes\/wp-content\/uploads\/2026\/04\/9Guerreton-2026-2.jpg.jpeg?resize=525%2C300&ssl=1 1.5x, https:\/\/i0.wp.com\/latribunera.com\/apuntes\/wp-content\/uploads\/2026\/04\/9Guerreton-2026-2.jpg.jpeg?resize=700%2C400&ssl=1 2x, https:\/\/i0.wp.com\/latribunera.com\/apuntes\/wp-content\/uploads\/2026\/04\/9Guerreton-2026-2.jpg.jpeg?resize=1050%2C600&ssl=1 3x, https:\/\/i0.wp.com\/latribunera.com\/apuntes\/wp-content\/uploads\/2026\/04\/9Guerreton-2026-2.jpg.jpeg?resize=1400%2C800&ssl=1 4x"},"classes":[]}],"jetpack_sharing_enabled":true,"_links":{"self":[{"href":"https:\/\/latribunera.com\/apuntes\/index.php\/wp-json\/wp\/v2\/posts\/11634","targetHints":{"allow":["GET"]}}],"collection":[{"href":"https:\/\/latribunera.com\/apuntes\/index.php\/wp-json\/wp\/v2\/posts"}],"about":[{"href":"https:\/\/latribunera.com\/apuntes\/index.php\/wp-json\/wp\/v2\/types\/post"}],"author":[{"embeddable":true,"href":"https:\/\/latribunera.com\/apuntes\/index.php\/wp-json\/wp\/v2\/users\/8"}],"replies":[{"embeddable":true,"href":"https:\/\/latribunera.com\/apuntes\/index.php\/wp-json\/wp\/v2\/comments?post=11634"}],"version-history":[{"count":3,"href":"https:\/\/latribunera.com\/apuntes\/index.php\/wp-json\/wp\/v2\/posts\/11634\/revisions"}],"predecessor-version":[{"id":11638,"href":"https:\/\/latribunera.com\/apuntes\/index.php\/wp-json\/wp\/v2\/posts\/11634\/revisions\/11638"}],"wp:featuredmedia":[{"embeddable":true,"href":"https:\/\/latribunera.com\/apuntes\/index.php\/wp-json\/wp\/v2\/media\/11642"}],"wp:attachment":[{"href":"https:\/\/latribunera.com\/apuntes\/index.php\/wp-json\/wp\/v2\/media?parent=11634"}],"wp:term":[{"taxonomy":"category","embeddable":true,"href":"https:\/\/latribunera.com\/apuntes\/index.php\/wp-json\/wp\/v2\/categories?post=11634"},{"taxonomy":"post_tag","embeddable":true,"href":"https:\/\/latribunera.com\/apuntes\/index.php\/wp-json\/wp\/v2\/tags?post=11634"}],"curies":[{"name":"wp","href":"https:\/\/api.w.org\/{rel}","templated":true}]}}