{"id":11818,"date":"2021-01-28T21:35:12","date_gmt":"2021-01-28T21:35:12","guid":{"rendered":"https:\/\/latribunera.com\/apuntes\/?p=11818"},"modified":"2021-01-28T21:51:33","modified_gmt":"2021-01-28T21:51:33","slug":"quien-disena-los-jersey-de-tigres","status":"publish","type":"post","link":"https:\/\/latribunera.com\/apuntes\/index.php\/2021\/01\/28\/quien-disena-los-jersey-de-tigres\/","title":{"rendered":"\u00bfQUI\u00c9N DISE\u00d1A LOS JERSEY DE TIGRES?"},"content":{"rendered":"\n<p><strong>POR: DIEGO DE MONTEMAYOR<\/strong>&nbsp;<\/p>\n\n\n\n<p>Por m\u00e1s que uno se ilusiona la realidad siempre termina siendo la misma: sin novedades y con pocas modificaciones.<\/p>\n\n\n<p><script async src=\"https:\/\/pagead2.googlesyndication.com\/pagead\/js\/adsbygoogle.js\"><\/script><br \/>\n<!-- PC 728x90 --><br \/>\n<ins class=\"adsbygoogle\"\n     style=\"display:inline-block;width:728px;height:90px\"\n     data-ad-client=\"ca-pub-9427576701762839\"\n     data-ad-slot=\"1011393878\"><\/ins><br \/>\n<script>\n     (adsbygoogle = window.adsbygoogle || []).push({});\n<\/script><\/p>\n\n\n\n<p>Adidas, marca deportiva alemana que viste al equipo de la d\u00e9cada, lo hizo de nuevo y no logr\u00f3 algo m\u00e1s que decepcionar a la hinchada de Tigres.<\/p>\n\n\n\n<figure class=\"wp-block-embed-twitter wp-block-embed is-type-rich is-provider-twitter\"><div class=\"wp-block-embed__wrapper\">\n<blockquote class=\"twitter-tweet\" data-width=\"550\" data-dnt=\"true\"><p lang=\"es\" dir=\"ltr\">A d\u00edas de tomar el avi\u00f3n rumbo a Qatar \u00bfDelantera en peligro?\u26a0\ufe0f<br><br>V\u00eda | <a href=\"https:\/\/twitter.com\/latribunera?ref_src=twsrc%5Etfw\">@latribunera<\/a><br><br>\ud83d\udc49\ud83c\udffb <a href=\"https:\/\/t.co\/yICF6sWpaS\">https:\/\/t.co\/yICF6sWpaS<\/a><a href=\"https:\/\/twitter.com\/hashtag\/DuroTigres?src=hash&amp;ref_src=twsrc%5Etfw\">#DuroTigres<\/a> \ud83d\udc4a\ud83c\udffb \ud83d\udc2f <a href=\"https:\/\/t.co\/QwYNokZHZs\">pic.twitter.com\/QwYNokZHZs<\/a><\/p>&mdash; Solo Tigres (@solotigres) <a href=\"https:\/\/twitter.com\/solotigres\/status\/1354504527160991744?ref_src=twsrc%5Etfw\">January 27, 2021<\/a><\/blockquote><script async src=\"https:\/\/platform.twitter.com\/widgets.js\" charset=\"utf-8\"><\/script>\n<\/div><\/figure>\n\n\n\n<p>Es tu primer Mundial de Clubes, es la oportunidad de hacer algo ic\u00f3nico y legendario, para terminar con el mismo jersey con muy leves modificaciones, la neta no se vale.<\/p>\n\n\n<p><script async src=\"https:\/\/pagead2.googlesyndication.com\/pagead\/js\/adsbygoogle.js\"><\/script><br \/>\n<!-- PC 728x90 --><br \/>\n<ins class=\"adsbygoogle\"\n     style=\"display:inline-block;width:728px;height:90px\"\n     data-ad-client=\"ca-pub-9427576701762839\"\n     data-ad-slot=\"1011393878\"><\/ins><br \/>\n<script>\n     (adsbygoogle = window.adsbygoogle || []).push({});\n<\/script><\/p>\n\n\n\n<p>No hay duda que los incomparables lo van a comprar, se va a agotar y nadie se ha quejado del precio, lo \u00fanico que se pide es m\u00e1s ingenio de una marca tan prestigiada.<\/p>\n\n\n\n<figure class=\"wp-block-embed-twitter wp-block-embed is-type-rich is-provider-twitter\"><div class=\"wp-block-embed__wrapper\">\n<blockquote class=\"twitter-tweet\" data-width=\"550\" data-dnt=\"true\"><p lang=\"es\" dir=\"ltr\">La pol\u00e9mica parece ser \u201ccomidilla\u201d para Juli\u00e1n Qui\u00f1ones \ud83d\ude44<br><br>V\u00eda |  <a href=\"https:\/\/twitter.com\/latribunera?ref_src=twsrc%5Etfw\">@latribunera<\/a> <br><br>\ud83d\udc49\ud83c\udffb <a href=\"https:\/\/t.co\/sEvor3lCOs\">https:\/\/t.co\/sEvor3lCOs<\/a> <a href=\"https:\/\/twitter.com\/hashtag\/DuroTigres?src=hash&amp;ref_src=twsrc%5Etfw\">#DuroTigres<\/a> \ud83d\udc4a\ud83c\udffb\ud83d\udc2f <a href=\"https:\/\/t.co\/B65jYX3Vfe\">pic.twitter.com\/B65jYX3Vfe<\/a><\/p>&mdash; Solo Tigres (@solotigres) <a href=\"https:\/\/twitter.com\/solotigres\/status\/1353881607506190336?ref_src=twsrc%5Etfw\">January 26, 2021<\/a><\/blockquote><script async src=\"https:\/\/platform.twitter.com\/widgets.js\" charset=\"utf-8\"><\/script>\n<\/div><\/figure>\n\n\n\n<p>La realidad es que en esta ocasi\u00f3n el dise\u00f1o que mostraron algunos aficionados estuvo mejor que lo que terminaron presentando como un jersey conmemorativo.<\/p>\n\n\n\n<p>Esperemos que el pr\u00f3ximo jersey cumpla con las expectativas, el del Mundial luce limpio gracias a que no porta tantas marcas, la U en el costado luce espectacular y hasta ah\u00ed podemos hacer el an\u00e1lisis.<\/p>\n\n\n\n<figure class=\"wp-block-embed-youtube wp-block-embed is-type-video is-provider-youtube wp-embed-aspect-16-9 wp-has-aspect-ratio\"><div class=\"wp-block-embed__wrapper\">\n<iframe loading=\"lazy\" title=\"Tom Brady vs Gignac - A LO VALO | Episodio 11\" width=\"960\" height=\"540\" src=\"https:\/\/www.youtube.com\/embed\/C_DiyCUMvrk?feature=oembed\" frameborder=\"0\" allow=\"accelerometer; autoplay; clipboard-write; encrypted-media; gyroscope; picture-in-picture\" allowfullscreen><\/iframe>\n<\/div><\/figure>\n\n\n<p><script async src=\"https:\/\/pagead2.googlesyndication.com\/pagead\/js\/adsbygoogle.js\"><\/script><br \/>\n<!-- PC 728x90 --><br \/>\n<ins class=\"adsbygoogle\"\n     style=\"display:inline-block;width:728px;height:90px\"\n     data-ad-client=\"ca-pub-9427576701762839\"\n     data-ad-slot=\"1011393878\"><\/ins><br \/>\n<script>\n     (adsbygoogle = window.adsbygoogle || []).push({});\n<\/script><\/p>\n","protected":false},"excerpt":{"rendered":"<p>Listos lo jersey para encarar el Mundial de Clubes en Qatar.<\/p>\n","protected":false},"author":4,"featured_media":11819,"comment_status":"open","ping_status":"open","sticky":false,"template":"","format":"standard","meta":{"_jetpack_memberships_contains_paid_content":false,"footnotes":""},"categories":[262,3,278],"tags":[258,286,74,255,102],"class_list":["post-11818","post","type-post","status-publish","format-standard","has-post-thumbnail","hentry","category-diego-de-montemayor","category-futbol","category-solotigres","tag-clausura-2021","tag-guardianes-2021","tag-liga-mx","tag-mundial-de-clubes","tag-tigres"],"jetpack_featured_media_url":"https:\/\/latribunera.com\/apuntes\/wp-content\/uploads\/2021\/01\/45A2648D-DE2A-40B7-A109-1C39776A6BAB.jpeg","jetpack-related-posts":[{"id":45392,"url":"https:\/\/latribunera.com\/apuntes\/index.php\/2026\/04\/09\/se-presento-la-13va-edicion-del-guerreton\/","url_meta":{"origin":11818,"position":0},"title":"Se presento la 13va edici\u00f3n del Guerret\u00f3n.","author":"Staff","date":"9 abril, 2026","format":false,"excerpt":"A lo largo de sus primeras 12 ediciones, Guerret\u00f3n ha logrado recolectar m\u00e1s de 121,500juguetes, peluches y balones, beneficiando a diversas asociaciones e instituciones de laregi\u00f3n lagunera, entre ellas CRIT Durango, los sistemas DIF de distintos municipios, as\u00edcomo organizaciones educativas y asistenciales. A la fecha, se han instalado cuatro ludotecas\u2026","rel":"","context":"In &quot;Ganar Sirviendo&quot;","block_context":{"text":"Ganar Sirviendo","link":"https:\/\/latribunera.com\/apuntes\/index.php\/category\/futbol\/futbol-mexicano\/ganar-sirviendo\/"},"img":{"alt_text":"","src":"https:\/\/i0.wp.com\/latribunera.com\/apuntes\/wp-content\/uploads\/2026\/04\/9Guerreton-2026-2.jpg.jpeg?resize=350%2C200&ssl=1","width":350,"height":200,"srcset":"https:\/\/i0.wp.com\/latribunera.com\/apuntes\/wp-content\/uploads\/2026\/04\/9Guerreton-2026-2.jpg.jpeg?resize=350%2C200&ssl=1 1x, https:\/\/i0.wp.com\/latribunera.com\/apuntes\/wp-content\/uploads\/2026\/04\/9Guerreton-2026-2.jpg.jpeg?resize=525%2C300&ssl=1 1.5x, https:\/\/i0.wp.com\/latribunera.com\/apuntes\/wp-content\/uploads\/2026\/04\/9Guerreton-2026-2.jpg.jpeg?resize=700%2C400&ssl=1 2x, https:\/\/i0.wp.com\/latribunera.com\/apuntes\/wp-content\/uploads\/2026\/04\/9Guerreton-2026-2.jpg.jpeg?resize=1050%2C600&ssl=1 3x, https:\/\/i0.wp.com\/latribunera.com\/apuntes\/wp-content\/uploads\/2026\/04\/9Guerreton-2026-2.jpg.jpeg?resize=1400%2C800&ssl=1 4x"},"classes":[]},{"id":45386,"url":"https:\/\/latribunera.com\/apuntes\/index.php\/2026\/03\/11\/santos-launa-impulsa-mejoras-en-la-infraestructura-de-tsm-y-estadio-corona\/","url_meta":{"origin":11818,"position":1},"title":"Santos Laguna impulsa mejoras en la infraestructura de TSM y Estadio Corona","author":"Jacob Alarcon","date":"11 marzo, 2026","format":false,"excerpt":"Club Santos Laguna lleva a cabo una serie de reformas y mejoras en la infraestructura de TerritorioSantos Modelo y del Estadio Corona, con el objetivo de impulsar la innovaci\u00f3n tecnol\u00f3gica, lasostenibilidad y la modernizaci\u00f3n de sus espacios.Con estas acciones, el club contin\u00faa fortaleciendo la experiencia de sus aficionados yactualizando sus\u2026","rel":"","context":"In &quot;Pasi\u00f3n Guerrera&quot;","block_context":{"text":"Pasi\u00f3n Guerrera","link":"https:\/\/latribunera.com\/apuntes\/index.php\/category\/tribus\/pasionguerrera\/"},"img":{"alt_text":"","src":"https:\/\/i0.wp.com\/latribunera.com\/apuntes\/wp-content\/uploads\/2026\/03\/Renovacion-TSM.jpg?resize=350%2C200&ssl=1","width":350,"height":200,"srcset":"https:\/\/i0.wp.com\/latribunera.com\/apuntes\/wp-content\/uploads\/2026\/03\/Renovacion-TSM.jpg?resize=350%2C200&ssl=1 1x, https:\/\/i0.wp.com\/latribunera.com\/apuntes\/wp-content\/uploads\/2026\/03\/Renovacion-TSM.jpg?resize=525%2C300&ssl=1 1.5x, https:\/\/i0.wp.com\/latribunera.com\/apuntes\/wp-content\/uploads\/2026\/03\/Renovacion-TSM.jpg?resize=700%2C400&ssl=1 2x, https:\/\/i0.wp.com\/latribunera.com\/apuntes\/wp-content\/uploads\/2026\/03\/Renovacion-TSM.jpg?resize=1050%2C600&ssl=1 3x, https:\/\/i0.wp.com\/latribunera.com\/apuntes\/wp-content\/uploads\/2026\/03\/Renovacion-TSM.jpg?resize=1400%2C800&ssl=1 4x"},"classes":[]},{"id":45421,"url":"https:\/\/latribunera.com\/apuntes\/index.php\/2026\/04\/16\/todo-listo-para-la-14va-edicion-de-la-copa-internacional-santos-penoles\/","url_meta":{"origin":11818,"position":2},"title":"Todo listo para la 14va edici\u00f3n de la Copa Internacional Santos Pe\u00f1oles","author":"Jacob Alarcon","date":"16 abril, 2026","format":false,"excerpt":"Este jueves, en el Auditorio Orlegi de Territorio Santos Modelo, se llev\u00f3 a cabo la presentaci\u00f3noficial de la edici\u00f3n 2026 de la Copa Internacional Santos Pe\u00f1oles, torneo que se ha consolidadocomo uno de los m\u00e1s importantes a nivel infantil y juvenil en M\u00e9xico. Adem\u00e1s de brindar una competencia deportiva de\u2026","rel":"","context":"In &quot;Sin categor\u00eda&quot;","block_context":{"text":"Sin categor\u00eda","link":"https:\/\/latribunera.com\/apuntes\/index.php\/category\/sin-categoria\/"},"img":{"alt_text":"","src":"https:\/\/i0.wp.com\/latribunera.com\/apuntes\/wp-content\/uploads\/2026\/04\/Presentacion-Copa-Santos-Penoles.jpg?resize=350%2C200&ssl=1","width":350,"height":200,"srcset":"https:\/\/i0.wp.com\/latribunera.com\/apuntes\/wp-content\/uploads\/2026\/04\/Presentacion-Copa-Santos-Penoles.jpg?resize=350%2C200&ssl=1 1x, https:\/\/i0.wp.com\/latribunera.com\/apuntes\/wp-content\/uploads\/2026\/04\/Presentacion-Copa-Santos-Penoles.jpg?resize=525%2C300&ssl=1 1.5x, https:\/\/i0.wp.com\/latribunera.com\/apuntes\/wp-content\/uploads\/2026\/04\/Presentacion-Copa-Santos-Penoles.jpg?resize=700%2C400&ssl=1 2x, https:\/\/i0.wp.com\/latribunera.com\/apuntes\/wp-content\/uploads\/2026\/04\/Presentacion-Copa-Santos-Penoles.jpg?resize=1050%2C600&ssl=1 3x, https:\/\/i0.wp.com\/latribunera.com\/apuntes\/wp-content\/uploads\/2026\/04\/Presentacion-Copa-Santos-Penoles.jpg?resize=1400%2C800&ssl=1 4x"},"classes":[]}],"jetpack_sharing_enabled":true,"_links":{"self":[{"href":"https:\/\/latribunera.com\/apuntes\/index.php\/wp-json\/wp\/v2\/posts\/11818","targetHints":{"allow":["GET"]}}],"collection":[{"href":"https:\/\/latribunera.com\/apuntes\/index.php\/wp-json\/wp\/v2\/posts"}],"about":[{"href":"https:\/\/latribunera.com\/apuntes\/index.php\/wp-json\/wp\/v2\/types\/post"}],"author":[{"embeddable":true,"href":"https:\/\/latribunera.com\/apuntes\/index.php\/wp-json\/wp\/v2\/users\/4"}],"replies":[{"embeddable":true,"href":"https:\/\/latribunera.com\/apuntes\/index.php\/wp-json\/wp\/v2\/comments?post=11818"}],"version-history":[{"count":3,"href":"https:\/\/latribunera.com\/apuntes\/index.php\/wp-json\/wp\/v2\/posts\/11818\/revisions"}],"predecessor-version":[{"id":11824,"href":"https:\/\/latribunera.com\/apuntes\/index.php\/wp-json\/wp\/v2\/posts\/11818\/revisions\/11824"}],"wp:featuredmedia":[{"embeddable":true,"href":"https:\/\/latribunera.com\/apuntes\/index.php\/wp-json\/wp\/v2\/media\/11819"}],"wp:attachment":[{"href":"https:\/\/latribunera.com\/apuntes\/index.php\/wp-json\/wp\/v2\/media?parent=11818"}],"wp:term":[{"taxonomy":"category","embeddable":true,"href":"https:\/\/latribunera.com\/apuntes\/index.php\/wp-json\/wp\/v2\/categories?post=11818"},{"taxonomy":"post_tag","embeddable":true,"href":"https:\/\/latribunera.com\/apuntes\/index.php\/wp-json\/wp\/v2\/tags?post=11818"}],"curies":[{"name":"wp","href":"https:\/\/api.w.org\/{rel}","templated":true}]}}