{"id":11996,"date":"2021-02-04T22:32:04","date_gmt":"2021-02-04T22:32:04","guid":{"rendered":"https:\/\/latribunera.com\/apuntes\/?p=11996"},"modified":"2021-02-04T22:49:30","modified_gmt":"2021-02-04T22:49:30","slug":"javier-aquino-y-una-noche-complicada-en-qatar","status":"publish","type":"post","link":"https:\/\/latribunera.com\/apuntes\/index.php\/2021\/02\/04\/javier-aquino-y-una-noche-complicada-en-qatar\/","title":{"rendered":"JAVIER AQUINO Y UNA NOCHE COMPLICADA EN QATAR"},"content":{"rendered":"\n<p>POR: DIEGO DE MONTEMAYOR&nbsp;<\/p>\n\n\n\n<p>Tigres gan\u00f3 2-1 ante Ulsan Hyundai en Qatar y est\u00e1 en Semis del Mundial de Clubes, pero dentro de toda la alegr\u00eda por el triunfo hubo algo de incertidumbre por la lesi\u00f3n que sufri\u00f3 Javier Aquino.<\/p>\n\n\n\n<p>El mundialista mexicano choc\u00f3 con un rival en el segundo tiempo del juego ante los asi\u00e1ticos, sali\u00f3 de cambio y termin\u00f3 en el hospital, afortunadamente sin ninguna complicaci\u00f3n.<\/p>\n\n\n<p><script async src=\"https:\/\/pagead2.googlesyndication.com\/pagead\/js\/adsbygoogle.js\"><\/script><br \/>\n<!-- PC 728x90 --><br \/>\n<ins class=\"adsbygoogle\"\n     style=\"display:inline-block;width:728px;height:90px\"\n     data-ad-client=\"ca-pub-9427576701762839\"\n     data-ad-slot=\"1011393878\"><\/ins><br \/>\n<script>\n     (adsbygoogle = window.adsbygoogle || []).push({});\n<\/script><\/p>\n\n\n\n<p>\u201cEl cambio de Aquino fue necesario. Hay un reglamento nuevo que obliga a cambiar un jugador que sufri\u00f3 una conmoci\u00f3n\u201d, dijo el t\u00e9cnico de Tigres Ricardo Ferretti despu\u00e9s del triunfo.<\/p>\n\n\n\n<p>Horas despu\u00e9s de la victoria el Club Tigres public\u00f3 un video en el que Aquino lleg\u00f3 al hotel de concentraci\u00f3n con un vendaje en la cabeza, pero sin nada de consideraci\u00f3n.<\/p>\n\n\n\n<p>&nbsp;\u201cJavier Aquino sufri\u00f3 traumatismo en la cabeza sin ninguna alteraci\u00f3n neurol\u00f3gica, con una herida que requiri\u00f3 dos puntos de sutura. Estudios de imagen (Tac y Radiograf\u00edas) con resultados normales y pron\u00f3stico reservado a evoluci\u00f3n\u201d, se aprecia en el comunicado.<\/p>\n\n\n\n<p>Ahora habr\u00e1 que esperar si Javi se logra recuperar para el partido del domingo ante Palmeiras por las semifinales del Mundial de Clubes.<\/p>\n\n\n\n<figure class=\"wp-block-embed-youtube wp-block-embed is-type-video is-provider-youtube wp-embed-aspect-16-9 wp-has-aspect-ratio\"><div class=\"wp-block-embed__wrapper\">\n<iframe loading=\"lazy\" title=\"\u00bfA qui\u00e9n representa Tigres en el mundial de clubes?\" width=\"960\" height=\"540\" src=\"https:\/\/www.youtube.com\/embed\/PSRThWPOChE?feature=oembed\" frameborder=\"0\" allow=\"accelerometer; autoplay; clipboard-write; encrypted-media; gyroscope; picture-in-picture\" allowfullscreen><\/iframe>\n<\/div><\/figure>\n\n\n<p><script async src=\"https:\/\/pagead2.googlesyndication.com\/pagead\/js\/adsbygoogle.js\"><\/script><br \/>\n<!-- PC 728x90 --><br \/>\n<ins class=\"adsbygoogle\"\n     style=\"display:inline-block;width:728px;height:90px\"\n     data-ad-client=\"ca-pub-9427576701762839\"\n     data-ad-slot=\"1011393878\"><\/ins><br \/>\n<script>\n     (adsbygoogle = window.adsbygoogle || []).push({});\n<\/script><\/p>\n\n\n\n\n<p><script async src=\"https:\/\/pagead2.googlesyndication.com\/pagead\/js\/adsbygoogle.js\"><\/script><br \/>\n<!-- PC 728x90 --><br \/>\n<ins class=\"adsbygoogle\"\n     style=\"display:inline-block;width:728px;height:90px\"\n     data-ad-client=\"ca-pub-9427576701762839\"\n     data-ad-slot=\"1011393878\"><\/ins><br \/>\n<script>\n     (adsbygoogle = window.adsbygoogle || []).push({});\n<\/script><\/p>\n","protected":false},"excerpt":{"rendered":"<p>El mundialista mexicano choc\u00f3 con un rival en el segundo tiempo del juego ante los asi\u00e1ticos, sali\u00f3 de cambio y termin\u00f3 en el hospital, afortunadamente sin ninguna complicaci\u00f3n<\/p>\n","protected":false},"author":4,"featured_media":11997,"comment_status":"open","ping_status":"open","sticky":false,"template":"","format":"standard","meta":{"_jetpack_memberships_contains_paid_content":false,"footnotes":""},"categories":[262,3,2,278],"tags":[258,286,74,255,102],"class_list":["post-11996","post","type-post","status-publish","format-standard","has-post-thumbnail","hentry","category-diego-de-montemayor","category-futbol","category-futbol-mexicano","category-solotigres","tag-clausura-2021","tag-guardianes-2021","tag-liga-mx","tag-mundial-de-clubes","tag-tigres"],"jetpack_featured_media_url":"https:\/\/latribunera.com\/apuntes\/wp-content\/uploads\/2021\/02\/3073CF6C-EED8-4219-8C54-B1D27E6EF513.png","jetpack-related-posts":[],"jetpack_sharing_enabled":true,"_links":{"self":[{"href":"https:\/\/latribunera.com\/apuntes\/index.php\/wp-json\/wp\/v2\/posts\/11996","targetHints":{"allow":["GET"]}}],"collection":[{"href":"https:\/\/latribunera.com\/apuntes\/index.php\/wp-json\/wp\/v2\/posts"}],"about":[{"href":"https:\/\/latribunera.com\/apuntes\/index.php\/wp-json\/wp\/v2\/types\/post"}],"author":[{"embeddable":true,"href":"https:\/\/latribunera.com\/apuntes\/index.php\/wp-json\/wp\/v2\/users\/4"}],"replies":[{"embeddable":true,"href":"https:\/\/latribunera.com\/apuntes\/index.php\/wp-json\/wp\/v2\/comments?post=11996"}],"version-history":[{"count":3,"href":"https:\/\/latribunera.com\/apuntes\/index.php\/wp-json\/wp\/v2\/posts\/11996\/revisions"}],"predecessor-version":[{"id":12007,"href":"https:\/\/latribunera.com\/apuntes\/index.php\/wp-json\/wp\/v2\/posts\/11996\/revisions\/12007"}],"wp:featuredmedia":[{"embeddable":true,"href":"https:\/\/latribunera.com\/apuntes\/index.php\/wp-json\/wp\/v2\/media\/11997"}],"wp:attachment":[{"href":"https:\/\/latribunera.com\/apuntes\/index.php\/wp-json\/wp\/v2\/media?parent=11996"}],"wp:term":[{"taxonomy":"category","embeddable":true,"href":"https:\/\/latribunera.com\/apuntes\/index.php\/wp-json\/wp\/v2\/categories?post=11996"},{"taxonomy":"post_tag","embeddable":true,"href":"https:\/\/latribunera.com\/apuntes\/index.php\/wp-json\/wp\/v2\/tags?post=11996"}],"curies":[{"name":"wp","href":"https:\/\/api.w.org\/{rel}","templated":true}]}}