{"id":12137,"date":"2021-02-10T06:35:28","date_gmt":"2021-02-10T06:35:28","guid":{"rendered":"https:\/\/latribunera.com\/apuntes\/?p=12137"},"modified":"2021-02-10T17:57:54","modified_gmt":"2021-02-10T17:57:54","slug":"paton-35","status":"publish","type":"post","link":"https:\/\/latribunera.com\/apuntes\/index.php\/2021\/02\/10\/paton-35\/","title":{"rendered":"PATON 35"},"content":{"rendered":"\n<p>Por Alejandro Mart\u00ednez \/ @alexmtz8603<\/p>\n\n\n\n<p>Hace 35 a\u00f1os, la ciudad de Rosario Argentina vio nacer a Nahuel Guzm\u00e1n, el hoy \u00eddolo de Tigres.<\/p>\n\n\n<p><script async src=\"https:\/\/pagead2.googlesyndication.com\/pagead\/js\/adsbygoogle.js\"><\/script><br \/>\n<!-- PC 728x90 --><br \/>\n<ins class=\"adsbygoogle\"\n     style=\"display:inline-block;width:728px;height:90px\"\n     data-ad-client=\"ca-pub-9427576701762839\"\n     data-ad-slot=\"1011393878\"><\/ins><br \/>\n<script>\n     (adsbygoogle = window.adsbygoogle || []).push({});\n<\/script><\/p>\n\n\n\n<p><strong>\u00bfY c\u00f3mo lo vas a celebrar Pat\u00f3n?<\/strong><\/p>\n\n\n\n<p>Seguro que,\nnervioso y a t\u00fa estilo, irreverente y alocado viviendo las horas previas a la\nFinal del Mundial de Clubes.<\/p>\n\n\n\n<p>Del 2005 a la\nfecha, el rosarino ha dedicado su vida al f\u00fatbol profesional.<\/p>\n\n\n\n<p>Newell\u2019s,\nIndependiente de Rivadavia y Tigres, los clubes en donde ha defendido a capa y\nespada las porter\u00edas.<\/p>\n\n\n\n<p>Adem\u00e1s, Nahuel form\u00f3 parte de la Selecci\u00f3n Argentina y no en una simple convocatoria, sino que fue participe de la Copa del Mundo de Rusia 2018.<\/p>\n\n\n\n<p>Apenas inicia el 10 de febrero y en las redes sociales, Nahuel ya recibi\u00f3 un sinf\u00edn de mensajes de felicitaciones, todas ellas seguro que, ser\u00e1n una motivaci\u00f3n extra para la batalla Final ante el Bayern.<\/p>\n\n\n\n<figure class=\"wp-block-embed-twitter wp-block-embed is-type-rich is-provider-twitter\"><div class=\"wp-block-embed__wrapper\">\n<blockquote class=\"twitter-tweet\" data-width=\"550\" data-dnt=\"true\"><p lang=\"es\" dir=\"ltr\">En Qatar ya amaneci\u00f3, y le mandamos una gran felicitaci\u00f3n a <a href=\"https:\/\/twitter.com\/PatonGuzman?ref_src=twsrc%5Etfw\">@PatonGuzman<\/a> por su cumplea\u00f1os. No hay palabras&#8230; simplemente \u00a1GRACIAS POR SER DE TIGRES!<a href=\"https:\/\/twitter.com\/hashtag\/SomosAuriazules?src=hash&amp;ref_src=twsrc%5Etfw\">#SomosAuriazules<\/a> <a href=\"https:\/\/twitter.com\/hashtag\/TigresEnQatar?src=hash&amp;ref_src=twsrc%5Etfw\">#TigresEnQatar<\/a> <a href=\"https:\/\/t.co\/JkatCiVUG4\">pic.twitter.com\/JkatCiVUG4<\/a><\/p>&mdash; delirioauriazul (@delirioauriazul) <a href=\"https:\/\/twitter.com\/delirioauriazul\/status\/1359367050708271107?ref_src=twsrc%5Etfw\">February 10, 2021<\/a><\/blockquote><script async src=\"https:\/\/platform.twitter.com\/widgets.js\" charset=\"utf-8\"><\/script>\n<\/div><\/figure>\n\n\n\n<figure class=\"wp-block-embed-twitter wp-block-embed is-type-rich is-provider-twitter\"><div class=\"wp-block-embed__wrapper\">\n<blockquote class=\"twitter-tweet\" data-width=\"550\" data-dnt=\"true\"><p lang=\"es\" dir=\"ltr\">Ya es 10 de Feb en <a href=\"https:\/\/twitter.com\/hashtag\/qatar?src=hash&amp;ref_src=twsrc%5Etfw\">#qatar<\/a>  <br>y esta de cumplea\u00f1os el de los tama\u00f1otes, nuestro loco, nuestro tigre adorado<br> <a href=\"https:\/\/twitter.com\/PatonGuzman?ref_src=twsrc%5Etfw\">@PatonGuzman<\/a> <br>\ud83d\udc63\ud83e\udde4\u26bd\ufe0f<br>Larga vida, que sean muchos m\u00e1s repletos de sue\u00f1os, anhelos, felicidad y \u00e9xitos Pata querido \ud83c\udf89\ud83e\udd73 <br>Felicitaciones \ud83c\udf88\ud83c\udf82<br>Soy <a href=\"https:\/\/twitter.com\/hashtag\/Nahuelista?src=hash&amp;ref_src=twsrc%5Etfw\">#Nahuelista<\/a> a mill\u00f3n <a href=\"https:\/\/t.co\/ap8RBskIvE\">pic.twitter.com\/ap8RBskIvE<\/a><\/p>&mdash; \ud83c\udd42\ud83c\udd44\ud83c\udd42\ud83c\udd48\ud83c\udd43\ud83c\udd30 2\ufe0f\u20e3 \u0627\u0644\u062a\u0648\u0623\u0645 (@susyta_guzman) <a href=\"https:\/\/twitter.com\/susyta_guzman\/status\/1359331555802554370?ref_src=twsrc%5Etfw\">February 10, 2021<\/a><\/blockquote><script async src=\"https:\/\/platform.twitter.com\/widgets.js\" charset=\"utf-8\"><\/script>\n<\/div><\/figure>\n\n\n<p><script async src=\"https:\/\/pagead2.googlesyndication.com\/pagead\/js\/adsbygoogle.js\"><\/script><br \/>\n<!-- PC 728x90 --><br \/>\n<ins class=\"adsbygoogle\"\n     style=\"display:inline-block;width:728px;height:90px\"\n     data-ad-client=\"ca-pub-9427576701762839\"\n     data-ad-slot=\"1011393878\"><\/ins><br \/>\n<script>\n     (adsbygoogle = window.adsbygoogle || []).push({});\n<\/script><\/p>\n\n\n\n<figure class=\"wp-block-embed-youtube wp-block-embed is-type-video is-provider-youtube wp-embed-aspect-16-9 wp-has-aspect-ratio\"><div class=\"wp-block-embed__wrapper\">\n<iframe loading=\"lazy\" title=\"Gignac vs Brady,  - A LO VALO | Episodio 13\" width=\"960\" height=\"540\" src=\"https:\/\/www.youtube.com\/embed\/c9W2EO2BXZI?feature=oembed\" frameborder=\"0\" allow=\"accelerometer; autoplay; clipboard-write; encrypted-media; gyroscope; picture-in-picture\" allowfullscreen><\/iframe>\n<\/div><\/figure>\n\n\n<p><script async src=\"https:\/\/pagead2.googlesyndication.com\/pagead\/js\/adsbygoogle.js\"><\/script><br \/>\n<!-- PC 728x90 --><br \/>\n<ins class=\"adsbygoogle\"\n     style=\"display:inline-block;width:728px;height:90px\"\n     data-ad-client=\"ca-pub-9427576701762839\"\n     data-ad-slot=\"1011393878\"><\/ins><br \/>\n<script>\n     (adsbygoogle = window.adsbygoogle || []).push({});\n<\/script><\/p>\n\n\n\n\n<p><script async src=\"https:\/\/pagead2.googlesyndication.com\/pagead\/js\/adsbygoogle.js\"><\/script><br \/>\n<!-- PC 728x90 --><br \/>\n<ins class=\"adsbygoogle\"\n     style=\"display:inline-block;width:728px;height:90px\"\n     data-ad-client=\"ca-pub-9427576701762839\"\n     data-ad-slot=\"1011393878\"><\/ins><br \/>\n<script>\n     (adsbygoogle = window.adsbygoogle || []).push({});\n<\/script><\/p>\n","protected":false},"excerpt":{"rendered":"<p>Por Alejandro Mart\u00ednez \/ @alexmtz8603 Hace 35 a\u00f1os, la ciudad de Rosario Argentina vio nacer a Nahuel Guzm\u00e1n, el hoy \u00eddolo de Tigres. \u00bfY c\u00f3mo lo vas a celebrar Pat\u00f3n? Seguro que, nervioso y a t\u00fa estilo, irreverente y alocado viviendo las horas previas a la Final del Mundial de Clubes. Del 2005 a la&#8230; <\/p>\n<div class=\"clear\"><\/div>\n<p><a href=\"https:\/\/latribunera.com\/apuntes\/index.php\/2021\/02\/10\/paton-35\/\" class=\"excerpt-read-more\">Read More<i class=\"fa fa-caret-right icon-caret-right\"><\/i><\/a><\/p>\n","protected":false},"author":7,"featured_media":12138,"comment_status":"open","ping_status":"open","sticky":false,"template":"","format":"standard","meta":{"_jetpack_memberships_contains_paid_content":false,"footnotes":""},"categories":[231,3,278],"tags":[],"class_list":["post-12137","post","type-post","status-publish","format-standard","has-post-thumbnail","hentry","category-apuntes","category-futbol","category-solotigres"],"jetpack_featured_media_url":"https:\/\/latribunera.com\/apuntes\/wp-content\/uploads\/2021\/02\/145651892_3987606637968016_6587707799072370781_o.jpg","jetpack-related-posts":[{"id":45386,"url":"https:\/\/latribunera.com\/apuntes\/index.php\/2026\/03\/11\/santos-launa-impulsa-mejoras-en-la-infraestructura-de-tsm-y-estadio-corona\/","url_meta":{"origin":12137,"position":0},"title":"Santos Laguna impulsa mejoras en la infraestructura de TSM y Estadio Corona","author":"Jacob Alarcon","date":"11 marzo, 2026","format":false,"excerpt":"Club Santos Laguna lleva a cabo una serie de reformas y mejoras en la infraestructura de TerritorioSantos Modelo y del Estadio Corona, con el objetivo de impulsar la innovaci\u00f3n tecnol\u00f3gica, lasostenibilidad y la modernizaci\u00f3n de sus espacios.Con estas acciones, el club contin\u00faa fortaleciendo la experiencia de sus aficionados yactualizando sus\u2026","rel":"","context":"In &quot;Pasi\u00f3n Guerrera&quot;","block_context":{"text":"Pasi\u00f3n Guerrera","link":"https:\/\/latribunera.com\/apuntes\/index.php\/category\/tribus\/pasionguerrera\/"},"img":{"alt_text":"","src":"https:\/\/i0.wp.com\/latribunera.com\/apuntes\/wp-content\/uploads\/2026\/03\/Renovacion-TSM.jpg?resize=350%2C200&ssl=1","width":350,"height":200,"srcset":"https:\/\/i0.wp.com\/latribunera.com\/apuntes\/wp-content\/uploads\/2026\/03\/Renovacion-TSM.jpg?resize=350%2C200&ssl=1 1x, https:\/\/i0.wp.com\/latribunera.com\/apuntes\/wp-content\/uploads\/2026\/03\/Renovacion-TSM.jpg?resize=525%2C300&ssl=1 1.5x, https:\/\/i0.wp.com\/latribunera.com\/apuntes\/wp-content\/uploads\/2026\/03\/Renovacion-TSM.jpg?resize=700%2C400&ssl=1 2x, https:\/\/i0.wp.com\/latribunera.com\/apuntes\/wp-content\/uploads\/2026\/03\/Renovacion-TSM.jpg?resize=1050%2C600&ssl=1 3x, https:\/\/i0.wp.com\/latribunera.com\/apuntes\/wp-content\/uploads\/2026\/03\/Renovacion-TSM.jpg?resize=1400%2C800&ssl=1 4x"},"classes":[]}],"jetpack_sharing_enabled":true,"_links":{"self":[{"href":"https:\/\/latribunera.com\/apuntes\/index.php\/wp-json\/wp\/v2\/posts\/12137","targetHints":{"allow":["GET"]}}],"collection":[{"href":"https:\/\/latribunera.com\/apuntes\/index.php\/wp-json\/wp\/v2\/posts"}],"about":[{"href":"https:\/\/latribunera.com\/apuntes\/index.php\/wp-json\/wp\/v2\/types\/post"}],"author":[{"embeddable":true,"href":"https:\/\/latribunera.com\/apuntes\/index.php\/wp-json\/wp\/v2\/users\/7"}],"replies":[{"embeddable":true,"href":"https:\/\/latribunera.com\/apuntes\/index.php\/wp-json\/wp\/v2\/comments?post=12137"}],"version-history":[{"count":3,"href":"https:\/\/latribunera.com\/apuntes\/index.php\/wp-json\/wp\/v2\/posts\/12137\/revisions"}],"predecessor-version":[{"id":12172,"href":"https:\/\/latribunera.com\/apuntes\/index.php\/wp-json\/wp\/v2\/posts\/12137\/revisions\/12172"}],"wp:featuredmedia":[{"embeddable":true,"href":"https:\/\/latribunera.com\/apuntes\/index.php\/wp-json\/wp\/v2\/media\/12138"}],"wp:attachment":[{"href":"https:\/\/latribunera.com\/apuntes\/index.php\/wp-json\/wp\/v2\/media?parent=12137"}],"wp:term":[{"taxonomy":"category","embeddable":true,"href":"https:\/\/latribunera.com\/apuntes\/index.php\/wp-json\/wp\/v2\/categories?post=12137"},{"taxonomy":"post_tag","embeddable":true,"href":"https:\/\/latribunera.com\/apuntes\/index.php\/wp-json\/wp\/v2\/tags?post=12137"}],"curies":[{"name":"wp","href":"https:\/\/api.w.org\/{rel}","templated":true}]}}