{"id":12159,"date":"2021-02-10T14:19:19","date_gmt":"2021-02-10T14:19:19","guid":{"rendered":"https:\/\/latribunera.com\/apuntes\/?p=12159"},"modified":"2021-02-10T17:54:03","modified_gmt":"2021-02-10T17:54:03","slug":"que-dijo-tuca","status":"publish","type":"post","link":"https:\/\/latribunera.com\/apuntes\/index.php\/2021\/02\/10\/que-dijo-tuca\/","title":{"rendered":"SIN MIEDO AL BAYERN: TUCA"},"content":{"rendered":"\n<p>Por Alejandro Mart\u00ednez \/ @alexmtz8603<\/p>\n\n\n\n<p>En Tigres est\u00e1n\nlistos para la Gran Final del Mundial de Clubes. <\/p>\n\n\n\n<p>Desde Qatar, el t\u00e9cnico Ricardo Ferretti revel\u00f3 las \u00faltimas sensaciones del equipo de la UANL de cara al cotejo hist\u00f3rico frente al Bayern M\u00fanich de Alemania.<\/p>\n\n\n<p><script async=\"\" src=\"https:\/\/pagead2.googlesyndication.com\/pagead\/js\/adsbygoogle.js\"><\/script><br \/>\n<!-- PC 728x90 --><br \/>\n<ins class=\"adsbygoogle\" style=\"display:inline-block;width:728px;height:90px\" data-ad-client=\"ca-pub-9427576701762839\" data-ad-slot=\"1011393878\"><\/ins><br \/>\n<script>\n     (adsbygoogle = window.adsbygoogle || []).push({});\n<\/script><\/p>\n\n\n\n<p>\u00bfQui\u00e9n es\nfavorito?<\/p>\n\n\n\n<p>&nbsp;\u201cNunca somos favoritos porque no nos sentimos m\u00e1s\nque nadie\u201d<\/p>\n\n\n\n<p>\u201cLos que\nponen el t\u00edtulo de favoritos son ustedes, la prensa, la gente, en el medio\nfutbol\u00edstico nadie nos sentimos m\u00e1s que nadie\u201d<\/p>\n\n\n\n<p>Sobre Bayern<\/p>\n\n\n\n<p>\u201cSabemos qu\u00e9\ntipo de equipo es. Vamos a jugar buscando, en primer lugar, contrarrestar el\nda\u00f1o que nos quieren hacer y despu\u00e9s imponer nuestro estilo de juego\u201d<\/p>\n\n\n\n<p>Baja de\nBoateng<\/p>\n\n\n\n<p>\u201cDe cambiar\nla preparaci\u00f3n al partido no, pero s\u00ed de parte de todos nosotros nuestro m\u00e1s\nsentido p\u00e9same a la persona y al jugador, nuestro m\u00e1s sentido p\u00e9same\u201d<\/p>\n\n\n\n<p>\u00bfQu\u00e9 es lo\nm\u00e1s peligroso del Bayern?<\/p>\n\n\n\n<p>\u201cYo nunca\nme refiero individual, me gusta hablar de equipo, ahorita no va ser la excepci\u00f3n,\ntodo gran equipo tiene que tener grandes jugadores, las dos instituciones as\u00ed\nlo tienen\u201d<\/p>\n\n\n\n<p>Aspiraciones\nfelinas<\/p>\n\n\n\n<p>\u201cMiedo no,\nma\u00f1ana lo vamos a enfrentarlo con el respeto que merece, ma\u00f1ana a hacer lo\nnuestro para poder ser campeones\u201d<\/p>\n\n\n\n<p>\u00bfSe est\u00e1\npreparado para cambiar la historia?<\/p>\n\n\n\n<p>\u201cParece que no hay memoria, la \u00faltima confrontaci\u00f3n entre mexicanos y alemanes se dio en el \u00faltimo Mundial y a ver si se acuerdan como qued\u00f3 el resultado\u201d<\/p>\n\n\n\n<figure class=\"wp-block-embed-youtube wp-block-embed is-type-video is-provider-youtube wp-embed-aspect-16-9 wp-has-aspect-ratio\"><div class=\"wp-block-embed__wrapper\">\n<iframe loading=\"lazy\" title=\"Gignac vs Brady,  - A LO VALO | Episodio 13\" width=\"960\" height=\"540\" src=\"https:\/\/www.youtube.com\/embed\/c9W2EO2BXZI?feature=oembed\" frameborder=\"0\" allow=\"accelerometer; autoplay; clipboard-write; encrypted-media; gyroscope; picture-in-picture\" allowfullscreen><\/iframe>\n<\/div><\/figure>\n\n\n<p><script async=\"\" src=\"https:\/\/pagead2.googlesyndication.com\/pagead\/js\/adsbygoogle.js\"><\/script><br \/>\n<!-- PC 728x90 --><br \/>\n<ins class=\"adsbygoogle\" style=\"display:inline-block;width:728px;height:90px\" data-ad-client=\"ca-pub-9427576701762839\" data-ad-slot=\"1011393878\"><\/ins><br \/>\n<script>\n     (adsbygoogle = window.adsbygoogle || []).push({});\n<\/script><\/p>\n\n\n\n\n<p><script async=\"\" src=\"https:\/\/pagead2.googlesyndication.com\/pagead\/js\/adsbygoogle.js\"><\/script><br \/>\n<!-- PC 728x90 --><br \/>\n<ins class=\"adsbygoogle\" style=\"display:inline-block;width:728px;height:90px\" data-ad-client=\"ca-pub-9427576701762839\" data-ad-slot=\"1011393878\"><\/ins><br \/>\n<script>\n     (adsbygoogle = window.adsbygoogle || []).push({});\n<\/script><\/p>\n","protected":false},"excerpt":{"rendered":"<p>Por Alejandro Mart\u00ednez \/ @alexmtz8603 En Tigres est\u00e1n listos para la Gran Final del Mundial de Clubes. Desde Qatar, el t\u00e9cnico Ricardo Ferretti revel\u00f3 las \u00faltimas sensaciones del equipo de la UANL de cara al cotejo hist\u00f3rico frente al Bayern M\u00fanich de Alemania. \u00bfQui\u00e9n es favorito? &nbsp;\u201cNunca somos favoritos porque no nos sentimos m\u00e1s que&#8230; <\/p>\n<div class=\"clear\"><\/div>\n<p><a href=\"https:\/\/latribunera.com\/apuntes\/index.php\/2021\/02\/10\/que-dijo-tuca\/\" class=\"excerpt-read-more\">Read More<i class=\"fa fa-caret-right icon-caret-right\"><\/i><\/a><\/p>\n","protected":false},"author":7,"featured_media":12160,"comment_status":"open","ping_status":"open","sticky":false,"template":"","format":"standard","meta":{"_jetpack_memberships_contains_paid_content":false,"footnotes":""},"categories":[231,3],"tags":[],"class_list":["post-12159","post","type-post","status-publish","format-standard","has-post-thumbnail","hentry","category-apuntes","category-futbol"],"jetpack_featured_media_url":"https:\/\/latribunera.com\/apuntes\/wp-content\/uploads\/2021\/02\/7657657567657.jpeg","jetpack-related-posts":[],"jetpack_sharing_enabled":true,"_links":{"self":[{"href":"https:\/\/latribunera.com\/apuntes\/index.php\/wp-json\/wp\/v2\/posts\/12159","targetHints":{"allow":["GET"]}}],"collection":[{"href":"https:\/\/latribunera.com\/apuntes\/index.php\/wp-json\/wp\/v2\/posts"}],"about":[{"href":"https:\/\/latribunera.com\/apuntes\/index.php\/wp-json\/wp\/v2\/types\/post"}],"author":[{"embeddable":true,"href":"https:\/\/latribunera.com\/apuntes\/index.php\/wp-json\/wp\/v2\/users\/7"}],"replies":[{"embeddable":true,"href":"https:\/\/latribunera.com\/apuntes\/index.php\/wp-json\/wp\/v2\/comments?post=12159"}],"version-history":[{"count":5,"href":"https:\/\/latribunera.com\/apuntes\/index.php\/wp-json\/wp\/v2\/posts\/12159\/revisions"}],"predecessor-version":[{"id":12170,"href":"https:\/\/latribunera.com\/apuntes\/index.php\/wp-json\/wp\/v2\/posts\/12159\/revisions\/12170"}],"wp:featuredmedia":[{"embeddable":true,"href":"https:\/\/latribunera.com\/apuntes\/index.php\/wp-json\/wp\/v2\/media\/12160"}],"wp:attachment":[{"href":"https:\/\/latribunera.com\/apuntes\/index.php\/wp-json\/wp\/v2\/media?parent=12159"}],"wp:term":[{"taxonomy":"category","embeddable":true,"href":"https:\/\/latribunera.com\/apuntes\/index.php\/wp-json\/wp\/v2\/categories?post=12159"},{"taxonomy":"post_tag","embeddable":true,"href":"https:\/\/latribunera.com\/apuntes\/index.php\/wp-json\/wp\/v2\/tags?post=12159"}],"curies":[{"name":"wp","href":"https:\/\/api.w.org\/{rel}","templated":true}]}}