{"id":12182,"date":"2021-02-10T20:00:46","date_gmt":"2021-02-10T20:00:46","guid":{"rendered":"https:\/\/latribunera.com\/apuntes\/?p=12182"},"modified":"2021-02-10T20:00:49","modified_gmt":"2021-02-10T20:00:49","slug":"tigres-uanl-y-bayern-munich-hacen-alianza","status":"publish","type":"post","link":"https:\/\/latribunera.com\/apuntes\/index.php\/2021\/02\/10\/tigres-uanl-y-bayern-munich-hacen-alianza\/","title":{"rendered":"Tigres UANL y Bayern M\u00fanich hacen alianza"},"content":{"rendered":"\n<p>FC Bayern y Tigres UANL anunciaron a trav\u00e9s de sus redes sociales en anticipaci\u00f3n a su gran juego de ma\u00f1ana, que unir\u00e1n fuerzas para becar a dos equipos de ni\u00f1os desfavorecidos en la FC Bayern Youth Cup M\u00e9xico 2021. <\/p>\n\n\n\n<p>Ambos equipos intercambiaron una serie de mensajes en sus cuentas de redes sociales\nen los que se comprometieron a encargarse de los costos de inscripci\u00f3n y de viaje de\ndos equipos de comunidades desfavorecidas para participar en la copa juvenil que se\ncelebrar\u00e1 este a\u00f1o por primera vez en M\u00e9xico.\n<\/p>\n\n\n\n<p>La FC Bayern Youth Cup, es el torneo juvenil de futbol m\u00e1s grande y antiguo organizado por un Club de Futbol donde m\u00e1s de 100,000 jugadores han participado. Los equipos ganadores de la edici\u00f3n en M\u00e9xico participar\u00e1n en un programa de cinco d\u00edas en Munich, entrenar\u00e1n con coaches juveniles del FC Bayern as\u00ed como conocer\u00e1n a jugadores del primer equipo y asistir\u00e1n a un juego de la Bundesliga en el Allianz Arena. El Equipo que representar\u00e1 a M\u00e9xico competir\u00e1 con equipos de m\u00e1s de 10 pa\u00edses incluyendo Alemania, Nigeria, Austria y los Estados Unidos. <\/p>\n\n\n\n<p>La FC Bayern Youth Cup M\u00e9xico tiene el objetivo de brindar a j\u00f3venes Mexicanos la\noportunidad de jugar entre ellos, mostrar sus habilidades y encontrar nuevos retos, con\nel objetivo de ser seleccionados por un Oficial del Bayern Munich para representar a\nM\u00e9xico en la final global que se llevar\u00e1 a cabo en Munich, Alemania.\n<\/p>\n\n\n\n<p>La Youth Cup M\u00e9xico presentada por Curveball Sports y TV4 se llevar\u00e1 a cabo a trav\u00e9s de diferentes torneos regionales en fechas y sedes por confirmar, y los mejores equipos calificar\u00e1n a una final nacional en la que un representante del FC Bayern Munich elegir\u00e1 a los 10 mejores jugadores para viajar a Alemania. Este torneo Internacional esta enfocados en ni\u00f1os entre 14 y 16 a\u00f1os. La final Nacional se jugar\u00e1 en el estadio Miguel Alem\u00e1n Valdez, en Celaya, Guanajuato, un estadio que cumple los est\u00e1ndares de la Liga MX. <\/p>\n\n\n\n<p>Para participar los equipos deben visitar el sitio oficial de la FC Bayern Youth Cup Mexico (www.youthcup.mx) donde deben decirnos acerca de su equipo y por qu\u00e9 deben ser seleccionados. Un m\u00e1ximo de 15 jugadores por equipo competir\u00e1n en un formato 7 Vs. 7 <\/p>\n\n\n\n<p>Toda la informaci\u00f3n para el evento se puede encontrar en la p\u00e1gina de la Youth Cup <\/p>\n\n\n\n<p><strong>www.youthcup.mx <\/strong><\/p>\n","protected":false},"excerpt":{"rendered":"<p>FC Bayern y Tigres UANL anunciaron a trav\u00e9s de sus redes sociales en anticipaci\u00f3n a su gran juego de ma\u00f1ana, que unir\u00e1n fuerzas para becar a dos equipos de ni\u00f1os desfavorecidos en la FC Bayern Youth Cup M\u00e9xico 2021. Ambos equipos intercambiaron una serie de mensajes en sus cuentas de redes sociales en los que&#8230; <\/p>\n<div class=\"clear\"><\/div>\n<p><a href=\"https:\/\/latribunera.com\/apuntes\/index.php\/2021\/02\/10\/tigres-uanl-y-bayern-munich-hacen-alianza\/\" class=\"excerpt-read-more\">Read More<i class=\"fa fa-caret-right icon-caret-right\"><\/i><\/a><\/p>\n","protected":false},"author":22,"featured_media":12183,"comment_status":"open","ping_status":"open","sticky":false,"template":"","format":"standard","meta":{"_jetpack_memberships_contains_paid_content":false,"footnotes":""},"categories":[2,278],"tags":[204,74,255,298],"class_list":["post-12182","post","type-post","status-publish","format-standard","has-post-thumbnail","hentry","category-futbol-mexicano","category-solotigres","tag-bayern-munich","tag-liga-mx","tag-mundial-de-clubes","tag-tigres-uanl"],"jetpack_featured_media_url":"https:\/\/latribunera.com\/apuntes\/wp-content\/uploads\/2021\/02\/tigres-primer-equipo-mexicano-en-llegar-fial-mundial-de-clubes.jpg","jetpack-related-posts":[{"id":45421,"url":"https:\/\/latribunera.com\/apuntes\/index.php\/2026\/04\/16\/todo-listo-para-la-14va-edicion-de-la-copa-internacional-santos-penoles\/","url_meta":{"origin":12182,"position":0},"title":"Todo listo para la 14va edici\u00f3n de la Copa Internacional Santos Pe\u00f1oles","author":"Jacob Alarcon","date":"16 abril, 2026","format":false,"excerpt":"Este jueves, en el Auditorio Orlegi de Territorio Santos Modelo, se llev\u00f3 a cabo la presentaci\u00f3noficial de la edici\u00f3n 2026 de la Copa Internacional Santos Pe\u00f1oles, torneo que se ha consolidadocomo uno de los m\u00e1s importantes a nivel infantil y juvenil en M\u00e9xico. Adem\u00e1s de brindar una competencia deportiva de\u2026","rel":"","context":"In &quot;Sin categor\u00eda&quot;","block_context":{"text":"Sin categor\u00eda","link":"https:\/\/latribunera.com\/apuntes\/index.php\/category\/sin-categoria\/"},"img":{"alt_text":"","src":"https:\/\/i0.wp.com\/latribunera.com\/apuntes\/wp-content\/uploads\/2026\/04\/Presentacion-Copa-Santos-Penoles.jpg?resize=350%2C200&ssl=1","width":350,"height":200,"srcset":"https:\/\/i0.wp.com\/latribunera.com\/apuntes\/wp-content\/uploads\/2026\/04\/Presentacion-Copa-Santos-Penoles.jpg?resize=350%2C200&ssl=1 1x, https:\/\/i0.wp.com\/latribunera.com\/apuntes\/wp-content\/uploads\/2026\/04\/Presentacion-Copa-Santos-Penoles.jpg?resize=525%2C300&ssl=1 1.5x, https:\/\/i0.wp.com\/latribunera.com\/apuntes\/wp-content\/uploads\/2026\/04\/Presentacion-Copa-Santos-Penoles.jpg?resize=700%2C400&ssl=1 2x, https:\/\/i0.wp.com\/latribunera.com\/apuntes\/wp-content\/uploads\/2026\/04\/Presentacion-Copa-Santos-Penoles.jpg?resize=1050%2C600&ssl=1 3x, https:\/\/i0.wp.com\/latribunera.com\/apuntes\/wp-content\/uploads\/2026\/04\/Presentacion-Copa-Santos-Penoles.jpg?resize=1400%2C800&ssl=1 4x"},"classes":[]},{"id":45386,"url":"https:\/\/latribunera.com\/apuntes\/index.php\/2026\/03\/11\/santos-launa-impulsa-mejoras-en-la-infraestructura-de-tsm-y-estadio-corona\/","url_meta":{"origin":12182,"position":1},"title":"Santos Laguna impulsa mejoras en la infraestructura de TSM y Estadio Corona","author":"Jacob Alarcon","date":"11 marzo, 2026","format":false,"excerpt":"Club Santos Laguna lleva a cabo una serie de reformas y mejoras en la infraestructura de TerritorioSantos Modelo y del Estadio Corona, con el objetivo de impulsar la innovaci\u00f3n tecnol\u00f3gica, lasostenibilidad y la modernizaci\u00f3n de sus espacios.Con estas acciones, el club contin\u00faa fortaleciendo la experiencia de sus aficionados yactualizando sus\u2026","rel":"","context":"In &quot;Pasi\u00f3n Guerrera&quot;","block_context":{"text":"Pasi\u00f3n Guerrera","link":"https:\/\/latribunera.com\/apuntes\/index.php\/category\/tribus\/pasionguerrera\/"},"img":{"alt_text":"","src":"https:\/\/i0.wp.com\/latribunera.com\/apuntes\/wp-content\/uploads\/2026\/03\/Renovacion-TSM.jpg?resize=350%2C200&ssl=1","width":350,"height":200,"srcset":"https:\/\/i0.wp.com\/latribunera.com\/apuntes\/wp-content\/uploads\/2026\/03\/Renovacion-TSM.jpg?resize=350%2C200&ssl=1 1x, https:\/\/i0.wp.com\/latribunera.com\/apuntes\/wp-content\/uploads\/2026\/03\/Renovacion-TSM.jpg?resize=525%2C300&ssl=1 1.5x, https:\/\/i0.wp.com\/latribunera.com\/apuntes\/wp-content\/uploads\/2026\/03\/Renovacion-TSM.jpg?resize=700%2C400&ssl=1 2x, https:\/\/i0.wp.com\/latribunera.com\/apuntes\/wp-content\/uploads\/2026\/03\/Renovacion-TSM.jpg?resize=1050%2C600&ssl=1 3x, https:\/\/i0.wp.com\/latribunera.com\/apuntes\/wp-content\/uploads\/2026\/03\/Renovacion-TSM.jpg?resize=1400%2C800&ssl=1 4x"},"classes":[]},{"id":45392,"url":"https:\/\/latribunera.com\/apuntes\/index.php\/2026\/04\/09\/se-presento-la-13va-edicion-del-guerreton\/","url_meta":{"origin":12182,"position":2},"title":"Se presento la 13va edici\u00f3n del Guerret\u00f3n.","author":"Staff","date":"9 abril, 2026","format":false,"excerpt":"A lo largo de sus primeras 12 ediciones, Guerret\u00f3n ha logrado recolectar m\u00e1s de 121,500juguetes, peluches y balones, beneficiando a diversas asociaciones e instituciones de laregi\u00f3n lagunera, entre ellas CRIT Durango, los sistemas DIF de distintos municipios, as\u00edcomo organizaciones educativas y asistenciales. A la fecha, se han instalado cuatro ludotecas\u2026","rel":"","context":"In &quot;Ganar Sirviendo&quot;","block_context":{"text":"Ganar Sirviendo","link":"https:\/\/latribunera.com\/apuntes\/index.php\/category\/futbol\/futbol-mexicano\/ganar-sirviendo\/"},"img":{"alt_text":"","src":"https:\/\/i0.wp.com\/latribunera.com\/apuntes\/wp-content\/uploads\/2026\/04\/9Guerreton-2026-2.jpg.jpeg?resize=350%2C200&ssl=1","width":350,"height":200,"srcset":"https:\/\/i0.wp.com\/latribunera.com\/apuntes\/wp-content\/uploads\/2026\/04\/9Guerreton-2026-2.jpg.jpeg?resize=350%2C200&ssl=1 1x, https:\/\/i0.wp.com\/latribunera.com\/apuntes\/wp-content\/uploads\/2026\/04\/9Guerreton-2026-2.jpg.jpeg?resize=525%2C300&ssl=1 1.5x, https:\/\/i0.wp.com\/latribunera.com\/apuntes\/wp-content\/uploads\/2026\/04\/9Guerreton-2026-2.jpg.jpeg?resize=700%2C400&ssl=1 2x, https:\/\/i0.wp.com\/latribunera.com\/apuntes\/wp-content\/uploads\/2026\/04\/9Guerreton-2026-2.jpg.jpeg?resize=1050%2C600&ssl=1 3x, https:\/\/i0.wp.com\/latribunera.com\/apuntes\/wp-content\/uploads\/2026\/04\/9Guerreton-2026-2.jpg.jpeg?resize=1400%2C800&ssl=1 4x"},"classes":[]}],"jetpack_sharing_enabled":true,"_links":{"self":[{"href":"https:\/\/latribunera.com\/apuntes\/index.php\/wp-json\/wp\/v2\/posts\/12182","targetHints":{"allow":["GET"]}}],"collection":[{"href":"https:\/\/latribunera.com\/apuntes\/index.php\/wp-json\/wp\/v2\/posts"}],"about":[{"href":"https:\/\/latribunera.com\/apuntes\/index.php\/wp-json\/wp\/v2\/types\/post"}],"author":[{"embeddable":true,"href":"https:\/\/latribunera.com\/apuntes\/index.php\/wp-json\/wp\/v2\/users\/22"}],"replies":[{"embeddable":true,"href":"https:\/\/latribunera.com\/apuntes\/index.php\/wp-json\/wp\/v2\/comments?post=12182"}],"version-history":[{"count":2,"href":"https:\/\/latribunera.com\/apuntes\/index.php\/wp-json\/wp\/v2\/posts\/12182\/revisions"}],"predecessor-version":[{"id":12185,"href":"https:\/\/latribunera.com\/apuntes\/index.php\/wp-json\/wp\/v2\/posts\/12182\/revisions\/12185"}],"wp:featuredmedia":[{"embeddable":true,"href":"https:\/\/latribunera.com\/apuntes\/index.php\/wp-json\/wp\/v2\/media\/12183"}],"wp:attachment":[{"href":"https:\/\/latribunera.com\/apuntes\/index.php\/wp-json\/wp\/v2\/media?parent=12182"}],"wp:term":[{"taxonomy":"category","embeddable":true,"href":"https:\/\/latribunera.com\/apuntes\/index.php\/wp-json\/wp\/v2\/categories?post=12182"},{"taxonomy":"post_tag","embeddable":true,"href":"https:\/\/latribunera.com\/apuntes\/index.php\/wp-json\/wp\/v2\/tags?post=12182"}],"curies":[{"name":"wp","href":"https:\/\/api.w.org\/{rel}","templated":true}]}}