{"id":13098,"date":"2021-03-11T21:48:09","date_gmt":"2021-03-11T21:48:09","guid":{"rendered":"https:\/\/latribunera.com\/apuntes\/?p=13098"},"modified":"2021-03-14T06:27:30","modified_gmt":"2021-03-14T06:27:30","slug":"el-mellizo-de-oro-a-un-paso-de-los-121","status":"publish","type":"post","link":"https:\/\/latribunera.com\/apuntes\/index.php\/2021\/03\/11\/el-mellizo-de-oro-a-un-paso-de-los-121\/","title":{"rendered":"El Mellizo de Oro"},"content":{"rendered":"<p><script async=\"\" src=\"https:\/\/pagead2.googlesyndication.com\/pagead\/js\/adsbygoogle.js\"><\/script><br \/>\n<!-- PC 728x90 --><br \/>\n<ins class=\"adsbygoogle\" style=\"display:inline-block;width:728px;height:90px\" data-ad-client=\"ca-pub-9427576701762839\" data-ad-slot=\"1011393878\"><\/ins><br \/>\n<script>\n(adsbygoogle = window.adsbygoogle || []).push({});\n<\/script><\/p>\n\n\n\n<p>Por Valo Calles\n\/ @elbalondevalo<\/p>\n\n\n\n<p>En estos\nd\u00edas es dif\u00edcil hablar de Rayados sin hablar de Rogelio Funes Mori. <\/p>\n\n\n\n<p>\u00bfLa raz\u00f3n? El delantero Rayado, est\u00e1 a un paso de hacer historia, un gol para empatar al chileno Humberto \u201cChupete\u201d Suazo, como m\u00e1ximo goleador del Club. <\/p>\n\n\n\n<figure class=\"wp-block-embed-twitter wp-block-embed is-type-rich is-provider-twitter\"><div class=\"wp-block-embed__wrapper\">\n<blockquote class=\"twitter-tweet\" data-width=\"550\" data-dnt=\"true\"><p lang=\"es\" dir=\"ltr\">Hoy Funes Mori lleg\u00f3 a 120 goles con <a href=\"https:\/\/twitter.com\/hashtag\/Rayados?src=hash&amp;ref_src=twsrc%5Etfw\">#Rayados<\/a> y est\u00e1 a uno de Suazo<br><br>\u00bfQu\u00e9 dijo el \u2018Chupete\u2019 sobre la haza\u00f1a que lograr\u00e1 el \u2018Melli\u2019?<a href=\"https:\/\/t.co\/XnRMMvJsV0\">https:\/\/t.co\/XnRMMvJsV0<\/a><\/p>&mdash; Zona Rayada (@zonarayada) <a href=\"https:\/\/twitter.com\/zonarayada\/status\/1369881128669229057?ref_src=twsrc%5Etfw\">March 11, 2021<\/a><\/blockquote><script async src=\"https:\/\/platform.twitter.com\/widgets.js\" charset=\"utf-8\"><\/script>\n<\/div><\/figure>\n\n\n\n<p>No s\u00f3lo la\ncantidad, si no la calidad de goles que ha aportado Rogelio al club es sin duda\nalegr\u00eda para los aficionados Rayados, y est\u00e1 a punto de hacerlo incluso en\nmenos tiempo del que le llev\u00f3 a Suazo.<\/p>\n\n\n\n<p>Funes Mori,\nel torneo pasado y en este presente torneo, Guardianes 2021, ha atravesado por\nmomentos de sequ\u00eda de gol, que molestaron o desesperan a parte de la afici\u00f3n,\npero creo que, sin duda, las alegr\u00edas que aporta el delantero rayado al club\nsupera cualquier mala racha.<\/p>\n\n\n\n<p>En los\n\u00faltimos meses, enfrent\u00f3 el COVID, incluso por segunda vez, y un par de jornadas\ncon una lesi\u00f3n, y muy lamentable, un recientemente un asalto armado a su casa.<\/p>\n\n\n\n<p>Reponerse\nde las cuestiones adversas, vemos que ha resultado del lado favorable para el\n\u201cMellizo\u201d. <\/p>\n\n\n\n<p>Estamos seguros que en un par de partidos como m\u00e1ximo empata y supera la marca de 121 goles en partidos oficiales. <\/p>\n\n\n\n<figure class=\"wp-block-image size-large\"><img loading=\"lazy\" decoding=\"async\" width=\"1024\" height=\"576\" src=\"https:\/\/latribunera.com\/apuntes\/wp-content\/uploads\/2021\/03\/FUNES-MORI1121-1024x576.jpg\" alt=\"\" class=\"wp-image-13100\" srcset=\"https:\/\/latribunera.com\/apuntes\/wp-content\/uploads\/2021\/03\/FUNES-MORI1121-1024x576.jpg 1024w, https:\/\/latribunera.com\/apuntes\/wp-content\/uploads\/2021\/03\/FUNES-MORI1121-300x169.jpg 300w, https:\/\/latribunera.com\/apuntes\/wp-content\/uploads\/2021\/03\/FUNES-MORI1121-768x432.jpg 768w, https:\/\/latribunera.com\/apuntes\/wp-content\/uploads\/2021\/03\/FUNES-MORI1121.jpg 1200w\" sizes=\"auto, (max-width: 1024px) 100vw, 1024px\" \/><\/figure>\n\n\n\n<p>Tres veces\nen el XI ideal de la Liga BBVA este torneo, y con goles de chilena, tijera,\npalomita, incre\u00edbles actuaciones y manejo del bal\u00f3n en el \u00e1rea lo hace un\njugador aparte de fundamental, para cualquiera de los t\u00e9cnicos que lo han\ndirigido en Rayados, tambi\u00e9n es claramente poseedor de una destacada visi\u00f3n\npara el gol.<\/p>\n\n\n\n<p>La otra cuesti\u00f3n que hace mencionar a este jugador estos d\u00edas, es el inter\u00e9s del DT de la Selecci\u00f3n Mexicana, Gerardo el \u201cTata\u201d Martino. Lo quiere en el equipo, y su proceso de naturalizaci\u00f3n ha ido avanzando, sin embargo, tambi\u00e9n por la cuesti\u00f3n de la pandemia, los procesos llevan m\u00e1s tiempo y a\u00fan no es claro cu\u00e1ndo podr\u00eda ser convocado por primera vez como jugador mexicano.<\/p>\n\n\n<p><script async=\"\" src=\"https:\/\/pagead2.googlesyndication.com\/pagead\/js\/adsbygoogle.js\"><\/script><br \/>\n<!-- PC 728x90 --><br \/>\n<ins class=\"adsbygoogle\" style=\"display:inline-block;width:728px;height:90px\" data-ad-client=\"ca-pub-9427576701762839\" data-ad-slot=\"1011393878\"><\/ins><br \/>\n<script>\n(adsbygoogle = window.adsbygoogle || []).push({});\n<\/script><\/p>\n\n\n\n<p>\u00bfFunes Mori\ndebe jugar con M\u00e9xico? Como aficionada mexicana, independientemente del club de\nmi preferencia, me alegra tener opciones y con prueba de su capacidad, a que\nfalten jugadores de nivel selecci\u00f3n. &nbsp;<\/p>\n\n\n\n<p>Adem\u00e1s, sabemos\nque Ra\u00fal Jim\u00e9nez tardar\u00e1 probablemente a\u00fan meses en poder volver incluso con su\npropio Club en la Premier League. <\/p>\n\n\n\n<p>Esta es una pr\u00e1ctica normal en selecciones de todo nivel en Europa y otros continentes. Sin duda Rogelio Funes Mori se ha afianzado en nuestra Liga Mx y seguir\u00e1 sumando muchos goles para los Rayados Monterrey, y probablemente tambi\u00e9n pronto, con la \u201cverde\u201d.<\/p>\n\n\n\n<figure class=\"wp-block-embed-youtube wp-block-embed is-type-video is-provider-youtube wp-embed-aspect-16-9 wp-has-aspect-ratio\"><div class=\"wp-block-embed__wrapper\">\n<iframe loading=\"lazy\" title=\"\u00bfOrme\u00f1o o Funes Mori para la selecci\u00f3n? - A LO VALO | Episodio 17\" width=\"960\" height=\"540\" src=\"https:\/\/www.youtube.com\/embed\/HLiJ_If5wxo?feature=oembed\" frameborder=\"0\" allow=\"accelerometer; autoplay; clipboard-write; encrypted-media; gyroscope; picture-in-picture\" allowfullscreen><\/iframe>\n<\/div><\/figure>\n\n\n<p><script async=\"\" src=\"https:\/\/pagead2.googlesyndication.com\/pagead\/js\/adsbygoogle.js\"><\/script><br \/>\n<!-- PC 728x90 --><br \/>\n<ins class=\"adsbygoogle\" style=\"display:inline-block;width:728px;height:90px\" data-ad-client=\"ca-pub-9427576701762839\" data-ad-slot=\"1011393878\"><\/ins><br \/>\n<script>\n(adsbygoogle = window.adsbygoogle || []).push({});\n<\/script><\/p>\n\n\n\n\n\n<figure class=\"wp-block-embed-youtube wp-block-embed is-type-video is-provider-youtube wp-embed-aspect-16-9 wp-has-aspect-ratio\"><div class=\"wp-block-embed__wrapper\">\n<iframe loading=\"lazy\" title=\"Cruz Azul vs Rayados. Jornada 11. Guardianes 2021\" width=\"960\" height=\"540\" src=\"https:\/\/www.youtube.com\/embed\/3kxWC7J6oQk?feature=oembed\" frameborder=\"0\" allow=\"accelerometer; autoplay; clipboard-write; encrypted-media; gyroscope; picture-in-picture\" allowfullscreen><\/iframe>\n<\/div><\/figure>\n","protected":false},"excerpt":{"rendered":"<p>Por Valo Calles \/ @elbalondevalo En estos d\u00edas es dif\u00edcil hablar de Rayados sin hablar de Rogelio Funes Mori. \u00bfLa raz\u00f3n? El delantero Rayado, est\u00e1 a un paso de hacer historia, un gol para empatar al chileno Humberto \u201cChupete\u201d Suazo, como m\u00e1ximo goleador del Club. No s\u00f3lo la cantidad, si no la calidad de goles&#8230; <\/p>\n<div class=\"clear\"><\/div>\n<p><a href=\"https:\/\/latribunera.com\/apuntes\/index.php\/2021\/03\/11\/el-mellizo-de-oro-a-un-paso-de-los-121\/\" class=\"excerpt-read-more\">Read More<i class=\"fa fa-caret-right icon-caret-right\"><\/i><\/a><\/p>\n","protected":false},"author":10,"featured_media":13099,"comment_status":"open","ping_status":"open","sticky":false,"template":"","format":"standard","meta":{"_jetpack_memberships_contains_paid_content":false,"footnotes":""},"categories":[231,3,2,229,228,260,277],"tags":[],"class_list":["post-13098","post","type-post","status-publish","format-standard","has-post-thumbnail","hentry","category-apuntes","category-futbol","category-futbol-mexicano","category-mexico","category-selecciones-nacionales","category-valo","category-zonarayada"],"jetpack_featured_media_url":"https:\/\/latribunera.com\/apuntes\/wp-content\/uploads\/2021\/03\/ErVBfjkXcAIpHGs.jpg","jetpack-related-posts":[{"id":45392,"url":"https:\/\/latribunera.com\/apuntes\/index.php\/2026\/04\/09\/se-presento-la-13va-edicion-del-guerreton\/","url_meta":{"origin":13098,"position":0},"title":"Se presento la 13va edici\u00f3n del Guerret\u00f3n.","author":"Staff","date":"9 abril, 2026","format":false,"excerpt":"A lo largo de sus primeras 12 ediciones, Guerret\u00f3n ha logrado recolectar m\u00e1s de 121,500juguetes, peluches y balones, beneficiando a diversas asociaciones e instituciones de laregi\u00f3n lagunera, entre ellas CRIT Durango, los sistemas DIF de distintos municipios, as\u00edcomo organizaciones educativas y asistenciales. A la fecha, se han instalado cuatro ludotecas\u2026","rel":"","context":"In &quot;Ganar Sirviendo&quot;","block_context":{"text":"Ganar Sirviendo","link":"https:\/\/latribunera.com\/apuntes\/index.php\/category\/futbol\/futbol-mexicano\/ganar-sirviendo\/"},"img":{"alt_text":"","src":"https:\/\/i0.wp.com\/latribunera.com\/apuntes\/wp-content\/uploads\/2026\/04\/9Guerreton-2026-2.jpg.jpeg?resize=350%2C200&ssl=1","width":350,"height":200,"srcset":"https:\/\/i0.wp.com\/latribunera.com\/apuntes\/wp-content\/uploads\/2026\/04\/9Guerreton-2026-2.jpg.jpeg?resize=350%2C200&ssl=1 1x, https:\/\/i0.wp.com\/latribunera.com\/apuntes\/wp-content\/uploads\/2026\/04\/9Guerreton-2026-2.jpg.jpeg?resize=525%2C300&ssl=1 1.5x, https:\/\/i0.wp.com\/latribunera.com\/apuntes\/wp-content\/uploads\/2026\/04\/9Guerreton-2026-2.jpg.jpeg?resize=700%2C400&ssl=1 2x, https:\/\/i0.wp.com\/latribunera.com\/apuntes\/wp-content\/uploads\/2026\/04\/9Guerreton-2026-2.jpg.jpeg?resize=1050%2C600&ssl=1 3x, https:\/\/i0.wp.com\/latribunera.com\/apuntes\/wp-content\/uploads\/2026\/04\/9Guerreton-2026-2.jpg.jpeg?resize=1400%2C800&ssl=1 4x"},"classes":[]}],"jetpack_sharing_enabled":true,"_links":{"self":[{"href":"https:\/\/latribunera.com\/apuntes\/index.php\/wp-json\/wp\/v2\/posts\/13098","targetHints":{"allow":["GET"]}}],"collection":[{"href":"https:\/\/latribunera.com\/apuntes\/index.php\/wp-json\/wp\/v2\/posts"}],"about":[{"href":"https:\/\/latribunera.com\/apuntes\/index.php\/wp-json\/wp\/v2\/types\/post"}],"author":[{"embeddable":true,"href":"https:\/\/latribunera.com\/apuntes\/index.php\/wp-json\/wp\/v2\/users\/10"}],"replies":[{"embeddable":true,"href":"https:\/\/latribunera.com\/apuntes\/index.php\/wp-json\/wp\/v2\/comments?post=13098"}],"version-history":[{"count":6,"href":"https:\/\/latribunera.com\/apuntes\/index.php\/wp-json\/wp\/v2\/posts\/13098\/revisions"}],"predecessor-version":[{"id":13241,"href":"https:\/\/latribunera.com\/apuntes\/index.php\/wp-json\/wp\/v2\/posts\/13098\/revisions\/13241"}],"wp:featuredmedia":[{"embeddable":true,"href":"https:\/\/latribunera.com\/apuntes\/index.php\/wp-json\/wp\/v2\/media\/13099"}],"wp:attachment":[{"href":"https:\/\/latribunera.com\/apuntes\/index.php\/wp-json\/wp\/v2\/media?parent=13098"}],"wp:term":[{"taxonomy":"category","embeddable":true,"href":"https:\/\/latribunera.com\/apuntes\/index.php\/wp-json\/wp\/v2\/categories?post=13098"},{"taxonomy":"post_tag","embeddable":true,"href":"https:\/\/latribunera.com\/apuntes\/index.php\/wp-json\/wp\/v2\/tags?post=13098"}],"curies":[{"name":"wp","href":"https:\/\/api.w.org\/{rel}","templated":true}]}}