{"id":13132,"date":"2021-03-12T12:03:20","date_gmt":"2021-03-12T12:03:20","guid":{"rendered":"https:\/\/latribunera.com\/apuntes\/?p=13132"},"modified":"2021-03-12T12:03:24","modified_gmt":"2021-03-12T12:03:24","slug":"los-cruces-de-cuartos-de-la-champions-league-femenil","status":"publish","type":"post","link":"https:\/\/latribunera.com\/apuntes\/index.php\/2021\/03\/12\/los-cruces-de-cuartos-de-la-champions-league-femenil\/","title":{"rendered":"LOS CRUCES DE CUARTOS DE LA CHAMPIONS LEAGUE FEMENIL"},"content":{"rendered":"<p><script async src=\"https:\/\/pagead2.googlesyndication.com\/pagead\/js\/adsbygoogle.js\"><\/script><br \/>\n<!-- PC 728x90 --><br \/>\n<ins class=\"adsbygoogle\"\nstyle=\"display:inline-block;width:728px;height:90px\"\ndata-ad-client=\"ca-pub-9427576701762839\"\ndata-ad-slot=\"1011393878\"><\/ins><br \/>\n<script>\n(adsbygoogle = window.adsbygoogle || []).push({});\n<\/script><\/p>\n\n\n\n<p>Por Alejandro Mart\u00ednez \/ @alexmtz8603<\/p>\n\n\n\n<p>El camino a\nGotemburgo ha sido esclarecido. El sorteo ha arrojado los partidazos de Cuartos\nde Final de la UEFA Womens Champion\u2019s League.<\/p>\n\n\n\n<p>Cabe\nmencionar que, todav\u00eda est\u00e1 pendiente a desarrollarse el duelo de Octavos entre\nel PSG y el Sparta, eliminatoria que tienen muy aventajada las francesas al\nhaber goleado 5-0; la Vuelta ser\u00e1 el 17 de marzo y quien gane de ellas se\nenfrentar\u00e1 al campe\u00f3n Lyon.<\/p>\n\n\n\n<p>Del 24 de marzo al 16 de mayo habr\u00e1 una aut\u00e9ntica guerra por la corona de Europa.<\/p>\n\n\n<p><script async src=\"https:\/\/pagead2.googlesyndication.com\/pagead\/js\/adsbygoogle.js\"><\/script><br \/>\n<!-- PC 728x90 --><br \/>\n<ins class=\"adsbygoogle\"\nstyle=\"display:inline-block;width:728px;height:90px\"\ndata-ad-client=\"ca-pub-9427576701762839\"\ndata-ad-slot=\"1011393878\"><\/ins><br \/>\n<script>\n(adsbygoogle = window.adsbygoogle || []).push({});\n<\/script><\/p>\n\n\n\n<p><strong>LOS CRUCES\u2026<\/strong><\/p>\n\n\n\n<p>1 Bayer M\u00fanich vs. Rosengard<\/p>\n\n\n\n<figure class=\"wp-block-embed-twitter wp-block-embed is-type-rich is-provider-twitter\"><div class=\"wp-block-embed__wrapper\">\n<blockquote class=\"twitter-tweet\" data-width=\"550\" data-dnt=\"true\"><p lang=\"de\" dir=\"ltr\">\ud83c\udf1f Auf nach Schweden! \ud83c\udf1f <br><br>Die <a href=\"https:\/\/twitter.com\/hashtag\/FCBayern?src=hash&amp;ref_src=twsrc%5Etfw\">#FCBayern<\/a> Frauen treffen im <a href=\"https:\/\/twitter.com\/hashtag\/UWCL?src=hash&amp;ref_src=twsrc%5Etfw\">#UWCL<\/a>-Viertelfinale auf <a href=\"https:\/\/twitter.com\/FCRosengard?ref_src=twsrc%5Etfw\">@FCRosengard<\/a>! \ud83c\udfc6 <a href=\"https:\/\/twitter.com\/hashtag\/MiaSanMia?src=hash&amp;ref_src=twsrc%5Etfw\">#MiaSanMia<\/a> <a href=\"https:\/\/t.co\/gBMUImPoWN\">pic.twitter.com\/gBMUImPoWN<\/a><\/p>&mdash; FC Bayern Frauen (@FCBfrauen) <a href=\"https:\/\/twitter.com\/FCBfrauen\/status\/1370331247260618755?ref_src=twsrc%5Etfw\">March 12, 2021<\/a><\/blockquote><script async src=\"https:\/\/platform.twitter.com\/widgets.js\" charset=\"utf-8\"><\/script>\n<\/div><\/figure>\n\n\n\n<p>2 PSG o Sparta Praga vs. Lyon<\/p>\n\n\n\n<figure class=\"wp-block-embed-twitter wp-block-embed is-type-rich is-provider-twitter\"><div class=\"wp-block-embed__wrapper\">\n<blockquote class=\"twitter-tweet\" data-width=\"550\" data-dnt=\"true\"><p lang=\"cs\" dir=\"ltr\">Pokud zvl\u00e1dneme v odvet\u011b vy\u0159adit PSG, p\u016fjdeme ve \u010dtvrtfin\u00e1le Ligy mistry\u0148 na dal\u0161\u00ed francouzsk\u00fd velkoklub &#8211; Olympique Lyon. Rozhodl o tom dne\u0161n\u00ed los v s\u00eddle UEFA. <a href=\"https:\/\/t.co\/Y7gG3IC0Mx\">pic.twitter.com\/Y7gG3IC0Mx<\/a><\/p>&mdash; AC Sparta Praha \u017deny (@ACSparta_Zeny) <a href=\"https:\/\/twitter.com\/ACSparta_Zeny\/status\/1370333228939239426?ref_src=twsrc%5Etfw\">March 12, 2021<\/a><\/blockquote><script async src=\"https:\/\/platform.twitter.com\/widgets.js\" charset=\"utf-8\"><\/script>\n<\/div><\/figure>\n\n\n\n<figure class=\"wp-block-embed-twitter wp-block-embed is-type-rich is-provider-twitter\"><div class=\"wp-block-embed__wrapper\">\n<blockquote class=\"twitter-tweet\" data-width=\"550\" data-dnt=\"true\"><p lang=\"fr\" dir=\"ltr\">Nos Lyonnaises affronteront le <a href=\"https:\/\/twitter.com\/PSG_Feminines?ref_src=twsrc%5Etfw\">@PSG_Feminines<\/a> ou l&#39;<a href=\"https:\/\/twitter.com\/ACSparta_CZ?ref_src=twsrc%5Etfw\">@ACSparta_CZ<\/a> en quart de finale de l\u2019<a href=\"https:\/\/twitter.com\/UWCL?ref_src=twsrc%5Etfw\">@UWCL<\/a> ! \ud83d\udd34\ud83d\udd35<br><br>Match aller le 23-24 mars, et retour le 31 mars-1er avril \u00e0 Lyon ! \ud83c\udfc6<br><br>En cas de qualification, la <a href=\"https:\/\/twitter.com\/hashtag\/TeamOL?src=hash&amp;ref_src=twsrc%5Etfw\">#TeamOL<\/a> d\u00e9fiera en demi-finale Barcelone ou Manchester City !<a href=\"https:\/\/twitter.com\/hashtag\/UWCLdraw?src=hash&amp;ref_src=twsrc%5Etfw\">#UWCLdraw<\/a> <a href=\"https:\/\/t.co\/wn42ajLOop\">pic.twitter.com\/wn42ajLOop<\/a><\/p>&mdash; OL F\u00e9minin (@OLfeminin) <a href=\"https:\/\/twitter.com\/OLfeminin\/status\/1370332534702235648?ref_src=twsrc%5Etfw\">March 12, 2021<\/a><\/blockquote><script async src=\"https:\/\/platform.twitter.com\/widgets.js\" charset=\"utf-8\"><\/script>\n<\/div><\/figure>\n\n\n\n<p>3 Barcelona vs. Manchester City<\/p>\n\n\n\n<figure class=\"wp-block-embed-twitter wp-block-embed is-type-rich is-provider-twitter\"><div class=\"wp-block-embed__wrapper\">\n<blockquote class=\"twitter-tweet\" data-width=\"550\" data-dnt=\"true\"><p lang=\"es\" dir=\"ltr\">\ud83d\udd25 [\u00daLTIMA HORA] \ud83d\udd25<br>El Manchester City, el rival de 1\/4 <a href=\"https:\/\/twitter.com\/UWCL?ref_src=twsrc%5Etfw\">@UWCL<\/a> <br><br>\ud83d\udcc6 Anada 23-24\/03 (Casa)<br>\ud83d\udcc6 Tornada 31\/03 &#8211; 01\/04 (Fora)<a href=\"https:\/\/twitter.com\/hashtag\/For%C3%A7aBar%C3%A7a?src=hash&amp;ref_src=twsrc%5Etfw\">#For\u00e7aBar\u00e7a<\/a> <a href=\"https:\/\/twitter.com\/hashtag\/UWCLDraw?src=hash&amp;ref_src=twsrc%5Etfw\">#UWCLDraw<\/a> <a href=\"https:\/\/t.co\/cOcuRKQvmR\">pic.twitter.com\/cOcuRKQvmR<\/a><\/p>&mdash; FC Barcelona Femen\u00ed (@FCBfemeni) <a href=\"https:\/\/twitter.com\/FCBfemeni\/status\/1370331549883850753?ref_src=twsrc%5Etfw\">March 12, 2021<\/a><\/blockquote><script async src=\"https:\/\/platform.twitter.com\/widgets.js\" charset=\"utf-8\"><\/script>\n<\/div><\/figure>\n\n\n\n<figure class=\"wp-block-embed-twitter wp-block-embed is-type-rich is-provider-twitter\"><div class=\"wp-block-embed__wrapper\">\n<blockquote class=\"twitter-tweet\" data-width=\"550\" data-dnt=\"true\"><p lang=\"en\" dir=\"ltr\">\ud83d\udea8 <a href=\"https:\/\/twitter.com\/UWCL?ref_src=twsrc%5Etfw\">@UWCL<\/a> DRAW \ud83d\udea8<br><br>We will face Barcelona in the <a href=\"https:\/\/twitter.com\/hashtag\/UWCL?src=hash&amp;ref_src=twsrc%5Etfw\">#UWCL<\/a> quarter finals.<br><br>If we beat Barca, we will face either PSG, Sparta or Lyon in the semi finals.<br><br>LET&#39;S GO!<br><br>\ud83d\udd37 <a href=\"https:\/\/twitter.com\/hashtag\/ManCity?src=hash&amp;ref_src=twsrc%5Etfw\">#ManCity<\/a> | <a href=\"https:\/\/t.co\/axa0klD5re\">https:\/\/t.co\/axa0klD5re<\/a> <a href=\"https:\/\/t.co\/hReoe987aX\">pic.twitter.com\/hReoe987aX<\/a><\/p>&mdash; Manchester City (@ManCity) <a href=\"https:\/\/twitter.com\/ManCity\/status\/1370334084107530240?ref_src=twsrc%5Etfw\">March 12, 2021<\/a><\/blockquote><script async src=\"https:\/\/platform.twitter.com\/widgets.js\" charset=\"utf-8\"><\/script>\n<\/div><\/figure>\n\n\n\n<p>4 Chelsea\nvs. Wolfsburgo<\/p>\n\n\n\n<figure class=\"wp-block-embed-twitter wp-block-embed is-type-rich is-provider-twitter\"><div class=\"wp-block-embed__wrapper\">\n<blockquote class=\"twitter-tweet\" data-width=\"550\" data-dnt=\"true\"><p lang=\"en\" dir=\"ltr\">The Blues have been drawn against Wolfsburg in the quarter-finals of the <a href=\"https:\/\/twitter.com\/hashtag\/UWCL?src=hash&amp;ref_src=twsrc%5Etfw\">#UWCL<\/a>! \ud83e\udd1d <a href=\"https:\/\/t.co\/X89vG6whsZ\">pic.twitter.com\/X89vG6whsZ<\/a><\/p>&mdash; Chelsea FC Women (@ChelseaFCW) <a href=\"https:\/\/twitter.com\/ChelseaFCW\/status\/1370331811251900417?ref_src=twsrc%5Etfw\">March 12, 2021<\/a><\/blockquote><script async src=\"https:\/\/platform.twitter.com\/widgets.js\" charset=\"utf-8\"><\/script>\n<\/div><\/figure>\n\n\n\n<figure class=\"wp-block-embed-twitter wp-block-embed is-type-rich is-provider-twitter\"><div class=\"wp-block-embed__wrapper\">\n<blockquote class=\"twitter-tweet\" data-width=\"550\" data-dnt=\"true\"><p lang=\"de\" dir=\"ltr\">Wiedersehen mit <a href=\"https:\/\/twitter.com\/PernilleMHarder?ref_src=twsrc%5Etfw\">@PernilleMHarder<\/a>: Die W\u00f6lfinnen werden im <a href=\"https:\/\/twitter.com\/UWCL?ref_src=twsrc%5Etfw\">@UWCL<\/a>-Viertelfinale gegen <a href=\"https:\/\/twitter.com\/ChelseaFCW?ref_src=twsrc%5Etfw\">@ChelseaFCW<\/a> antreten. \ud83d\udc51<a href=\"https:\/\/twitter.com\/hashtag\/VfLWolfsburg?src=hash&amp;ref_src=twsrc%5Etfw\">#VfLWolfsburg<\/a> <a href=\"https:\/\/twitter.com\/hashtag\/UWCL?src=hash&amp;ref_src=twsrc%5Etfw\">#UWCL<\/a> <a href=\"https:\/\/t.co\/qGuXi7mMwu\">pic.twitter.com\/qGuXi7mMwu<\/a><\/p>&mdash; VfL Wolfsburg Frauen (@VfL_Frauen) <a href=\"https:\/\/twitter.com\/VfL_Frauen\/status\/1370333451711303686?ref_src=twsrc%5Etfw\">March 12, 2021<\/a><\/blockquote><script async src=\"https:\/\/platform.twitter.com\/widgets.js\" charset=\"utf-8\"><\/script>\n<\/div><\/figure>\n\n\n\n<p><strong>LAS FECHAS\u2026<\/strong><\/p>\n\n\n\n<p><strong>Cuartos de\nfinal: 24\/25 de marzo y 31 de marzo \/ 1 de abril<\/strong><\/p>\n\n\n\n<p>Ganador partido 2 vs Ganador partido 3<\/p>\n\n\n\n<p>Ganador partido 1 vs. Ganador partido 4<\/p>\n\n\n\n<p><strong>Semifinales:\n24\/25 de abril y 1\/2 de mayo<\/strong><\/p>\n\n\n\n<p><strong>Final: 16 de mayo<\/strong><\/p>\n\n\n<p><script async src=\"https:\/\/pagead2.googlesyndication.com\/pagead\/js\/adsbygoogle.js\"><\/script><br \/>\n<!-- PC 728x90 --><br \/>\n<ins class=\"adsbygoogle\"\nstyle=\"display:inline-block;width:728px;height:90px\"\ndata-ad-client=\"ca-pub-9427576701762839\"\ndata-ad-slot=\"1011393878\"><\/ins><br \/>\n<script>\n(adsbygoogle = window.adsbygoogle || []).push({});\n<\/script><\/p>\n\n\n\n<figure class=\"wp-block-embed-youtube wp-block-embed is-type-video is-provider-youtube wp-embed-aspect-16-9 wp-has-aspect-ratio\"><div class=\"wp-block-embed__wrapper\">\n<iframe loading=\"lazy\" title=\"Puebla FC - Liga MX | Alternativo Guardianes 21\" width=\"960\" height=\"540\" src=\"https:\/\/www.youtube.com\/embed\/mJO0M2dt3II?feature=oembed\" frameborder=\"0\" allow=\"accelerometer; autoplay; clipboard-write; encrypted-media; gyroscope; picture-in-picture\" allowfullscreen><\/iframe>\n<\/div><\/figure>\n","protected":false},"excerpt":{"rendered":"<p>Por Alejandro Mart\u00ednez \/ @alexmtz8603 El camino a Gotemburgo ha sido esclarecido. El sorteo ha arrojado los partidazos de Cuartos de Final de la UEFA Womens Champion\u2019s League. Cabe mencionar que, todav\u00eda est\u00e1 pendiente a desarrollarse el duelo de Octavos entre el PSG y el Sparta, eliminatoria que tienen muy aventajada las francesas al haber&#8230; <\/p>\n<div class=\"clear\"><\/div>\n<p><a href=\"https:\/\/latribunera.com\/apuntes\/index.php\/2021\/03\/12\/los-cruces-de-cuartos-de-la-champions-league-femenil\/\" class=\"excerpt-read-more\">Read More<i class=\"fa fa-caret-right icon-caret-right\"><\/i><\/a><\/p>\n","protected":false},"author":7,"featured_media":13140,"comment_status":"open","ping_status":"open","sticky":false,"template":"","format":"standard","meta":{"_jetpack_memberships_contains_paid_content":false,"footnotes":""},"categories":[231,84,3,83,281],"tags":[],"class_list":["post-13132","post","type-post","status-publish","format-standard","has-post-thumbnail","hentry","category-apuntes","category-champions-league","category-futbol","category-futbol-europeo","category-mujerfutbol"],"jetpack_featured_media_url":"https:\/\/latribunera.com\/apuntes\/wp-content\/uploads\/2021\/03\/EwDMZx6WYAwpojr-scaled.jpg","jetpack-related-posts":[{"id":45386,"url":"https:\/\/latribunera.com\/apuntes\/index.php\/2026\/03\/11\/santos-launa-impulsa-mejoras-en-la-infraestructura-de-tsm-y-estadio-corona\/","url_meta":{"origin":13132,"position":0},"title":"Santos Laguna impulsa mejoras en la infraestructura de TSM y Estadio Corona","author":"Jacob Alarcon","date":"11 marzo, 2026","format":false,"excerpt":"Club Santos Laguna lleva a cabo una serie de reformas y mejoras en la infraestructura de TerritorioSantos Modelo y del Estadio Corona, con el objetivo de impulsar la innovaci\u00f3n tecnol\u00f3gica, lasostenibilidad y la modernizaci\u00f3n de sus espacios.Con estas acciones, el club contin\u00faa fortaleciendo la experiencia de sus aficionados yactualizando sus\u2026","rel":"","context":"In &quot;Pasi\u00f3n Guerrera&quot;","block_context":{"text":"Pasi\u00f3n Guerrera","link":"https:\/\/latribunera.com\/apuntes\/index.php\/category\/tribus\/pasionguerrera\/"},"img":{"alt_text":"","src":"https:\/\/i0.wp.com\/latribunera.com\/apuntes\/wp-content\/uploads\/2026\/03\/Renovacion-TSM.jpg?resize=350%2C200&ssl=1","width":350,"height":200,"srcset":"https:\/\/i0.wp.com\/latribunera.com\/apuntes\/wp-content\/uploads\/2026\/03\/Renovacion-TSM.jpg?resize=350%2C200&ssl=1 1x, https:\/\/i0.wp.com\/latribunera.com\/apuntes\/wp-content\/uploads\/2026\/03\/Renovacion-TSM.jpg?resize=525%2C300&ssl=1 1.5x, https:\/\/i0.wp.com\/latribunera.com\/apuntes\/wp-content\/uploads\/2026\/03\/Renovacion-TSM.jpg?resize=700%2C400&ssl=1 2x, https:\/\/i0.wp.com\/latribunera.com\/apuntes\/wp-content\/uploads\/2026\/03\/Renovacion-TSM.jpg?resize=1050%2C600&ssl=1 3x, https:\/\/i0.wp.com\/latribunera.com\/apuntes\/wp-content\/uploads\/2026\/03\/Renovacion-TSM.jpg?resize=1400%2C800&ssl=1 4x"},"classes":[]}],"jetpack_sharing_enabled":true,"_links":{"self":[{"href":"https:\/\/latribunera.com\/apuntes\/index.php\/wp-json\/wp\/v2\/posts\/13132","targetHints":{"allow":["GET"]}}],"collection":[{"href":"https:\/\/latribunera.com\/apuntes\/index.php\/wp-json\/wp\/v2\/posts"}],"about":[{"href":"https:\/\/latribunera.com\/apuntes\/index.php\/wp-json\/wp\/v2\/types\/post"}],"author":[{"embeddable":true,"href":"https:\/\/latribunera.com\/apuntes\/index.php\/wp-json\/wp\/v2\/users\/7"}],"replies":[{"embeddable":true,"href":"https:\/\/latribunera.com\/apuntes\/index.php\/wp-json\/wp\/v2\/comments?post=13132"}],"version-history":[{"count":2,"href":"https:\/\/latribunera.com\/apuntes\/index.php\/wp-json\/wp\/v2\/posts\/13132\/revisions"}],"predecessor-version":[{"id":13142,"href":"https:\/\/latribunera.com\/apuntes\/index.php\/wp-json\/wp\/v2\/posts\/13132\/revisions\/13142"}],"wp:featuredmedia":[{"embeddable":true,"href":"https:\/\/latribunera.com\/apuntes\/index.php\/wp-json\/wp\/v2\/media\/13140"}],"wp:attachment":[{"href":"https:\/\/latribunera.com\/apuntes\/index.php\/wp-json\/wp\/v2\/media?parent=13132"}],"wp:term":[{"taxonomy":"category","embeddable":true,"href":"https:\/\/latribunera.com\/apuntes\/index.php\/wp-json\/wp\/v2\/categories?post=13132"},{"taxonomy":"post_tag","embeddable":true,"href":"https:\/\/latribunera.com\/apuntes\/index.php\/wp-json\/wp\/v2\/tags?post=13132"}],"curies":[{"name":"wp","href":"https:\/\/api.w.org\/{rel}","templated":true}]}}