{"id":13722,"date":"2021-03-24T06:50:37","date_gmt":"2021-03-24T06:50:37","guid":{"rendered":"https:\/\/latribunera.com\/apuntes\/?p=13722"},"modified":"2021-03-24T06:50:41","modified_gmt":"2021-03-24T06:50:41","slug":"el-clasico-regio-51-un-mito-o-ilusion-de-verdad","status":"publish","type":"post","link":"https:\/\/latribunera.com\/apuntes\/index.php\/2021\/03\/24\/el-clasico-regio-51-un-mito-o-ilusion-de-verdad\/","title":{"rendered":"El Cl\u00e1sico Regio 51&#8230; \u00bfUn mito o &#8216;ilusi\u00f3n de verdad&#8217;?"},"content":{"rendered":"<p><script async src=\"https:\/\/pagead2.googlesyndication.com\/pagead\/js\/adsbygoogle.js\"><\/script><br \/>\n<!-- PC 728x90 --><br \/>\n<ins class=\"adsbygoogle\"\nstyle=\"display:inline-block;width:728px;height:90px\"\ndata-ad-client=\"ca-pub-9427576701762839\"\ndata-ad-slot=\"1011393878\"><\/ins><br \/>\n<script>\n(adsbygoogle = window.adsbygoogle || []).push({});\n<\/script><\/p>\n\n\n\n<p>Luis\nAlberto Madrigal<\/p>\n\n\n\n<p>Dicen que\nuna mentira repetida mil veces se convierte en una verdad. Al menos, para un\ngrupo de aficionados de Rayados, esta &#8216;ilusi\u00f3n de verdad&#8217; se da debido al\nCl\u00e1sico Regio 51, conocido como el &#8220;Cl\u00e1sico del Descenso&#8221;.<\/p>\n\n\n\n<p>El 24 de\nmarzo de 1996, dentro de la Jornada 32 del campeonato 1995-1996, marc\u00f3 una\nfecha hist\u00f3rica para el futbol regio, cuando Tigres firm\u00f3 su \u00fanico descenso a\nla Primera Divisi\u00f3n A. <\/p>\n\n\n\n<p>Los universitarios cayeron 2-1 a manos de Rayados de Monterrey,\u00a0en un duelo que fue un efecto secundario del partido entre Morelia (rival felino por la permanencia en Primera) frente al Veracruz, donde los Pur\u00e9pechas derrotaron 1-0 a los escualos.<\/p>\n\n\n<p><script async src=\"https:\/\/pagead2.googlesyndication.com\/pagead\/js\/adsbygoogle.js\"><\/script><br \/>\n<!-- PC 728x90 --><br \/>\n<ins class=\"adsbygoogle\"\nstyle=\"display:inline-block;width:728px;height:90px\"\ndata-ad-client=\"ca-pub-9427576701762839\"\ndata-ad-slot=\"1011393878\"><\/ins><br \/>\n<script>\n(adsbygoogle = window.adsbygoogle || []).push({});\n<\/script><\/p>\n\n\n\n<p>Ambos\njuegos se disputaron el mismo domingo 24 de marzo de 1996, a la misma hora, las\n12 del mediod\u00eda.<\/p>\n\n\n\n<p>Para este\nchoque, el cuadro de la UANL lleg\u00f3 con la soga al cuello luego de caer a media\nsemana 1-0 frente a Tecos de la UAG, lo cual fue bien aprovechado por Morelia\nque le peg\u00f3 1-0 al Puebla de visita.<\/p>\n\n\n\n<p>As\u00ed Tigres\nten\u00eda la necesidad de ganarle a La Pandilla y esperar que Morelia perdiera ante\nVeracruz. De lo contrario, ni ganando el derbi norte\u00f1o, le hubiera servido para\nmantenerse en el M\u00e1ximo Circuito. <\/p>\n\n\n\n<p>Tras el\nCl\u00e1sico Regio, restaron dos fechas de fase regular del torneo donde Tigres\nempat\u00f3 a cero con Puebla y gan\u00f3 2-0 al Veracruz. Mientras que Morelia, con la\nsalvaci\u00f3n definida igual\u00f3 1-1 con Cruz Azul y cay\u00f3 1-0 frente a Santos. <\/p>\n\n\n\n<p>Tras el derbi norte\u00f1o los hinchas albiazules crearon un mito de que su equipo, Rayados, mand\u00f3 al descenso a Tigres, y esto lo celebran como una gloria que los felinos nunca podr\u00e1n cobrarse. <\/p>\n\n\n<p><script async src=\"https:\/\/pagead2.googlesyndication.com\/pagead\/js\/adsbygoogle.js\"><\/script><br \/>\n<!-- PC 728x90 --><br \/>\n<ins class=\"adsbygoogle\"\nstyle=\"display:inline-block;width:728px;height:90px\"\ndata-ad-client=\"ca-pub-9427576701762839\"\ndata-ad-slot=\"1011393878\"><\/ins><br \/>\n<script>\n(adsbygoogle = window.adsbygoogle || []).push({});\n<\/script><\/p>\n\n\n\n<p>En esa\ncampa\u00f1a 1995-1996, los Tigres de V\u00edctor Manuel Vucetich realizaron una gran\nlabor futbol\u00edstica, le sacaron 13 de diferencia a Morelia, pues sumaron 49\nunidades por 36 de los entonces Ates.<\/p>\n\n\n\n<p>Fueron\nCampeones de la Copa M\u00e9xico unos d\u00edas antes de perder la categor\u00eda. Y pese a\ncaer de divisi\u00f3n, se colaron a la Liguilla, primero a la repesca donde echaron\na Le\u00f3n. Y ya en Cuartos de Final, tuvieron un par de pol\u00e9micos encuentros ante\nNecaxa, que los ech\u00f3 por 2-1 global. <\/p>\n\n\n\n<p>Pero las campa\u00f1as anteriores donde los felinos consiguieron apenas 24 puntos mientras Morelia 30 (1994-1995) y 30 unidades por 39 de los Pur\u00e9pechas (1993-1994), terminaron por liquidarlos en la temporada decisiva.<\/p>\n\n\n\n<p><strong>FOTO: SE\u00d1OR FUTBOL<\/strong><\/p>\n\n\n<p><script async src=\"https:\/\/pagead2.googlesyndication.com\/pagead\/js\/adsbygoogle.js\"><\/script><br \/>\n<!-- PC 728x90 --><br \/>\n<ins class=\"adsbygoogle\"\nstyle=\"display:inline-block;width:728px;height:90px\"\ndata-ad-client=\"ca-pub-9427576701762839\"\ndata-ad-slot=\"1011393878\"><\/ins><br \/>\n<script>\n(adsbygoogle = window.adsbygoogle || []).push({});\n<\/script><\/p>\n\n\n","protected":false},"excerpt":{"rendered":"<p>Luis Alberto Madrigal Dicen que una mentira repetida mil veces se convierte en una verdad. Al menos, para un grupo de aficionados de Rayados, esta &#8216;ilusi\u00f3n de verdad&#8217; se da debido al Cl\u00e1sico Regio 51, conocido como el &#8220;Cl\u00e1sico del Descenso&#8221;. El 24 de marzo de 1996, dentro de la Jornada 32 del campeonato 1995-1996,&#8230; <\/p>\n<div class=\"clear\"><\/div>\n<p><a href=\"https:\/\/latribunera.com\/apuntes\/index.php\/2021\/03\/24\/el-clasico-regio-51-un-mito-o-ilusion-de-verdad\/\" class=\"excerpt-read-more\">Read More<i class=\"fa fa-caret-right icon-caret-right\"><\/i><\/a><\/p>\n","protected":false},"author":4,"featured_media":13723,"comment_status":"open","ping_status":"open","sticky":false,"template":"","format":"standard","meta":{"_jetpack_memberships_contains_paid_content":false,"footnotes":""},"categories":[231,3,2,278,277],"tags":[],"class_list":["post-13722","post","type-post","status-publish","format-standard","has-post-thumbnail","hentry","category-apuntes","category-futbol","category-futbol-mexicano","category-solotigres","category-zonarayada"],"jetpack_featured_media_url":"https:\/\/latribunera.com\/apuntes\/wp-content\/uploads\/2021\/03\/WhatsApp-Image-2021-03-23-at-23.20.34.jpeg","jetpack-related-posts":[{"id":45392,"url":"https:\/\/latribunera.com\/apuntes\/index.php\/2026\/04\/09\/se-presento-la-13va-edicion-del-guerreton\/","url_meta":{"origin":13722,"position":0},"title":"Se presento la 13va edici\u00f3n del Guerret\u00f3n.","author":"Staff","date":"9 abril, 2026","format":false,"excerpt":"A lo largo de sus primeras 12 ediciones, Guerret\u00f3n ha logrado recolectar m\u00e1s de 121,500juguetes, peluches y balones, beneficiando a diversas asociaciones e instituciones de laregi\u00f3n lagunera, entre ellas CRIT Durango, los sistemas DIF de distintos municipios, as\u00edcomo organizaciones educativas y asistenciales. A la fecha, se han instalado cuatro ludotecas\u2026","rel":"","context":"In &quot;Ganar Sirviendo&quot;","block_context":{"text":"Ganar Sirviendo","link":"https:\/\/latribunera.com\/apuntes\/index.php\/category\/futbol\/futbol-mexicano\/ganar-sirviendo\/"},"img":{"alt_text":"","src":"https:\/\/i0.wp.com\/latribunera.com\/apuntes\/wp-content\/uploads\/2026\/04\/9Guerreton-2026-2.jpg.jpeg?resize=350%2C200&ssl=1","width":350,"height":200,"srcset":"https:\/\/i0.wp.com\/latribunera.com\/apuntes\/wp-content\/uploads\/2026\/04\/9Guerreton-2026-2.jpg.jpeg?resize=350%2C200&ssl=1 1x, https:\/\/i0.wp.com\/latribunera.com\/apuntes\/wp-content\/uploads\/2026\/04\/9Guerreton-2026-2.jpg.jpeg?resize=525%2C300&ssl=1 1.5x, https:\/\/i0.wp.com\/latribunera.com\/apuntes\/wp-content\/uploads\/2026\/04\/9Guerreton-2026-2.jpg.jpeg?resize=700%2C400&ssl=1 2x, https:\/\/i0.wp.com\/latribunera.com\/apuntes\/wp-content\/uploads\/2026\/04\/9Guerreton-2026-2.jpg.jpeg?resize=1050%2C600&ssl=1 3x, https:\/\/i0.wp.com\/latribunera.com\/apuntes\/wp-content\/uploads\/2026\/04\/9Guerreton-2026-2.jpg.jpeg?resize=1400%2C800&ssl=1 4x"},"classes":[]},{"id":45386,"url":"https:\/\/latribunera.com\/apuntes\/index.php\/2026\/03\/11\/santos-launa-impulsa-mejoras-en-la-infraestructura-de-tsm-y-estadio-corona\/","url_meta":{"origin":13722,"position":1},"title":"Santos Laguna impulsa mejoras en la infraestructura de TSM y Estadio Corona","author":"Jacob Alarcon","date":"11 marzo, 2026","format":false,"excerpt":"Club Santos Laguna lleva a cabo una serie de reformas y mejoras en la infraestructura de TerritorioSantos Modelo y del Estadio Corona, con el objetivo de impulsar la innovaci\u00f3n tecnol\u00f3gica, lasostenibilidad y la modernizaci\u00f3n de sus espacios.Con estas acciones, el club contin\u00faa fortaleciendo la experiencia de sus aficionados yactualizando sus\u2026","rel":"","context":"In &quot;Pasi\u00f3n Guerrera&quot;","block_context":{"text":"Pasi\u00f3n Guerrera","link":"https:\/\/latribunera.com\/apuntes\/index.php\/category\/tribus\/pasionguerrera\/"},"img":{"alt_text":"","src":"https:\/\/i0.wp.com\/latribunera.com\/apuntes\/wp-content\/uploads\/2026\/03\/Renovacion-TSM.jpg?resize=350%2C200&ssl=1","width":350,"height":200,"srcset":"https:\/\/i0.wp.com\/latribunera.com\/apuntes\/wp-content\/uploads\/2026\/03\/Renovacion-TSM.jpg?resize=350%2C200&ssl=1 1x, https:\/\/i0.wp.com\/latribunera.com\/apuntes\/wp-content\/uploads\/2026\/03\/Renovacion-TSM.jpg?resize=525%2C300&ssl=1 1.5x, https:\/\/i0.wp.com\/latribunera.com\/apuntes\/wp-content\/uploads\/2026\/03\/Renovacion-TSM.jpg?resize=700%2C400&ssl=1 2x, https:\/\/i0.wp.com\/latribunera.com\/apuntes\/wp-content\/uploads\/2026\/03\/Renovacion-TSM.jpg?resize=1050%2C600&ssl=1 3x, https:\/\/i0.wp.com\/latribunera.com\/apuntes\/wp-content\/uploads\/2026\/03\/Renovacion-TSM.jpg?resize=1400%2C800&ssl=1 4x"},"classes":[]}],"jetpack_sharing_enabled":true,"_links":{"self":[{"href":"https:\/\/latribunera.com\/apuntes\/index.php\/wp-json\/wp\/v2\/posts\/13722","targetHints":{"allow":["GET"]}}],"collection":[{"href":"https:\/\/latribunera.com\/apuntes\/index.php\/wp-json\/wp\/v2\/posts"}],"about":[{"href":"https:\/\/latribunera.com\/apuntes\/index.php\/wp-json\/wp\/v2\/types\/post"}],"author":[{"embeddable":true,"href":"https:\/\/latribunera.com\/apuntes\/index.php\/wp-json\/wp\/v2\/users\/4"}],"replies":[{"embeddable":true,"href":"https:\/\/latribunera.com\/apuntes\/index.php\/wp-json\/wp\/v2\/comments?post=13722"}],"version-history":[{"count":2,"href":"https:\/\/latribunera.com\/apuntes\/index.php\/wp-json\/wp\/v2\/posts\/13722\/revisions"}],"predecessor-version":[{"id":13725,"href":"https:\/\/latribunera.com\/apuntes\/index.php\/wp-json\/wp\/v2\/posts\/13722\/revisions\/13725"}],"wp:featuredmedia":[{"embeddable":true,"href":"https:\/\/latribunera.com\/apuntes\/index.php\/wp-json\/wp\/v2\/media\/13723"}],"wp:attachment":[{"href":"https:\/\/latribunera.com\/apuntes\/index.php\/wp-json\/wp\/v2\/media?parent=13722"}],"wp:term":[{"taxonomy":"category","embeddable":true,"href":"https:\/\/latribunera.com\/apuntes\/index.php\/wp-json\/wp\/v2\/categories?post=13722"},{"taxonomy":"post_tag","embeddable":true,"href":"https:\/\/latribunera.com\/apuntes\/index.php\/wp-json\/wp\/v2\/tags?post=13722"}],"curies":[{"name":"wp","href":"https:\/\/api.w.org\/{rel}","templated":true}]}}