{"id":13759,"date":"2021-03-24T20:16:10","date_gmt":"2021-03-24T20:16:10","guid":{"rendered":"https:\/\/latribunera.com\/apuntes\/?p=13759"},"modified":"2021-03-25T04:13:16","modified_gmt":"2021-03-25T04:13:16","slug":"un-tigre-no-se-averguenza-de-sus-cicatrices","status":"publish","type":"post","link":"https:\/\/latribunera.com\/apuntes\/index.php\/2021\/03\/24\/un-tigre-no-se-averguenza-de-sus-cicatrices\/","title":{"rendered":"UN TIGRE NO SE AVERGUENZA DE SUS CICATRICES"},"content":{"rendered":"<p><script async=\"\" src=\"https:\/\/pagead2.googlesyndication.com\/pagead\/js\/adsbygoogle.js\"><\/script><br \/>\n<!-- PC 728x90 --><br \/>\n<ins class=\"adsbygoogle\" style=\"display:inline-block;width:728px;height:90px\" data-ad-client=\"ca-pub-9427576701762839\" data-ad-slot=\"1011393878\"><\/ins><br \/>\n<script>\n(adsbygoogle = window.adsbygoogle || []).push({});\n<\/script><\/p>\n\n\n\n<p>Por Alejandro\nMart\u00ednez \/ @alexmtz8603<\/p>\n\n\n\n<p>Hace 25\na\u00f1os, Tigres baj\u00f3 de categor\u00eda, pero en un a\u00f1o ya estaban de vuelta<\/p>\n\n\n\n<p>Tal cual un\nave f\u00e9nix, los de la UANL resurgieron de las cenizas<\/p>\n\n\n\n<p>Ahora que\nse cumple un aniversario m\u00e1s de este episodio, los felinos pusieron un\ncomentario en su cuenta de Twitter en donde define al perfil tigre.<\/p>\n\n\n\n<p>\u201cUn Tigre\nno se averg\u00fcenza de sus cicatrices porque ellas lo han hecho m\u00e1s fuerte. Nos\nfuimos\u2026 S\u00ed. Fue doloroso\u2026 Tambi\u00e9n. \u00a1Pero volvimos con las garras m\u00e1s afiladas!<\/p>\n\n\n\n<p>\u201cRenacimos hace 25 a\u00f1os para ganar t\u00edtulos en canchas ajenas y propias, eso es el #PerfilTigre\u201d<\/p>\n\n\n\n\n<p><script async=\"\" src=\"https:\/\/pagead2.googlesyndication.com\/pagead\/js\/adsbygoogle.js\"><\/script><br \/>\n<!-- PC 728x90 --><br \/>\n<ins class=\"adsbygoogle\" style=\"display:inline-block;width:728px;height:90px\" data-ad-client=\"ca-pub-9427576701762839\" data-ad-slot=\"1011393878\"><\/ins><br \/>\n<script>\n(adsbygoogle = window.adsbygoogle || []).push({});\n<\/script><\/p>\n\n\n\n<figure class=\"wp-block-embed-youtube wp-block-embed is-type-video is-provider-youtube wp-embed-aspect-16-9 wp-has-aspect-ratio\"><div class=\"wp-block-embed__wrapper\">\n<iframe loading=\"lazy\" title=\"Tigres, el quinto grande de la Liga MX\" width=\"960\" height=\"540\" src=\"https:\/\/www.youtube.com\/embed\/YkVfKWlAPFg?feature=oembed\" frameborder=\"0\" allow=\"accelerometer; autoplay; clipboard-write; encrypted-media; gyroscope; picture-in-picture\" allowfullscreen><\/iframe>\n<\/div><\/figure>\n\n\n<p><script async=\"\" src=\"https:\/\/pagead2.googlesyndication.com\/pagead\/js\/adsbygoogle.js\"><\/script><br \/>\n<!-- PC 728x90 --><br \/>\n<ins class=\"adsbygoogle\" style=\"display:inline-block;width:728px;height:90px\" data-ad-client=\"ca-pub-9427576701762839\" data-ad-slot=\"1011393878\"><\/ins><br \/>\n<script>\n(adsbygoogle = window.adsbygoogle || []).push({});\n<\/script><\/p>\n","protected":false},"excerpt":{"rendered":"<p>Por Alejandro Mart\u00ednez \/ @alexmtz8603 Hace 25 a\u00f1os, Tigres baj\u00f3 de categor\u00eda, pero en un a\u00f1o ya estaban de vuelta Tal cual un ave f\u00e9nix, los de la UANL resurgieron de las cenizas Ahora que se cumple un aniversario m\u00e1s de este episodio, los felinos pusieron un comentario en su cuenta de Twitter en donde&#8230; <\/p>\n<div class=\"clear\"><\/div>\n<p><a href=\"https:\/\/latribunera.com\/apuntes\/index.php\/2021\/03\/24\/un-tigre-no-se-averguenza-de-sus-cicatrices\/\" class=\"excerpt-read-more\">Read More<i class=\"fa fa-caret-right icon-caret-right\"><\/i><\/a><\/p>\n","protected":false},"author":7,"featured_media":13762,"comment_status":"open","ping_status":"open","sticky":false,"template":"","format":"standard","meta":{"_jetpack_memberships_contains_paid_content":false,"footnotes":""},"categories":[231,3,2,229,278],"tags":[],"class_list":["post-13759","post","type-post","status-publish","format-standard","has-post-thumbnail","hentry","category-apuntes","category-futbol","category-futbol-mexicano","category-mexico","category-solotigres"],"jetpack_featured_media_url":"https:\/\/latribunera.com\/apuntes\/wp-content\/uploads\/2021\/03\/okssssssssss.jpg","jetpack-related-posts":[{"id":45386,"url":"https:\/\/latribunera.com\/apuntes\/index.php\/2026\/03\/11\/santos-launa-impulsa-mejoras-en-la-infraestructura-de-tsm-y-estadio-corona\/","url_meta":{"origin":13759,"position":0},"title":"Santos Laguna impulsa mejoras en la infraestructura de TSM y Estadio Corona","author":"Jacob Alarcon","date":"11 marzo, 2026","format":false,"excerpt":"Club Santos Laguna lleva a cabo una serie de reformas y mejoras en la infraestructura de TerritorioSantos Modelo y del Estadio Corona, con el objetivo de impulsar la innovaci\u00f3n tecnol\u00f3gica, lasostenibilidad y la modernizaci\u00f3n de sus espacios.Con estas acciones, el club contin\u00faa fortaleciendo la experiencia de sus aficionados yactualizando sus\u2026","rel":"","context":"In &quot;Pasi\u00f3n Guerrera&quot;","block_context":{"text":"Pasi\u00f3n Guerrera","link":"https:\/\/latribunera.com\/apuntes\/index.php\/category\/tribus\/pasionguerrera\/"},"img":{"alt_text":"","src":"https:\/\/i0.wp.com\/latribunera.com\/apuntes\/wp-content\/uploads\/2026\/03\/Renovacion-TSM.jpg?resize=350%2C200&ssl=1","width":350,"height":200,"srcset":"https:\/\/i0.wp.com\/latribunera.com\/apuntes\/wp-content\/uploads\/2026\/03\/Renovacion-TSM.jpg?resize=350%2C200&ssl=1 1x, https:\/\/i0.wp.com\/latribunera.com\/apuntes\/wp-content\/uploads\/2026\/03\/Renovacion-TSM.jpg?resize=525%2C300&ssl=1 1.5x, https:\/\/i0.wp.com\/latribunera.com\/apuntes\/wp-content\/uploads\/2026\/03\/Renovacion-TSM.jpg?resize=700%2C400&ssl=1 2x, https:\/\/i0.wp.com\/latribunera.com\/apuntes\/wp-content\/uploads\/2026\/03\/Renovacion-TSM.jpg?resize=1050%2C600&ssl=1 3x, https:\/\/i0.wp.com\/latribunera.com\/apuntes\/wp-content\/uploads\/2026\/03\/Renovacion-TSM.jpg?resize=1400%2C800&ssl=1 4x"},"classes":[]},{"id":45392,"url":"https:\/\/latribunera.com\/apuntes\/index.php\/2026\/04\/09\/se-presento-la-13va-edicion-del-guerreton\/","url_meta":{"origin":13759,"position":1},"title":"Se presento la 13va edici\u00f3n del Guerret\u00f3n.","author":"Staff","date":"9 abril, 2026","format":false,"excerpt":"A lo largo de sus primeras 12 ediciones, Guerret\u00f3n ha logrado recolectar m\u00e1s de 121,500juguetes, peluches y balones, beneficiando a diversas asociaciones e instituciones de laregi\u00f3n lagunera, entre ellas CRIT Durango, los sistemas DIF de distintos municipios, as\u00edcomo organizaciones educativas y asistenciales. A la fecha, se han instalado cuatro ludotecas\u2026","rel":"","context":"In &quot;Ganar Sirviendo&quot;","block_context":{"text":"Ganar Sirviendo","link":"https:\/\/latribunera.com\/apuntes\/index.php\/category\/futbol\/futbol-mexicano\/ganar-sirviendo\/"},"img":{"alt_text":"","src":"https:\/\/i0.wp.com\/latribunera.com\/apuntes\/wp-content\/uploads\/2026\/04\/9Guerreton-2026-2.jpg.jpeg?resize=350%2C200&ssl=1","width":350,"height":200,"srcset":"https:\/\/i0.wp.com\/latribunera.com\/apuntes\/wp-content\/uploads\/2026\/04\/9Guerreton-2026-2.jpg.jpeg?resize=350%2C200&ssl=1 1x, https:\/\/i0.wp.com\/latribunera.com\/apuntes\/wp-content\/uploads\/2026\/04\/9Guerreton-2026-2.jpg.jpeg?resize=525%2C300&ssl=1 1.5x, https:\/\/i0.wp.com\/latribunera.com\/apuntes\/wp-content\/uploads\/2026\/04\/9Guerreton-2026-2.jpg.jpeg?resize=700%2C400&ssl=1 2x, https:\/\/i0.wp.com\/latribunera.com\/apuntes\/wp-content\/uploads\/2026\/04\/9Guerreton-2026-2.jpg.jpeg?resize=1050%2C600&ssl=1 3x, https:\/\/i0.wp.com\/latribunera.com\/apuntes\/wp-content\/uploads\/2026\/04\/9Guerreton-2026-2.jpg.jpeg?resize=1400%2C800&ssl=1 4x"},"classes":[]},{"id":45421,"url":"https:\/\/latribunera.com\/apuntes\/index.php\/2026\/04\/16\/todo-listo-para-la-14va-edicion-de-la-copa-internacional-santos-penoles\/","url_meta":{"origin":13759,"position":2},"title":"Todo listo para la 14va edici\u00f3n de la Copa Internacional Santos Pe\u00f1oles","author":"Jacob Alarcon","date":"16 abril, 2026","format":false,"excerpt":"Este jueves, en el Auditorio Orlegi de Territorio Santos Modelo, se llev\u00f3 a cabo la presentaci\u00f3noficial de la edici\u00f3n 2026 de la Copa Internacional Santos Pe\u00f1oles, torneo que se ha consolidadocomo uno de los m\u00e1s importantes a nivel infantil y juvenil en M\u00e9xico. Adem\u00e1s de brindar una competencia deportiva de\u2026","rel":"","context":"In &quot;Sin categor\u00eda&quot;","block_context":{"text":"Sin categor\u00eda","link":"https:\/\/latribunera.com\/apuntes\/index.php\/category\/sin-categoria\/"},"img":{"alt_text":"","src":"https:\/\/i0.wp.com\/latribunera.com\/apuntes\/wp-content\/uploads\/2026\/04\/Presentacion-Copa-Santos-Penoles.jpg?resize=350%2C200&ssl=1","width":350,"height":200,"srcset":"https:\/\/i0.wp.com\/latribunera.com\/apuntes\/wp-content\/uploads\/2026\/04\/Presentacion-Copa-Santos-Penoles.jpg?resize=350%2C200&ssl=1 1x, https:\/\/i0.wp.com\/latribunera.com\/apuntes\/wp-content\/uploads\/2026\/04\/Presentacion-Copa-Santos-Penoles.jpg?resize=525%2C300&ssl=1 1.5x, https:\/\/i0.wp.com\/latribunera.com\/apuntes\/wp-content\/uploads\/2026\/04\/Presentacion-Copa-Santos-Penoles.jpg?resize=700%2C400&ssl=1 2x, https:\/\/i0.wp.com\/latribunera.com\/apuntes\/wp-content\/uploads\/2026\/04\/Presentacion-Copa-Santos-Penoles.jpg?resize=1050%2C600&ssl=1 3x, https:\/\/i0.wp.com\/latribunera.com\/apuntes\/wp-content\/uploads\/2026\/04\/Presentacion-Copa-Santos-Penoles.jpg?resize=1400%2C800&ssl=1 4x"},"classes":[]}],"jetpack_sharing_enabled":true,"_links":{"self":[{"href":"https:\/\/latribunera.com\/apuntes\/index.php\/wp-json\/wp\/v2\/posts\/13759","targetHints":{"allow":["GET"]}}],"collection":[{"href":"https:\/\/latribunera.com\/apuntes\/index.php\/wp-json\/wp\/v2\/posts"}],"about":[{"href":"https:\/\/latribunera.com\/apuntes\/index.php\/wp-json\/wp\/v2\/types\/post"}],"author":[{"embeddable":true,"href":"https:\/\/latribunera.com\/apuntes\/index.php\/wp-json\/wp\/v2\/users\/7"}],"replies":[{"embeddable":true,"href":"https:\/\/latribunera.com\/apuntes\/index.php\/wp-json\/wp\/v2\/comments?post=13759"}],"version-history":[{"count":3,"href":"https:\/\/latribunera.com\/apuntes\/index.php\/wp-json\/wp\/v2\/posts\/13759\/revisions"}],"predecessor-version":[{"id":13763,"href":"https:\/\/latribunera.com\/apuntes\/index.php\/wp-json\/wp\/v2\/posts\/13759\/revisions\/13763"}],"wp:featuredmedia":[{"embeddable":true,"href":"https:\/\/latribunera.com\/apuntes\/index.php\/wp-json\/wp\/v2\/media\/13762"}],"wp:attachment":[{"href":"https:\/\/latribunera.com\/apuntes\/index.php\/wp-json\/wp\/v2\/media?parent=13759"}],"wp:term":[{"taxonomy":"category","embeddable":true,"href":"https:\/\/latribunera.com\/apuntes\/index.php\/wp-json\/wp\/v2\/categories?post=13759"},{"taxonomy":"post_tag","embeddable":true,"href":"https:\/\/latribunera.com\/apuntes\/index.php\/wp-json\/wp\/v2\/tags?post=13759"}],"curies":[{"name":"wp","href":"https:\/\/api.w.org\/{rel}","templated":true}]}}