{"id":14007,"date":"2021-03-30T04:53:27","date_gmt":"2021-03-30T04:53:27","guid":{"rendered":"https:\/\/latribunera.com\/apuntes\/?p=14007"},"modified":"2021-03-30T04:59:01","modified_gmt":"2021-03-30T04:59:01","slug":"vibrante-el-clasico-regio-femenil-21","status":"publish","type":"post","link":"https:\/\/latribunera.com\/apuntes\/index.php\/2021\/03\/30\/vibrante-el-clasico-regio-femenil-21\/","title":{"rendered":"\u00a1VIBRANTE EL CL\u00c1SICO REGIO FEMENIL 21!"},"content":{"rendered":"<p><script async=\"\" src=\"https:\/\/pagead2.googlesyndication.com\/pagead\/js\/adsbygoogle.js\"><\/script><br \/>\n<!-- PC 728x90 --><br \/>\n<ins class=\"adsbygoogle\" style=\"display:inline-block;width:728px;height:90px\" data-ad-client=\"ca-pub-9427576701762839\" data-ad-slot=\"1011393878\"><\/ins><br \/>\n<script>\n(adsbygoogle = window.adsbygoogle || []).push({});\n<\/script><\/p>\n\n\n\n<p>Por Alejandro Mart\u00ednez \/ @alexmtz8603<\/p>\n\n\n\n<p>El Cl\u00e1sico Regio Femenil -Nacional- no decepcion\u00f3. Si bien cada afici\u00f3n, seguro que, quer\u00eda el triunfo de las suyas, s\u00ed disfrut\u00f3 un gran cotejo que en los 90 minutos tuvo buen futbol, pasi\u00f3n y hasta pol\u00e9mica.<\/p>\n\n\n\n<p>Al final, vibrante empate a dos goles&#8230;<\/p>\n\n\n\n<p><strong>Alejandr\u00eda Godinez, hero\u00edna.<\/strong><\/p>\n\n\n\n<p>En los primeros 15 minutos, Tigres Femenil se abalanz\u00f3 sobre el arco de las Rayadas, pero se topar\u00eda con la portera Alejandr\u00eda God\u00ednez, quien tap\u00f3 tres claras de gol, aparte de que, se salv\u00f3 de un disparo al poste de Jacqueline Ovalle.<\/p>\n\n\n\n<figure class=\"wp-block-image size-large\"><img loading=\"lazy\" decoding=\"async\" width=\"597\" height=\"399\" src=\"https:\/\/latribunera.com\/apuntes\/wp-content\/uploads\/2021\/03\/ALEJANDRIA-1.jpg\" alt=\"\" class=\"wp-image-14009\" srcset=\"https:\/\/latribunera.com\/apuntes\/wp-content\/uploads\/2021\/03\/ALEJANDRIA-1.jpg 597w, https:\/\/latribunera.com\/apuntes\/wp-content\/uploads\/2021\/03\/ALEJANDRIA-1-300x201.jpg 300w\" sizes=\"auto, (max-width: 597px) 100vw, 597px\" \/><\/figure>\n\n\n\n<p><strong>Rayadas peg\u00f3 primero.<\/strong><\/p>\n\n\n\n<p>Cuando m\u00e1s atacaban las felinas, el golpe dieron las albiazules: Christina Burkenroad no fall\u00f3 frente al \u00e1rea y logr\u00f3 hacer el gol de la quiniela al minuto 22; destacar el gran pase de Diana Garc\u00eda.<\/p>\n\n\n\n<figure class=\"wp-block-image size-large\"><img loading=\"lazy\" decoding=\"async\" width=\"595\" height=\"396\" src=\"https:\/\/latribunera.com\/apuntes\/wp-content\/uploads\/2021\/03\/BUR-.jpg\" alt=\"\" class=\"wp-image-14010\" srcset=\"https:\/\/latribunera.com\/apuntes\/wp-content\/uploads\/2021\/03\/BUR-.jpg 595w, https:\/\/latribunera.com\/apuntes\/wp-content\/uploads\/2021\/03\/BUR--300x200.jpg 300w\" sizes=\"auto, (max-width: 595px) 100vw, 595px\" \/><\/figure>\n\n\n\n<p><strong>En fuera de lugar, Tigres igual\u00f3 antes de irse al descanso.<\/strong><\/p>\n\n\n\n<p>Mar\u00eda S\u00e1nchez -la crack de las felinas- incursion\u00f3 a gran velocidad por el sector izquierdo, envi\u00f3 el bal\u00f3n al coraz\u00f3n del \u00e1rea y ah\u00ed Lizbeth Ovalle, un poquito adelantada, envi\u00f3 el bal\u00f3n a las redes, su quinta anotaci\u00f3n en Cl\u00e1sicos Regios.<\/p>\n\n\n\n<figure class=\"wp-block-image size-large\"><img loading=\"lazy\" decoding=\"async\" width=\"595\" height=\"396\" src=\"https:\/\/latribunera.com\/apuntes\/wp-content\/uploads\/2021\/03\/tigres-ssssssss.jpg\" alt=\"\" class=\"wp-image-14012\" srcset=\"https:\/\/latribunera.com\/apuntes\/wp-content\/uploads\/2021\/03\/tigres-ssssssss.jpg 595w, https:\/\/latribunera.com\/apuntes\/wp-content\/uploads\/2021\/03\/tigres-ssssssss-300x200.jpg 300w\" sizes=\"auto, (max-width: 595px) 100vw, 595px\" \/><\/figure>\n\n\n<p><script async=\"\" src=\"https:\/\/pagead2.googlesyndication.com\/pagead\/js\/adsbygoogle.js\"><\/script><br \/>\n<!-- PC 728x90 --><br \/>\n<ins class=\"adsbygoogle\" style=\"display:inline-block;width:728px;height:90px\" data-ad-client=\"ca-pub-9427576701762839\" data-ad-slot=\"1011393878\"><\/ins><br \/>\n<script>\n(adsbygoogle = window.adsbygoogle || []).push({});\n<\/script><\/p>\n\n\n\n<p><strong>\u00bfAutogol albiazul o gol de las felinas? <\/strong><\/p>\n\n\n\n<p>En un abrir\ny cerrar de ojos, las de la U ya ten\u00edan la pizarra a su favor, apenas al 47,\nhicieron el gol que las pondr\u00eda arriba en el derbi.<\/p>\n\n\n\n<p>Tiro libre a favor de las felinas: Liliana Mercado le peg\u00f3 recio, God\u00ednez volando rechaz\u00f3 a c\u00f3mo pudo, pero no contaba con que Mar\u00eda S\u00e1nchez fuera la primera en reaccionar y tirar otra vez; la esf\u00e9rica peg\u00f3 en Mariana Cadena y se fue a la porter\u00eda. <\/p>\n\n\n\n<figure class=\"wp-block-embed-twitter wp-block-embed is-type-rich is-provider-twitter\"><div class=\"wp-block-embed__wrapper\">\n<blockquote class=\"twitter-tweet\" data-width=\"550\" data-dnt=\"true\"><p lang=\"es\" dir=\"ltr\">\u00a1Y <a href=\"https:\/\/twitter.com\/Maria17_7?ref_src=twsrc%5Etfw\">@Maria17_7<\/a> pone el segundo en la frente! \u00a1C\u00e1ntenlo con nosotros! \u26bd\ufe0f\ud83d\udd25<a href=\"https:\/\/twitter.com\/hashtag\/EstoEsTigresFemenil?src=hash&amp;ref_src=twsrc%5Etfw\">#EstoEsTigresFemenil<\/a> \ud83d\udc2f<a href=\"https:\/\/twitter.com\/hashtag\/PerfilTigre?src=hash&amp;ref_src=twsrc%5Etfw\">#PerfilTigre<\/a> \ud83d\udcaa <a href=\"https:\/\/t.co\/2R0YV7jftD\">pic.twitter.com\/2R0YV7jftD<\/a><\/p>&mdash; Tigres Femenil \ud83d\udc2f (@TigresFemenil) <a href=\"https:\/\/twitter.com\/TigresFemenil\/status\/1376749160121139212?ref_src=twsrc%5Etfw\">March 30, 2021<\/a><\/blockquote><script async src=\"https:\/\/platform.twitter.com\/widgets.js\" charset=\"utf-8\"><\/script>\n<\/div><\/figure>\n\n\n\n<p><strong>Felinas se\npierden el tercero<\/strong><\/p>\n\n\n\n<p>A 22 minutos del Final, Alejandr\u00eda God\u00ednez vuelve a ser\nfigura del partido al taparle con los pies un disparo a la ofensiva Bel\u00e9n Cruz.<\/p>\n\n\n\n<p><strong>La \u2018Capi\u2019\nBernal empata en jugada a bal\u00f3n parado.<\/strong><\/p>\n\n\n\n<p>Con un gran coraz\u00f3n, Rayadas pudo emparejar la pizarra gracias a un gol de la capitana Rebeca Bernal, quien dentro del \u00e1rea le gan\u00f3 la esf\u00e9rica a la portera Ofelia Sol\u00eds.<\/p>\n\n\n\n<figure class=\"wp-block-image size-large\"><img loading=\"lazy\" decoding=\"async\" width=\"593\" height=\"334\" src=\"https:\/\/latribunera.com\/apuntes\/wp-content\/uploads\/2021\/03\/MTYYYYYYY.jpg\" alt=\"\" class=\"wp-image-14013\" srcset=\"https:\/\/latribunera.com\/apuntes\/wp-content\/uploads\/2021\/03\/MTYYYYYYY.jpg 593w, https:\/\/latribunera.com\/apuntes\/wp-content\/uploads\/2021\/03\/MTYYYYYYY-300x169.jpg 300w\" sizes=\"auto, (max-width: 593px) 100vw, 593px\" \/><\/figure>\n\n\n\n<p><strong>FOTOS: RAYADAS \/ TIGRES<\/strong><\/p>\n\n\n\n<figure class=\"wp-block-embed-youtube wp-block-embed is-type-video is-provider-youtube wp-embed-aspect-16-9 wp-has-aspect-ratio\"><div class=\"wp-block-embed__wrapper\">\n<iframe loading=\"lazy\" title=\"Gignac - Charly F\u00fatbol | Review Jersey 105 goles, m\u00e1ximo goleador de Tigres\" width=\"960\" height=\"540\" src=\"https:\/\/www.youtube.com\/embed\/WMSxdiaDh_s?feature=oembed\" frameborder=\"0\" allow=\"accelerometer; autoplay; clipboard-write; encrypted-media; gyroscope; picture-in-picture\" allowfullscreen><\/iframe>\n<\/div><\/figure>\n\n\n<p><script async=\"\" src=\"https:\/\/pagead2.googlesyndication.com\/pagead\/js\/adsbygoogle.js\"><\/script><br \/>\n<!-- PC 728x90 --><br \/>\n<ins class=\"adsbygoogle\" style=\"display:inline-block;width:728px;height:90px\" data-ad-client=\"ca-pub-9427576701762839\" data-ad-slot=\"1011393878\"><\/ins><br \/>\n<script>\n(adsbygoogle = window.adsbygoogle || []).push({});\n<\/script><\/p>\n","protected":false},"excerpt":{"rendered":"<p>Por Alejandro Mart\u00ednez \/ @alexmtz8603 El Cl\u00e1sico Regio Femenil -Nacional- no decepcion\u00f3. Si bien cada afici\u00f3n, seguro que, quer\u00eda el triunfo de las suyas, s\u00ed disfrut\u00f3 un gran cotejo que en los 90 minutos tuvo buen futbol, pasi\u00f3n y hasta pol\u00e9mica. Al final, vibrante empate a dos goles&#8230; Alejandr\u00eda Godinez, hero\u00edna. En los primeros 15&#8230; <\/p>\n<div class=\"clear\"><\/div>\n<p><a href=\"https:\/\/latribunera.com\/apuntes\/index.php\/2021\/03\/30\/vibrante-el-clasico-regio-femenil-21\/\" class=\"excerpt-read-more\">Read More<i class=\"fa fa-caret-right icon-caret-right\"><\/i><\/a><\/p>\n","protected":false},"author":7,"featured_media":14017,"comment_status":"open","ping_status":"open","sticky":false,"template":"","format":"standard","meta":{"_jetpack_memberships_contains_paid_content":false,"footnotes":""},"categories":[231,3,64,278,277],"tags":[],"class_list":["post-14007","post","type-post","status-publish","format-standard","has-post-thumbnail","hentry","category-apuntes","category-futbol","category-futbol-mexicano-femenil","category-solotigres","category-zonarayada"],"jetpack_featured_media_url":"https:\/\/latribunera.com\/apuntes\/wp-content\/uploads\/2021\/03\/image0-1-9.jpeg","jetpack-related-posts":[{"id":45421,"url":"https:\/\/latribunera.com\/apuntes\/index.php\/2026\/04\/16\/todo-listo-para-la-14va-edicion-de-la-copa-internacional-santos-penoles\/","url_meta":{"origin":14007,"position":0},"title":"Todo listo para la 14va edici\u00f3n de la Copa Internacional Santos Pe\u00f1oles","author":"Jacob Alarcon","date":"16 abril, 2026","format":false,"excerpt":"Este jueves, en el Auditorio Orlegi de Territorio Santos Modelo, se llev\u00f3 a cabo la presentaci\u00f3noficial de la edici\u00f3n 2026 de la Copa Internacional Santos Pe\u00f1oles, torneo que se ha consolidadocomo uno de los m\u00e1s importantes a nivel infantil y juvenil en M\u00e9xico. Adem\u00e1s de brindar una competencia deportiva de\u2026","rel":"","context":"In &quot;Sin categor\u00eda&quot;","block_context":{"text":"Sin categor\u00eda","link":"https:\/\/latribunera.com\/apuntes\/index.php\/category\/sin-categoria\/"},"img":{"alt_text":"","src":"https:\/\/i0.wp.com\/latribunera.com\/apuntes\/wp-content\/uploads\/2026\/04\/Presentacion-Copa-Santos-Penoles.jpg?resize=350%2C200&ssl=1","width":350,"height":200,"srcset":"https:\/\/i0.wp.com\/latribunera.com\/apuntes\/wp-content\/uploads\/2026\/04\/Presentacion-Copa-Santos-Penoles.jpg?resize=350%2C200&ssl=1 1x, https:\/\/i0.wp.com\/latribunera.com\/apuntes\/wp-content\/uploads\/2026\/04\/Presentacion-Copa-Santos-Penoles.jpg?resize=525%2C300&ssl=1 1.5x, https:\/\/i0.wp.com\/latribunera.com\/apuntes\/wp-content\/uploads\/2026\/04\/Presentacion-Copa-Santos-Penoles.jpg?resize=700%2C400&ssl=1 2x, https:\/\/i0.wp.com\/latribunera.com\/apuntes\/wp-content\/uploads\/2026\/04\/Presentacion-Copa-Santos-Penoles.jpg?resize=1050%2C600&ssl=1 3x, https:\/\/i0.wp.com\/latribunera.com\/apuntes\/wp-content\/uploads\/2026\/04\/Presentacion-Copa-Santos-Penoles.jpg?resize=1400%2C800&ssl=1 4x"},"classes":[]},{"id":45392,"url":"https:\/\/latribunera.com\/apuntes\/index.php\/2026\/04\/09\/se-presento-la-13va-edicion-del-guerreton\/","url_meta":{"origin":14007,"position":1},"title":"Se presento la 13va edici\u00f3n del Guerret\u00f3n.","author":"Staff","date":"9 abril, 2026","format":false,"excerpt":"A lo largo de sus primeras 12 ediciones, Guerret\u00f3n ha logrado recolectar m\u00e1s de 121,500juguetes, peluches y balones, beneficiando a diversas asociaciones e instituciones de laregi\u00f3n lagunera, entre ellas CRIT Durango, los sistemas DIF de distintos municipios, as\u00edcomo organizaciones educativas y asistenciales. A la fecha, se han instalado cuatro ludotecas\u2026","rel":"","context":"In &quot;Ganar Sirviendo&quot;","block_context":{"text":"Ganar Sirviendo","link":"https:\/\/latribunera.com\/apuntes\/index.php\/category\/futbol\/futbol-mexicano\/ganar-sirviendo\/"},"img":{"alt_text":"","src":"https:\/\/i0.wp.com\/latribunera.com\/apuntes\/wp-content\/uploads\/2026\/04\/9Guerreton-2026-2.jpg.jpeg?resize=350%2C200&ssl=1","width":350,"height":200,"srcset":"https:\/\/i0.wp.com\/latribunera.com\/apuntes\/wp-content\/uploads\/2026\/04\/9Guerreton-2026-2.jpg.jpeg?resize=350%2C200&ssl=1 1x, https:\/\/i0.wp.com\/latribunera.com\/apuntes\/wp-content\/uploads\/2026\/04\/9Guerreton-2026-2.jpg.jpeg?resize=525%2C300&ssl=1 1.5x, https:\/\/i0.wp.com\/latribunera.com\/apuntes\/wp-content\/uploads\/2026\/04\/9Guerreton-2026-2.jpg.jpeg?resize=700%2C400&ssl=1 2x, https:\/\/i0.wp.com\/latribunera.com\/apuntes\/wp-content\/uploads\/2026\/04\/9Guerreton-2026-2.jpg.jpeg?resize=1050%2C600&ssl=1 3x, https:\/\/i0.wp.com\/latribunera.com\/apuntes\/wp-content\/uploads\/2026\/04\/9Guerreton-2026-2.jpg.jpeg?resize=1400%2C800&ssl=1 4x"},"classes":[]},{"id":45386,"url":"https:\/\/latribunera.com\/apuntes\/index.php\/2026\/03\/11\/santos-launa-impulsa-mejoras-en-la-infraestructura-de-tsm-y-estadio-corona\/","url_meta":{"origin":14007,"position":2},"title":"Santos Laguna impulsa mejoras en la infraestructura de TSM y Estadio Corona","author":"Jacob Alarcon","date":"11 marzo, 2026","format":false,"excerpt":"Club Santos Laguna lleva a cabo una serie de reformas y mejoras en la infraestructura de TerritorioSantos Modelo y del Estadio Corona, con el objetivo de impulsar la innovaci\u00f3n tecnol\u00f3gica, lasostenibilidad y la modernizaci\u00f3n de sus espacios.Con estas acciones, el club contin\u00faa fortaleciendo la experiencia de sus aficionados yactualizando sus\u2026","rel":"","context":"In &quot;Pasi\u00f3n Guerrera&quot;","block_context":{"text":"Pasi\u00f3n Guerrera","link":"https:\/\/latribunera.com\/apuntes\/index.php\/category\/tribus\/pasionguerrera\/"},"img":{"alt_text":"","src":"https:\/\/i0.wp.com\/latribunera.com\/apuntes\/wp-content\/uploads\/2026\/03\/Renovacion-TSM.jpg?resize=350%2C200&ssl=1","width":350,"height":200,"srcset":"https:\/\/i0.wp.com\/latribunera.com\/apuntes\/wp-content\/uploads\/2026\/03\/Renovacion-TSM.jpg?resize=350%2C200&ssl=1 1x, https:\/\/i0.wp.com\/latribunera.com\/apuntes\/wp-content\/uploads\/2026\/03\/Renovacion-TSM.jpg?resize=525%2C300&ssl=1 1.5x, https:\/\/i0.wp.com\/latribunera.com\/apuntes\/wp-content\/uploads\/2026\/03\/Renovacion-TSM.jpg?resize=700%2C400&ssl=1 2x, https:\/\/i0.wp.com\/latribunera.com\/apuntes\/wp-content\/uploads\/2026\/03\/Renovacion-TSM.jpg?resize=1050%2C600&ssl=1 3x, https:\/\/i0.wp.com\/latribunera.com\/apuntes\/wp-content\/uploads\/2026\/03\/Renovacion-TSM.jpg?resize=1400%2C800&ssl=1 4x"},"classes":[]}],"jetpack_sharing_enabled":true,"_links":{"self":[{"href":"https:\/\/latribunera.com\/apuntes\/index.php\/wp-json\/wp\/v2\/posts\/14007","targetHints":{"allow":["GET"]}}],"collection":[{"href":"https:\/\/latribunera.com\/apuntes\/index.php\/wp-json\/wp\/v2\/posts"}],"about":[{"href":"https:\/\/latribunera.com\/apuntes\/index.php\/wp-json\/wp\/v2\/types\/post"}],"author":[{"embeddable":true,"href":"https:\/\/latribunera.com\/apuntes\/index.php\/wp-json\/wp\/v2\/users\/7"}],"replies":[{"embeddable":true,"href":"https:\/\/latribunera.com\/apuntes\/index.php\/wp-json\/wp\/v2\/comments?post=14007"}],"version-history":[{"count":3,"href":"https:\/\/latribunera.com\/apuntes\/index.php\/wp-json\/wp\/v2\/posts\/14007\/revisions"}],"predecessor-version":[{"id":14018,"href":"https:\/\/latribunera.com\/apuntes\/index.php\/wp-json\/wp\/v2\/posts\/14007\/revisions\/14018"}],"wp:featuredmedia":[{"embeddable":true,"href":"https:\/\/latribunera.com\/apuntes\/index.php\/wp-json\/wp\/v2\/media\/14017"}],"wp:attachment":[{"href":"https:\/\/latribunera.com\/apuntes\/index.php\/wp-json\/wp\/v2\/media?parent=14007"}],"wp:term":[{"taxonomy":"category","embeddable":true,"href":"https:\/\/latribunera.com\/apuntes\/index.php\/wp-json\/wp\/v2\/categories?post=14007"},{"taxonomy":"post_tag","embeddable":true,"href":"https:\/\/latribunera.com\/apuntes\/index.php\/wp-json\/wp\/v2\/tags?post=14007"}],"curies":[{"name":"wp","href":"https:\/\/api.w.org\/{rel}","templated":true}]}}