{"id":14028,"date":"2021-03-30T07:03:29","date_gmt":"2021-03-30T07:03:29","guid":{"rendered":"https:\/\/latribunera.com\/apuntes\/?p=14028"},"modified":"2021-03-30T07:06:51","modified_gmt":"2021-03-30T07:06:51","slug":"maria-sanchez-seguira-en-tigres","status":"publish","type":"post","link":"https:\/\/latribunera.com\/apuntes\/index.php\/2021\/03\/30\/maria-sanchez-seguira-en-tigres\/","title":{"rendered":"MARIA S\u00c1NCHEZ SEGUIR\u00c1 EN TIGRES"},"content":{"rendered":"<p><script async=\"\" src=\"https:\/\/pagead2.googlesyndication.com\/pagead\/js\/adsbygoogle.js\"><\/script><br \/>\n<!-- PC 728x90 --><br \/>\n<ins class=\"adsbygoogle\" style=\"display:inline-block;width:728px;height:90px\" data-ad-client=\"ca-pub-9427576701762839\" data-ad-slot=\"1011393878\"><\/ins><br \/>\n<script>\n(adsbygoogle = window.adsbygoogle || []).push({});\n<\/script><\/p>\n\n\n\n<p>Por Alejandro\nMart\u00ednez \/ @alexmtz8603<\/p>\n\n\n\n<p>Dentro de\nsu rol deportivo, Roberto Medina aclar\u00f3 el caso de Mar\u00eda S\u00e1nchez, la hoy talentosa\njugadora de Tigres Femenil, que recientemente, fue adquirida por el Houston\nDash de los Estados Unidos.<\/p>\n\n\n\n<p>Tras el cl\u00e1sico 21, duelo que termin\u00f3 igualado a dos goles, el timonel felino se mostr\u00f3 feliz que el gran trabajo de sus muchachas est\u00e9 rebasando fronteras, pero la buena noticia es que todav\u00eda no se le ir\u00e1 nadie.<\/p>\n\n\n\n<p>\u201cEn cuanto\nal tema de Mar\u00eda (S\u00e1nchez) a m\u00ed me compete espec\u00edficamente la parte deportiva,\nobviamente tiene contrato por un a\u00f1o, me compete la parte (de) potenciar las\ncapacidades de nuestras jugadoras, que todos vean lo que crecen.<\/p>\n\n\n\n<p>\u201cNos da mucho gusto que al final siempre est\u00e9n volteando a ver a Tigres y vamos a seguir trabajando fuerte en esa parte deportiva, lo administrativo bueno ya queda en otras manos y creo que no soy el indicado para responderlo, si estar\u00e1 o no, por lo pronto nosotros contamos con ella todav\u00eda por un torneo m\u00e1s, que es la vigencia que tiene su contrato\u201d, dijo el estratega.<\/p>\n\n\n\n<figure class=\"wp-block-embed-twitter wp-block-embed is-type-rich is-provider-twitter\"><div class=\"wp-block-embed__wrapper\">\n<blockquote class=\"twitter-tweet\" data-width=\"550\" data-dnt=\"true\"><p lang=\"es\" dir=\"ltr\"><a href=\"https:\/\/twitter.com\/hashtag\/ElPostPartido?src=hash&amp;ref_src=twsrc%5Etfw\">#ElPostPartido<\/a> <a href=\"https:\/\/twitter.com\/hashtag\/LigaMXFemenil?src=hash&amp;ref_src=twsrc%5Etfw\">#LigaMXFemenil<\/a> <br><br>La opini\u00f3n de Roberto Medina sobre el <a href=\"https:\/\/twitter.com\/hashtag\/Cl%C3%A1sicoRegioFemenil?src=hash&amp;ref_src=twsrc%5Etfw\">#Cl\u00e1sicoRegioFemenil<\/a> \ud83d\udd25<br><br>\ud83d\udc40 Tema aparte el caso de Maria Sanchez <br><br>\u27a1\ufe0f <a href=\"https:\/\/t.co\/5PUZon4AQt\">https:\/\/t.co\/5PUZon4AQt<\/a> <a href=\"https:\/\/t.co\/2chboDrEMO\">pic.twitter.com\/2chboDrEMO<\/a><\/p>&mdash; La Tribunera (@latribunera) <a href=\"https:\/\/twitter.com\/latribunera\/status\/1376777188368920579?ref_src=twsrc%5Etfw\">March 30, 2021<\/a><\/blockquote><script async src=\"https:\/\/platform.twitter.com\/widgets.js\" charset=\"utf-8\"><\/script>\n<\/div><\/figure>\n\n\n<p><script async=\"\" src=\"https:\/\/pagead2.googlesyndication.com\/pagead\/js\/adsbygoogle.js\"><\/script><br \/>\n<!-- PC 728x90 --><br \/>\n<ins class=\"adsbygoogle\" style=\"display:inline-block;width:728px;height:90px\" data-ad-client=\"ca-pub-9427576701762839\" data-ad-slot=\"1011393878\"><\/ins><br \/>\n<script>\n(adsbygoogle = window.adsbygoogle || []).push({});\n<\/script><\/p>\n\n\n\n<p>Del juego\nante las Rayadas, Medina se fue con un sabor agridulce pues su equipo pudo\nresolver la partida si no hubieran estado tan err\u00e1ticas en la definici\u00f3n.<\/p>\n\n\n\n<p><strong>\u201c<\/strong>Hoy tuvimos para haber matado desde el inicio del\njuego, me deja tranquilo al menos lo que genera el equipo, sin duda vamos a\nseguir trabajando en ser m\u00e1s eficientes en la definici\u00f3n\u201d, recalc\u00f3.<\/p>\n\n\n\n<p>Pese a que Tigres ya obtuvo pasaje a la Liguilla, Roberto subray\u00f3 que mantendr\u00e1n su misma filosof\u00eda ganadora rumbo al cierre del Guard1anes 2021.<\/p>\n\n\n<p><script async=\"\" src=\"https:\/\/pagead2.googlesyndication.com\/pagead\/js\/adsbygoogle.js\"><\/script><br \/>\n<!-- PC 728x90 --><br \/>\n<ins class=\"adsbygoogle\" style=\"display:inline-block;width:728px;height:90px\" data-ad-client=\"ca-pub-9427576701762839\" data-ad-slot=\"1011393878\"><\/ins><br \/>\n<script>\n(adsbygoogle = window.adsbygoogle || []).push({});\n<\/script><\/p>\n\n\n\n<figure class=\"wp-block-embed-youtube wp-block-embed is-type-video is-provider-youtube wp-embed-aspect-16-9 wp-has-aspect-ratio\"><div class=\"wp-block-embed__wrapper\">\n<iframe loading=\"lazy\" title=\"Gignac - Charly F\u00fatbol | Review Jersey 105 goles, m\u00e1ximo goleador de Tigres\" width=\"960\" height=\"540\" src=\"https:\/\/www.youtube.com\/embed\/WMSxdiaDh_s?feature=oembed\" frameborder=\"0\" allow=\"accelerometer; autoplay; clipboard-write; encrypted-media; gyroscope; picture-in-picture\" allowfullscreen><\/iframe>\n<\/div><\/figure>\n\n\n\n<p><\/p>\n","protected":false},"excerpt":{"rendered":"<p>Por Alejandro Mart\u00ednez \/ @alexmtz8603 Dentro de su rol deportivo, Roberto Medina aclar\u00f3 el caso de Mar\u00eda S\u00e1nchez, la hoy talentosa jugadora de Tigres Femenil, que recientemente, fue adquirida por el Houston Dash de los Estados Unidos. Tras el cl\u00e1sico 21, duelo que termin\u00f3 igualado a dos goles, el timonel felino se mostr\u00f3 feliz que&#8230; <\/p>\n<div class=\"clear\"><\/div>\n<p><a href=\"https:\/\/latribunera.com\/apuntes\/index.php\/2021\/03\/30\/maria-sanchez-seguira-en-tigres\/\" class=\"excerpt-read-more\">Read More<i class=\"fa fa-caret-right icon-caret-right\"><\/i><\/a><\/p>\n","protected":false},"author":7,"featured_media":14029,"comment_status":"open","ping_status":"open","sticky":false,"template":"","format":"standard","meta":{"_jetpack_memberships_contains_paid_content":false,"footnotes":""},"categories":[231,64,281,278],"tags":[],"class_list":["post-14028","post","type-post","status-publish","format-standard","has-post-thumbnail","hentry","category-apuntes","category-futbol-mexicano-femenil","category-mujerfutbol","category-solotigres"],"jetpack_featured_media_url":"https:\/\/latribunera.com\/apuntes\/wp-content\/uploads\/2021\/03\/image0-3-2.jpeg","jetpack-related-posts":[{"id":45421,"url":"https:\/\/latribunera.com\/apuntes\/index.php\/2026\/04\/16\/todo-listo-para-la-14va-edicion-de-la-copa-internacional-santos-penoles\/","url_meta":{"origin":14028,"position":0},"title":"Todo listo para la 14va edici\u00f3n de la Copa Internacional Santos Pe\u00f1oles","author":"Jacob Alarcon","date":"16 abril, 2026","format":false,"excerpt":"Este jueves, en el Auditorio Orlegi de Territorio Santos Modelo, se llev\u00f3 a cabo la presentaci\u00f3noficial de la edici\u00f3n 2026 de la Copa Internacional Santos Pe\u00f1oles, torneo que se ha consolidadocomo uno de los m\u00e1s importantes a nivel infantil y juvenil en M\u00e9xico. Adem\u00e1s de brindar una competencia deportiva de\u2026","rel":"","context":"In &quot;Sin categor\u00eda&quot;","block_context":{"text":"Sin categor\u00eda","link":"https:\/\/latribunera.com\/apuntes\/index.php\/category\/sin-categoria\/"},"img":{"alt_text":"","src":"https:\/\/i0.wp.com\/latribunera.com\/apuntes\/wp-content\/uploads\/2026\/04\/Presentacion-Copa-Santos-Penoles.jpg?resize=350%2C200&ssl=1","width":350,"height":200,"srcset":"https:\/\/i0.wp.com\/latribunera.com\/apuntes\/wp-content\/uploads\/2026\/04\/Presentacion-Copa-Santos-Penoles.jpg?resize=350%2C200&ssl=1 1x, https:\/\/i0.wp.com\/latribunera.com\/apuntes\/wp-content\/uploads\/2026\/04\/Presentacion-Copa-Santos-Penoles.jpg?resize=525%2C300&ssl=1 1.5x, https:\/\/i0.wp.com\/latribunera.com\/apuntes\/wp-content\/uploads\/2026\/04\/Presentacion-Copa-Santos-Penoles.jpg?resize=700%2C400&ssl=1 2x, https:\/\/i0.wp.com\/latribunera.com\/apuntes\/wp-content\/uploads\/2026\/04\/Presentacion-Copa-Santos-Penoles.jpg?resize=1050%2C600&ssl=1 3x, https:\/\/i0.wp.com\/latribunera.com\/apuntes\/wp-content\/uploads\/2026\/04\/Presentacion-Copa-Santos-Penoles.jpg?resize=1400%2C800&ssl=1 4x"},"classes":[]}],"jetpack_sharing_enabled":true,"_links":{"self":[{"href":"https:\/\/latribunera.com\/apuntes\/index.php\/wp-json\/wp\/v2\/posts\/14028","targetHints":{"allow":["GET"]}}],"collection":[{"href":"https:\/\/latribunera.com\/apuntes\/index.php\/wp-json\/wp\/v2\/posts"}],"about":[{"href":"https:\/\/latribunera.com\/apuntes\/index.php\/wp-json\/wp\/v2\/types\/post"}],"author":[{"embeddable":true,"href":"https:\/\/latribunera.com\/apuntes\/index.php\/wp-json\/wp\/v2\/users\/7"}],"replies":[{"embeddable":true,"href":"https:\/\/latribunera.com\/apuntes\/index.php\/wp-json\/wp\/v2\/comments?post=14028"}],"version-history":[{"count":4,"href":"https:\/\/latribunera.com\/apuntes\/index.php\/wp-json\/wp\/v2\/posts\/14028\/revisions"}],"predecessor-version":[{"id":14034,"href":"https:\/\/latribunera.com\/apuntes\/index.php\/wp-json\/wp\/v2\/posts\/14028\/revisions\/14034"}],"wp:featuredmedia":[{"embeddable":true,"href":"https:\/\/latribunera.com\/apuntes\/index.php\/wp-json\/wp\/v2\/media\/14029"}],"wp:attachment":[{"href":"https:\/\/latribunera.com\/apuntes\/index.php\/wp-json\/wp\/v2\/media?parent=14028"}],"wp:term":[{"taxonomy":"category","embeddable":true,"href":"https:\/\/latribunera.com\/apuntes\/index.php\/wp-json\/wp\/v2\/categories?post=14028"},{"taxonomy":"post_tag","embeddable":true,"href":"https:\/\/latribunera.com\/apuntes\/index.php\/wp-json\/wp\/v2\/tags?post=14028"}],"curies":[{"name":"wp","href":"https:\/\/api.w.org\/{rel}","templated":true}]}}