{"id":14035,"date":"2021-03-30T12:48:47","date_gmt":"2021-03-30T12:48:47","guid":{"rendered":"https:\/\/latribunera.com\/apuntes\/?p=14035"},"modified":"2021-03-30T13:10:29","modified_gmt":"2021-03-30T13:10:29","slug":"el-nuevo-logo-del-inter-de-milan","status":"publish","type":"post","link":"https:\/\/latribunera.com\/apuntes\/index.php\/2021\/03\/30\/el-nuevo-logo-del-inter-de-milan\/","title":{"rendered":"EL NUEVO LOGO DEL INTER DE MIL\u00c1N"},"content":{"rendered":"<p><script async=\"\" src=\"https:\/\/pagead2.googlesyndication.com\/pagead\/js\/adsbygoogle.js\"><\/script><br \/>\n<!-- PC 728x90 --><br \/>\n<ins class=\"adsbygoogle\" style=\"display:inline-block;width:728px;height:90px\" data-ad-client=\"ca-pub-9427576701762839\" data-ad-slot=\"1011393878\"><\/ins><br \/>\n<script>\n(adsbygoogle = window.adsbygoogle || []).push({});\n<\/script><\/p>\n\n\n\n<p>Por Alejandro Mart\u00ednez \/ @alexmtz8603<\/p>\n\n\n\n<p>A trav\u00e9s de su cuenta de Twitter, el Inter de Mil\u00e1n\nrevel\u00f3 su nuevo escudo.<\/p>\n\n\n\n<p>Con el lema \u201cMi nombre es mi historia\u201d, as\u00ed fue como\ndestaparon el logo en su versi\u00f3n m\u00e1s actualizada<\/p>\n\n\n\n<figure class=\"wp-block-embed-twitter wp-block-embed is-type-rich is-provider-twitter\"><div class=\"wp-block-embed__wrapper\">\n<blockquote class=\"twitter-tweet\" data-width=\"550\" data-dnt=\"true\"><p lang=\"it\" dir=\"ltr\">IL MIO NOME \u00c8 LA MIA STORIA.<br>I M FC INTERNAZIONALE MILANO.<a href=\"https:\/\/twitter.com\/hashtag\/IMInter?src=hash&amp;ref_src=twsrc%5Etfw\">#IMInter<\/a> <a href=\"https:\/\/t.co\/Vxambs2htM\">pic.twitter.com\/Vxambs2htM<\/a><\/p>&mdash; Inter (@Inter) <a href=\"https:\/\/twitter.com\/Inter\/status\/1376802624930947075?ref_src=twsrc%5Etfw\">March 30, 2021<\/a><\/blockquote><script async src=\"https:\/\/platform.twitter.com\/widgets.js\" charset=\"utf-8\"><\/script>\n<\/div><\/figure>\n\n\n<p><script async=\"\" src=\"https:\/\/pagead2.googlesyndication.com\/pagead\/js\/adsbygoogle.js\"><\/script><br \/>\n<!-- PC 728x90 --><br \/>\n<ins class=\"adsbygoogle\" style=\"display:inline-block;width:728px;height:90px\" data-ad-client=\"ca-pub-9427576701762839\" data-ad-slot=\"1011393878\"><\/ins><br \/>\n<script>\n(adsbygoogle = window.adsbygoogle || []).push({});\n<\/script><\/p>\n\n\n<p><script async=\"\" src=\"https:\/\/pagead2.googlesyndication.com\/pagead\/js\/adsbygoogle.js\"><\/script><br \/>\n<!-- PC 728x90 --><br \/>\n<ins class=\"adsbygoogle\" style=\"display:inline-block;width:728px;height:90px\" data-ad-client=\"ca-pub-9427576701762839\" data-ad-slot=\"1011393878\"><\/ins><br \/>\n<script>\n(adsbygoogle = window.adsbygoogle || []).push({});\n<\/script><\/p>\n\n\n\n<p><strong>COMUNICADO<\/strong><\/p>\n\n\n\n<p>MIL\u00c1N &#8211; El\nInter presenta hoy su nueva identidad visual, que potencia los valores\nfundacionales del club y refuerza el v\u00ednculo con la ciudad de Mil\u00e1n. El\nlanzamiento del nuevo logo, que se utilizar\u00e1 a partir de la temporada 2021\/22,\nse celebr\u00f3 con una narrativa que, jugando con las iniciales del nombre del\nclub, Internazionale y Milano, se centra en la expresi\u00f3n IM, del ingl\u00e9s \u201cYo soy\u201d.<\/p>\n\n\n\n<p>Inter\nrenueva su identidad visual para abrirse a un p\u00fablico cada vez m\u00e1s digital y\nconsciente de la est\u00e9tica, para alcanzar objetivos globales y diferentes grupos\nde edad, para establecerse como un icono cultural y deportivo. El objetivo es\nhacer que la marca Inter sea relevante y reconocible no solo para los\nfan\u00e1ticos, sino tambi\u00e9n para permitir que una audiencia m\u00e1s joven e\ninternacional se identifique con los valores de inclusi\u00f3n, estilo e innovaci\u00f3n\nque han caracterizado al Inter desde su fundaci\u00f3n.<\/p>\n\n\n\n<p>La evoluci\u00f3n est\u00e1 fuertemente inspirada en las ra\u00edces del club: los valores fundacionales del Inter permanecen en el centro, preservando el esp\u00edritu hist\u00f3rico y emocional con el que se identifican los aficionados m\u00e1s fieles, y se enfatiza el v\u00ednculo con la ciudad de Mil\u00e1n. Un v\u00ednculo que va m\u00e1s all\u00e1 porque el Inter encarna los valores de la ciudad: el esp\u00edritu internacional, la propensi\u00f3n a la innovaci\u00f3n y el cambio continuo sin traicionar su esencia.<\/p>\n\n\n<p><script async=\"\" src=\"https:\/\/pagead2.googlesyndication.com\/pagead\/js\/adsbygoogle.js\"><\/script><br \/>\n<!-- PC 728x90 --><br \/>\n<ins class=\"adsbygoogle\" style=\"display:inline-block;width:728px;height:90px\" data-ad-client=\"ca-pub-9427576701762839\" data-ad-slot=\"1011393878\"><\/ins><br \/>\n<script>\n(adsbygoogle = window.adsbygoogle || []).push({});\n<\/script><\/p>\n\n\n\n<p>El nuevo\nlogo se presenta como una reinterpretaci\u00f3n moderna del s\u00edmbolo hist\u00f3rico del\nclub, en una forma m\u00e1s ligera y minimalista, en continuidad con la versi\u00f3n\noriginal pero m\u00e1s adecuada para su integraci\u00f3n en la era de lo digital.<\/p>\n\n\n\n<p>El foco\nest\u00e1 en las letras I y M, mantenidas en el dise\u00f1o de Muggiani y rematadas por\nel cl\u00e1sico doble c\u00edrculo seg\u00fan la tradici\u00f3n nerazzurra. En cambio, las letras F\ny C permanecen en el nombre y la identidad del club: FC Internazionale Milano.\nSe aligeran as\u00ed los gr\u00e1ficos del logo y, conceptualmente, se ampl\u00edan las \u00e1reas\nen las que el Inter puede desarrollarse: Club de F\u00fatbol, pero no solo. Los\ncolores siguen siendo los elegidos en la noche del 9 de marzo de 1908, hechos\nm\u00e1s fuertes y brillantes.<\/p>\n\n\n\n<p>La creaci\u00f3n del nuevo logo fue encomendada al equipo\nde Bureau Borsche, uno de los estudios de dise\u00f1o gr\u00e1fico m\u00e1s importantes a\nnivel internacional.<\/p>\n\n\n\n<p>La nueva identidad visual del club se cuenta a trav\u00e9s\nde una colecci\u00f3n de fotograf\u00edas que acompa\u00f1an la narraci\u00f3n de la expresi\u00f3n de\nIM, &#8220;Yo soy&#8221;, nacida con el objetivo de contextualizar la nueva\nidentidad visual del Inter a trav\u00e9s de un lenguaje contempor\u00e1neo: IM Football\nClub Internazionale Milano.<\/p>\n\n\n\n<figure class=\"wp-block-embed-twitter wp-block-embed is-type-rich is-provider-twitter\"><div class=\"wp-block-embed__wrapper\">\n<blockquote class=\"twitter-tweet\" data-width=\"550\" data-dnt=\"true\"><p lang=\"it\" dir=\"ltr\">I M FC Internazionale Milano.<br>Ci\u00f2 che sono oggi \u00e8 frutto di ci\u00f2 che sono sempre stata.<br>Aperta al mondo, radicata in una citt\u00e0.<a href=\"https:\/\/twitter.com\/hashtag\/IMInter?src=hash&amp;ref_src=twsrc%5Etfw\">#IMInter<\/a> <a href=\"https:\/\/t.co\/OZ51WRi6cz\">pic.twitter.com\/OZ51WRi6cz<\/a><\/p>&mdash; Inter (@Inter) <a href=\"https:\/\/twitter.com\/Inter\/status\/1376806404896481283?ref_src=twsrc%5Etfw\">March 30, 2021<\/a><\/blockquote><script async src=\"https:\/\/platform.twitter.com\/widgets.js\" charset=\"utf-8\"><\/script>\n<\/div><\/figure>\n\n\n\n<p>La\nexpresi\u00f3n &#8220;Yo soy&#8221; se utiliza para comunicar directamente los valores\ny la actitud del club, pero tambi\u00e9n se convierte en la forma de describir la\nesencia de todo aficionado del Inter sin distinci\u00f3n alguna.<\/p>\n\n\n\n<p>La\nnarrativa de I M es el resultado de un viaje por los rincones de Mil\u00e1n, una\nciudad que comparte un componente hist\u00f3rico muy fuerte con el Inter, s\u00edmbolo de\ntradici\u00f3n e innovaci\u00f3n, cultura y estilo y basa su futuro en sus propios\nvalores y car\u00e1cter. La narrativa tambi\u00e9n involucr\u00f3 a personalidades del\ndeporte, el entretenimiento y la cultura que han prestado sus rostros a la\nhistoria de este importante cambio.<\/p>\n\n\n\n<p>El logotipo\nactual se utilizar\u00e1 en las camisetas hasta el final de temporada, solo para ser\nreemplazado con la llegada de la nueva \u00e9poca deportiva por las nuevas l\u00edneas de\ndise\u00f1o.<\/p>\n\n\n\n<p>Junto con\nla nueva identidad, una Capsule Collection edici\u00f3n especial tambi\u00e9n ser\u00e1\npresentada, para cumplir con todos los sue\u00f1os de los hinchas.<\/p>\n\n\n\n<p>Desde hoy\nest\u00e1 disponible en la tienda oficial del Inter la exclusiva Colecci\u00f3n IM, la\nprimera l\u00ednea de productos de edici\u00f3n limitada con la nueva identidad visual\ndel club. La l\u00ednea de productos incluye prendas como camisetas y sudaderas, dos\nbufandas diferentes con el nuevo INTER como marca denominativa, para permitir\nque los fan\u00e1ticos comiencen a vivir el cambio al m\u00e1ximo.<\/p>\n\n\n\n<p><strong>LA FRASE<\/strong><\/p>\n\n\n\n<p>\u201cLo que soy hoy es fruto de lo que siempre he sido. Abierto al mundo, arraigo a mi ciudad\u201d <\/p>\n\n\n<p><script async=\"\" src=\"https:\/\/pagead2.googlesyndication.com\/pagead\/js\/adsbygoogle.js\"><\/script><br \/>\n<!-- PC 728x90 --><br \/>\n<ins class=\"adsbygoogle\" style=\"display:inline-block;width:728px;height:90px\" data-ad-client=\"ca-pub-9427576701762839\" data-ad-slot=\"1011393878\"><\/ins><br \/>\n<script>\n(adsbygoogle = window.adsbygoogle || []).push({});\n<\/script><\/p>\n\n\n\n<figure class=\"wp-block-embed-youtube wp-block-embed is-type-video is-provider-youtube wp-embed-aspect-16-9 wp-has-aspect-ratio\"><div class=\"wp-block-embed__wrapper\">\n<iframe loading=\"lazy\" title=\"Gignac - Charly F\u00fatbol | Review Jersey 105 goles, m\u00e1ximo goleador de Tigres\" width=\"960\" height=\"540\" src=\"https:\/\/www.youtube.com\/embed\/WMSxdiaDh_s?feature=oembed\" frameborder=\"0\" allow=\"accelerometer; autoplay; clipboard-write; encrypted-media; gyroscope; picture-in-picture\" allowfullscreen><\/iframe>\n<\/div><\/figure>\n","protected":false},"excerpt":{"rendered":"<p>Por Alejandro Mart\u00ednez \/ @alexmtz8603 A trav\u00e9s de su cuenta de Twitter, el Inter de Mil\u00e1n revel\u00f3 su nuevo escudo. Con el lema \u201cMi nombre es mi historia\u201d, as\u00ed fue como destaparon el logo en su versi\u00f3n m\u00e1s actualizada COMUNICADO MIL\u00c1N &#8211; El Inter presenta hoy su nueva identidad visual, que potencia los valores fundacionales&#8230; <\/p>\n<div class=\"clear\"><\/div>\n<p><a href=\"https:\/\/latribunera.com\/apuntes\/index.php\/2021\/03\/30\/el-nuevo-logo-del-inter-de-milan\/\" class=\"excerpt-read-more\">Read More<i class=\"fa fa-caret-right icon-caret-right\"><\/i><\/a><\/p>\n","protected":false},"author":7,"featured_media":14042,"comment_status":"open","ping_status":"open","sticky":false,"template":"","format":"standard","meta":{"_jetpack_memberships_contains_paid_content":false,"footnotes":""},"categories":[231,3,2],"tags":[],"class_list":["post-14035","post","type-post","status-publish","format-standard","has-post-thumbnail","hentry","category-apuntes","category-futbol","category-futbol-mexicano"],"jetpack_featured_media_url":"https:\/\/latribunera.com\/apuntes\/wp-content\/uploads\/2021\/03\/image2-3.jpeg","jetpack-related-posts":[{"id":45421,"url":"https:\/\/latribunera.com\/apuntes\/index.php\/2026\/04\/16\/todo-listo-para-la-14va-edicion-de-la-copa-internacional-santos-penoles\/","url_meta":{"origin":14035,"position":0},"title":"Todo listo para la 14va edici\u00f3n de la Copa Internacional Santos Pe\u00f1oles","author":"Jacob Alarcon","date":"16 abril, 2026","format":false,"excerpt":"Este jueves, en el Auditorio Orlegi de Territorio Santos Modelo, se llev\u00f3 a cabo la presentaci\u00f3noficial de la edici\u00f3n 2026 de la Copa Internacional Santos Pe\u00f1oles, torneo que se ha consolidadocomo uno de los m\u00e1s importantes a nivel infantil y juvenil en M\u00e9xico. Adem\u00e1s de brindar una competencia deportiva de\u2026","rel":"","context":"In &quot;Sin categor\u00eda&quot;","block_context":{"text":"Sin categor\u00eda","link":"https:\/\/latribunera.com\/apuntes\/index.php\/category\/sin-categoria\/"},"img":{"alt_text":"","src":"https:\/\/i0.wp.com\/latribunera.com\/apuntes\/wp-content\/uploads\/2026\/04\/Presentacion-Copa-Santos-Penoles.jpg?resize=350%2C200&ssl=1","width":350,"height":200,"srcset":"https:\/\/i0.wp.com\/latribunera.com\/apuntes\/wp-content\/uploads\/2026\/04\/Presentacion-Copa-Santos-Penoles.jpg?resize=350%2C200&ssl=1 1x, https:\/\/i0.wp.com\/latribunera.com\/apuntes\/wp-content\/uploads\/2026\/04\/Presentacion-Copa-Santos-Penoles.jpg?resize=525%2C300&ssl=1 1.5x, https:\/\/i0.wp.com\/latribunera.com\/apuntes\/wp-content\/uploads\/2026\/04\/Presentacion-Copa-Santos-Penoles.jpg?resize=700%2C400&ssl=1 2x, https:\/\/i0.wp.com\/latribunera.com\/apuntes\/wp-content\/uploads\/2026\/04\/Presentacion-Copa-Santos-Penoles.jpg?resize=1050%2C600&ssl=1 3x, https:\/\/i0.wp.com\/latribunera.com\/apuntes\/wp-content\/uploads\/2026\/04\/Presentacion-Copa-Santos-Penoles.jpg?resize=1400%2C800&ssl=1 4x"},"classes":[]},{"id":45392,"url":"https:\/\/latribunera.com\/apuntes\/index.php\/2026\/04\/09\/se-presento-la-13va-edicion-del-guerreton\/","url_meta":{"origin":14035,"position":1},"title":"Se presento la 13va edici\u00f3n del Guerret\u00f3n.","author":"Staff","date":"9 abril, 2026","format":false,"excerpt":"A lo largo de sus primeras 12 ediciones, Guerret\u00f3n ha logrado recolectar m\u00e1s de 121,500juguetes, peluches y balones, beneficiando a diversas asociaciones e instituciones de laregi\u00f3n lagunera, entre ellas CRIT Durango, los sistemas DIF de distintos municipios, as\u00edcomo organizaciones educativas y asistenciales. A la fecha, se han instalado cuatro ludotecas\u2026","rel":"","context":"In &quot;Ganar Sirviendo&quot;","block_context":{"text":"Ganar Sirviendo","link":"https:\/\/latribunera.com\/apuntes\/index.php\/category\/futbol\/futbol-mexicano\/ganar-sirviendo\/"},"img":{"alt_text":"","src":"https:\/\/i0.wp.com\/latribunera.com\/apuntes\/wp-content\/uploads\/2026\/04\/9Guerreton-2026-2.jpg.jpeg?resize=350%2C200&ssl=1","width":350,"height":200,"srcset":"https:\/\/i0.wp.com\/latribunera.com\/apuntes\/wp-content\/uploads\/2026\/04\/9Guerreton-2026-2.jpg.jpeg?resize=350%2C200&ssl=1 1x, https:\/\/i0.wp.com\/latribunera.com\/apuntes\/wp-content\/uploads\/2026\/04\/9Guerreton-2026-2.jpg.jpeg?resize=525%2C300&ssl=1 1.5x, https:\/\/i0.wp.com\/latribunera.com\/apuntes\/wp-content\/uploads\/2026\/04\/9Guerreton-2026-2.jpg.jpeg?resize=700%2C400&ssl=1 2x, https:\/\/i0.wp.com\/latribunera.com\/apuntes\/wp-content\/uploads\/2026\/04\/9Guerreton-2026-2.jpg.jpeg?resize=1050%2C600&ssl=1 3x, https:\/\/i0.wp.com\/latribunera.com\/apuntes\/wp-content\/uploads\/2026\/04\/9Guerreton-2026-2.jpg.jpeg?resize=1400%2C800&ssl=1 4x"},"classes":[]},{"id":45386,"url":"https:\/\/latribunera.com\/apuntes\/index.php\/2026\/03\/11\/santos-launa-impulsa-mejoras-en-la-infraestructura-de-tsm-y-estadio-corona\/","url_meta":{"origin":14035,"position":2},"title":"Santos Laguna impulsa mejoras en la infraestructura de TSM y Estadio Corona","author":"Jacob Alarcon","date":"11 marzo, 2026","format":false,"excerpt":"Club Santos Laguna lleva a cabo una serie de reformas y mejoras en la infraestructura de TerritorioSantos Modelo y del Estadio Corona, con el objetivo de impulsar la innovaci\u00f3n tecnol\u00f3gica, lasostenibilidad y la modernizaci\u00f3n de sus espacios.Con estas acciones, el club contin\u00faa fortaleciendo la experiencia de sus aficionados yactualizando sus\u2026","rel":"","context":"In &quot;Pasi\u00f3n Guerrera&quot;","block_context":{"text":"Pasi\u00f3n Guerrera","link":"https:\/\/latribunera.com\/apuntes\/index.php\/category\/tribus\/pasionguerrera\/"},"img":{"alt_text":"","src":"https:\/\/i0.wp.com\/latribunera.com\/apuntes\/wp-content\/uploads\/2026\/03\/Renovacion-TSM.jpg?resize=350%2C200&ssl=1","width":350,"height":200,"srcset":"https:\/\/i0.wp.com\/latribunera.com\/apuntes\/wp-content\/uploads\/2026\/03\/Renovacion-TSM.jpg?resize=350%2C200&ssl=1 1x, https:\/\/i0.wp.com\/latribunera.com\/apuntes\/wp-content\/uploads\/2026\/03\/Renovacion-TSM.jpg?resize=525%2C300&ssl=1 1.5x, https:\/\/i0.wp.com\/latribunera.com\/apuntes\/wp-content\/uploads\/2026\/03\/Renovacion-TSM.jpg?resize=700%2C400&ssl=1 2x, https:\/\/i0.wp.com\/latribunera.com\/apuntes\/wp-content\/uploads\/2026\/03\/Renovacion-TSM.jpg?resize=1050%2C600&ssl=1 3x, https:\/\/i0.wp.com\/latribunera.com\/apuntes\/wp-content\/uploads\/2026\/03\/Renovacion-TSM.jpg?resize=1400%2C800&ssl=1 4x"},"classes":[]}],"jetpack_sharing_enabled":true,"_links":{"self":[{"href":"https:\/\/latribunera.com\/apuntes\/index.php\/wp-json\/wp\/v2\/posts\/14035","targetHints":{"allow":["GET"]}}],"collection":[{"href":"https:\/\/latribunera.com\/apuntes\/index.php\/wp-json\/wp\/v2\/posts"}],"about":[{"href":"https:\/\/latribunera.com\/apuntes\/index.php\/wp-json\/wp\/v2\/types\/post"}],"author":[{"embeddable":true,"href":"https:\/\/latribunera.com\/apuntes\/index.php\/wp-json\/wp\/v2\/users\/7"}],"replies":[{"embeddable":true,"href":"https:\/\/latribunera.com\/apuntes\/index.php\/wp-json\/wp\/v2\/comments?post=14035"}],"version-history":[{"count":8,"href":"https:\/\/latribunera.com\/apuntes\/index.php\/wp-json\/wp\/v2\/posts\/14035\/revisions"}],"predecessor-version":[{"id":14047,"href":"https:\/\/latribunera.com\/apuntes\/index.php\/wp-json\/wp\/v2\/posts\/14035\/revisions\/14047"}],"wp:featuredmedia":[{"embeddable":true,"href":"https:\/\/latribunera.com\/apuntes\/index.php\/wp-json\/wp\/v2\/media\/14042"}],"wp:attachment":[{"href":"https:\/\/latribunera.com\/apuntes\/index.php\/wp-json\/wp\/v2\/media?parent=14035"}],"wp:term":[{"taxonomy":"category","embeddable":true,"href":"https:\/\/latribunera.com\/apuntes\/index.php\/wp-json\/wp\/v2\/categories?post=14035"},{"taxonomy":"post_tag","embeddable":true,"href":"https:\/\/latribunera.com\/apuntes\/index.php\/wp-json\/wp\/v2\/tags?post=14035"}],"curies":[{"name":"wp","href":"https:\/\/api.w.org\/{rel}","templated":true}]}}