{"id":14292,"date":"2021-04-02T16:23:47","date_gmt":"2021-04-02T16:23:47","guid":{"rendered":"https:\/\/latribunera.com\/apuntes\/?p=14292"},"modified":"2021-04-02T16:23:51","modified_gmt":"2021-04-02T16:23:51","slug":"el-dia-que-jorge-urdiales-no-se-puso-la-de-tigres","status":"publish","type":"post","link":"https:\/\/latribunera.com\/apuntes\/index.php\/2021\/04\/02\/el-dia-que-jorge-urdiales-no-se-puso-la-de-tigres\/","title":{"rendered":"EL D\u00cdA QUE JORGE URDIALES NO SE PUSO LA DE TIGRES"},"content":{"rendered":"<p><script async src=\"https:\/\/pagead2.googlesyndication.com\/pagead\/js\/adsbygoogle.js\"><\/script><br \/>\n<!-- PC 728x90 --><br \/>\n<ins class=\"adsbygoogle\"\nstyle=\"display:inline-block;width:728px;height:90px\"\ndata-ad-client=\"ca-pub-9427576701762839\"\ndata-ad-slot=\"1011393878\"><\/ins><br \/>\n<script>\n(adsbygoogle = window.adsbygoogle || []).push({});\n<\/script><\/p>\n\n\n\n<p>VENUSTIANO\nCARRANZA<\/p>\n\n\n\n<p>Hace seis\na\u00f1os a nuestro querido amigo Don Jorge Urdiales le toc\u00f3 vivir una situaci\u00f3n inc\u00f3moda\nen pleno Estadio Universitario.<\/p>\n\n\n\n<p>El\nrayadisimo Urdiales fue invitado a ser parte de un homenaje a los jugadores que\nhicieron historia en el cuadro de la UANL durante el periodo de 1967 y 1974.<\/p>\n\n\n\n<p>Al ser mencionado por el sonido local, Urdiales fue abucheado y ah\u00ed no acaba la historia, el ex presidente del Monterrey no quiso ponerse la playera, as\u00ed como lo hicieron sus ex compa\u00f1eros.<\/p>\n\n\n<p><script async src=\"https:\/\/pagead2.googlesyndication.com\/pagead\/js\/adsbygoogle.js\"><\/script><br \/>\n<!-- PC 728x90 --><br \/>\n<ins class=\"adsbygoogle\"\nstyle=\"display:inline-block;width:728px;height:90px\"\ndata-ad-client=\"ca-pub-9427576701762839\"\ndata-ad-slot=\"1011393878\"><\/ins><br \/>\n<script>\n(adsbygoogle = window.adsbygoogle || []).push({});\n<\/script><\/p>\n\n\n\n<p>Si bien\nestaba lastimado del brazo (tra\u00eda un cabestrillo) y esto podr\u00eda jugarle como\nexcusa para mejor portar un traje negro, tambi\u00e9n pudo pon\u00e9rsela desde antes,\npero no lo prefiri\u00f3 as\u00ed.<\/p>\n\n\n\n<p>Obvio no\ngust\u00f3 esta se\u00f1al, los hinchas de Tigres ten\u00edan que reclam\u00e1rselo.<\/p>\n\n\n\n<p>\u201cRayados ca\u2026\nla pu\u2026 que te pari\u00f3\u201d, enton\u00f3 todo el estadio en relaci\u00f3n a que Urdiales tras\nser felino es identificado much\u00edsimo m\u00e1s como un rayado de coraz\u00f3n.<\/p>\n\n\n\n<figure class=\"wp-block-embed-twitter wp-block-embed is-type-rich is-provider-twitter\"><div class=\"wp-block-embed__wrapper\">\n<blockquote class=\"twitter-tweet\" data-width=\"550\" data-dnt=\"true\"><p lang=\"es\" dir=\"ltr\">\ud83d\udc40 Podr\u00e9 cometer muchos errores, pero ponerme un jersey de Tigres n\u00fanca.<br><br>En su momento Don Jorge Urdiales puso el ejemplo en un evento oficial&#8230; no se puso el jersey \ud83d\udc4f\ud83c\udffc<a href=\"https:\/\/twitter.com\/hashtag\/ArribaElMonterrey?src=hash&amp;ref_src=twsrc%5Etfw\">#ArribaElMonterrey<\/a> <a href=\"https:\/\/twitter.com\/hashtag\/Rayados?src=hash&amp;ref_src=twsrc%5Etfw\">#Rayados<\/a> <a href=\"https:\/\/t.co\/fn3owaQ5sy\">https:\/\/t.co\/fn3owaQ5sy<\/a> <a href=\"https:\/\/t.co\/obnmR8Bz65\">pic.twitter.com\/obnmR8Bz65<\/a><\/p>&mdash; Enzo de Taquito \u2728 \u26bd\ud83c\uddeb\ud83c\uddee (@Israelbarronm) <a href=\"https:\/\/twitter.com\/Israelbarronm\/status\/1377795606316519425?ref_src=twsrc%5Etfw\">April 2, 2021<\/a><\/blockquote><script async src=\"https:\/\/platform.twitter.com\/widgets.js\" charset=\"utf-8\"><\/script>\n<\/div><\/figure>\n\n\n<p><script async src=\"https:\/\/pagead2.googlesyndication.com\/pagead\/js\/adsbygoogle.js\"><\/script><br \/>\n<!-- PC 728x90 --><br \/>\n<ins class=\"adsbygoogle\"\nstyle=\"display:inline-block;width:728px;height:90px\"\ndata-ad-client=\"ca-pub-9427576701762839\"\ndata-ad-slot=\"1011393878\"><\/ins><br \/>\n<script>\n(adsbygoogle = window.adsbygoogle || []).push({});\n<\/script><\/p>\n\n\n\n<figure class=\"wp-block-embed-youtube wp-block-embed is-type-video is-provider-youtube wp-embed-aspect-16-9 wp-has-aspect-ratio\"><div class=\"wp-block-embed__wrapper\">\n<iframe loading=\"lazy\" title=\"Jornada 13 - Guardianes 2021 | Quinieleros | Picks Expertos\" width=\"960\" height=\"540\" src=\"https:\/\/www.youtube.com\/embed\/hal42b8Qpto?feature=oembed\" frameborder=\"0\" allow=\"accelerometer; autoplay; clipboard-write; encrypted-media; gyroscope; picture-in-picture\" allowfullscreen><\/iframe>\n<\/div><\/figure>\n","protected":false},"excerpt":{"rendered":"<p>VENUSTIANO CARRANZA Hace seis a\u00f1os a nuestro querido amigo Don Jorge Urdiales le toc\u00f3 vivir una situaci\u00f3n inc\u00f3moda en pleno Estadio Universitario. El rayadisimo Urdiales fue invitado a ser parte de un homenaje a los jugadores que hicieron historia en el cuadro de la UANL durante el periodo de 1967 y 1974. Al ser mencionado&#8230; <\/p>\n<div class=\"clear\"><\/div>\n<p><a href=\"https:\/\/latribunera.com\/apuntes\/index.php\/2021\/04\/02\/el-dia-que-jorge-urdiales-no-se-puso-la-de-tigres\/\" class=\"excerpt-read-more\">Read More<i class=\"fa fa-caret-right icon-caret-right\"><\/i><\/a><\/p>\n","protected":false},"author":26,"featured_media":14295,"comment_status":"open","ping_status":"open","sticky":false,"template":"","format":"standard","meta":{"_jetpack_memberships_contains_paid_content":false,"footnotes":""},"categories":[231,3,2,277],"tags":[],"class_list":["post-14292","post","type-post","status-publish","format-standard","has-post-thumbnail","hentry","category-apuntes","category-futbol","category-futbol-mexicano","category-zonarayada"],"jetpack_featured_media_url":"https:\/\/latribunera.com\/apuntes\/wp-content\/uploads\/2021\/04\/image1-1.png","jetpack-related-posts":[{"id":45421,"url":"https:\/\/latribunera.com\/apuntes\/index.php\/2026\/04\/16\/todo-listo-para-la-14va-edicion-de-la-copa-internacional-santos-penoles\/","url_meta":{"origin":14292,"position":0},"title":"Todo listo para la 14va edici\u00f3n de la Copa Internacional Santos Pe\u00f1oles","author":"Jacob Alarcon","date":"16 abril, 2026","format":false,"excerpt":"Este jueves, en el Auditorio Orlegi de Territorio Santos Modelo, se llev\u00f3 a cabo la presentaci\u00f3noficial de la edici\u00f3n 2026 de la Copa Internacional Santos Pe\u00f1oles, torneo que se ha consolidadocomo uno de los m\u00e1s importantes a nivel infantil y juvenil en M\u00e9xico. Adem\u00e1s de brindar una competencia deportiva de\u2026","rel":"","context":"In &quot;Sin categor\u00eda&quot;","block_context":{"text":"Sin categor\u00eda","link":"https:\/\/latribunera.com\/apuntes\/index.php\/category\/sin-categoria\/"},"img":{"alt_text":"","src":"https:\/\/i0.wp.com\/latribunera.com\/apuntes\/wp-content\/uploads\/2026\/04\/Presentacion-Copa-Santos-Penoles.jpg?resize=350%2C200&ssl=1","width":350,"height":200,"srcset":"https:\/\/i0.wp.com\/latribunera.com\/apuntes\/wp-content\/uploads\/2026\/04\/Presentacion-Copa-Santos-Penoles.jpg?resize=350%2C200&ssl=1 1x, https:\/\/i0.wp.com\/latribunera.com\/apuntes\/wp-content\/uploads\/2026\/04\/Presentacion-Copa-Santos-Penoles.jpg?resize=525%2C300&ssl=1 1.5x, https:\/\/i0.wp.com\/latribunera.com\/apuntes\/wp-content\/uploads\/2026\/04\/Presentacion-Copa-Santos-Penoles.jpg?resize=700%2C400&ssl=1 2x, https:\/\/i0.wp.com\/latribunera.com\/apuntes\/wp-content\/uploads\/2026\/04\/Presentacion-Copa-Santos-Penoles.jpg?resize=1050%2C600&ssl=1 3x, https:\/\/i0.wp.com\/latribunera.com\/apuntes\/wp-content\/uploads\/2026\/04\/Presentacion-Copa-Santos-Penoles.jpg?resize=1400%2C800&ssl=1 4x"},"classes":[]}],"jetpack_sharing_enabled":true,"_links":{"self":[{"href":"https:\/\/latribunera.com\/apuntes\/index.php\/wp-json\/wp\/v2\/posts\/14292","targetHints":{"allow":["GET"]}}],"collection":[{"href":"https:\/\/latribunera.com\/apuntes\/index.php\/wp-json\/wp\/v2\/posts"}],"about":[{"href":"https:\/\/latribunera.com\/apuntes\/index.php\/wp-json\/wp\/v2\/types\/post"}],"author":[{"embeddable":true,"href":"https:\/\/latribunera.com\/apuntes\/index.php\/wp-json\/wp\/v2\/users\/26"}],"replies":[{"embeddable":true,"href":"https:\/\/latribunera.com\/apuntes\/index.php\/wp-json\/wp\/v2\/comments?post=14292"}],"version-history":[{"count":3,"href":"https:\/\/latribunera.com\/apuntes\/index.php\/wp-json\/wp\/v2\/posts\/14292\/revisions"}],"predecessor-version":[{"id":14323,"href":"https:\/\/latribunera.com\/apuntes\/index.php\/wp-json\/wp\/v2\/posts\/14292\/revisions\/14323"}],"wp:featuredmedia":[{"embeddable":true,"href":"https:\/\/latribunera.com\/apuntes\/index.php\/wp-json\/wp\/v2\/media\/14295"}],"wp:attachment":[{"href":"https:\/\/latribunera.com\/apuntes\/index.php\/wp-json\/wp\/v2\/media?parent=14292"}],"wp:term":[{"taxonomy":"category","embeddable":true,"href":"https:\/\/latribunera.com\/apuntes\/index.php\/wp-json\/wp\/v2\/categories?post=14292"},{"taxonomy":"post_tag","embeddable":true,"href":"https:\/\/latribunera.com\/apuntes\/index.php\/wp-json\/wp\/v2\/tags?post=14292"}],"curies":[{"name":"wp","href":"https:\/\/api.w.org\/{rel}","templated":true}]}}