{"id":14314,"date":"2021-04-02T19:09:13","date_gmt":"2021-04-02T19:09:13","guid":{"rendered":"https:\/\/latribunera.com\/apuntes\/?p=14314"},"modified":"2021-04-03T04:39:26","modified_gmt":"2021-04-03T04:39:26","slug":"el-vasco-aguirre-de-chile-dulce-y-manteca","status":"publish","type":"post","link":"https:\/\/latribunera.com\/apuntes\/index.php\/2021\/04\/02\/el-vasco-aguirre-de-chile-dulce-y-manteca\/","title":{"rendered":"EL VASCO AGUIRRE DE CHILE, DULCE Y MANTECA"},"content":{"rendered":"<p><script async=\"\" src=\"https:\/\/pagead2.googlesyndication.com\/pagead\/js\/adsbygoogle.js\"><\/script><br \/>\n<!-- PC 728x90 --><br \/>\n<ins class=\"adsbygoogle\" style=\"display:inline-block;width:728px;height:90px\" data-ad-client=\"ca-pub-9427576701762839\" data-ad-slot=\"1011393878\"><\/ins><br \/>\n<script>\n(adsbygoogle = window.adsbygoogle || []).push({});\n<\/script><\/p>\n\n\n\n<p><strong>Por Alejandro Mart\u00ednez \/ @alexmtz8603<\/strong><\/p>\n\n\n\n<p>Fueron 15\nminutos de chile, dulce y manteca. La conferencia de Javier Aguirre estuvo\nbastante nutrida en cuanto al presente del Monterrey.<\/p>\n\n\n\n<p>\u00a1Ac\u00e1 todo\nlo que dijo el Vasco!<\/p>\n\n\n\n<p><strong>Funes Mori al Tricolor<\/strong><\/p>\n\n\n\n<p>\u201cLa \u00faltima palabra la tiene el director t\u00e9cnico, esa pregunta deber\u00eda ser a Martino, \u00e9l es que hace las convocatorias, sabe las necesidades, nosotros los que estamos afuera estamos para apoyarlo en sus decisiones\u201d<\/p>\n\n\n\n<p><strong>Sobre tus jugadores Seleccionados y contemplarlos <\/strong><\/p>\n\n\n\n<p><strong>\u00bfQu\u00e9 pesa m\u00e1s el viaje o el tema an\u00edmico?<\/strong><\/p>\n\n\n\n<p>\u201cEs una pregunta interesante porque es dif\u00edcil, no hay un &#8216;animometro&#8217; para medir el \u00e1nimo o la mentalidad, f\u00edsicamente si valorar si juegan o no de inicio, pero si la voluntad o el \u00e1nimo eso es dif\u00edcil medirlo, por lo tanto, preguntas, intuyes, pero al final hay que ver por lo que sigue en los partidos, empieza la Concacaf, si tirar de todos, necesito de todos, yo tendr\u00e9 estas 24 horas para valorar quien arranca o no, vamos a necesitar de todos, sanos, fuertes y descansados\u201d<\/p>\n\n\n<p><script async=\"\" src=\"https:\/\/pagead2.googlesyndication.com\/pagead\/js\/adsbygoogle.js\"><\/script><br \/>\n<!-- PC 728x90 --><br \/>\n<ins class=\"adsbygoogle\" style=\"display:inline-block;width:728px;height:90px\" data-ad-client=\"ca-pub-9427576701762839\" data-ad-slot=\"1011393878\"><\/ins><br \/>\n<script>\n(adsbygoogle = window.adsbygoogle || []).push({});\n<\/script><\/p>\n\n\n\n<p><strong>\u00bfC\u00f3mo est\u00e1n f\u00edsicamente?<\/strong><\/p>\n\n\n\n<p>\u201cEst\u00e1 descartado\nLoba, Lay\u00fan y Nico S\u00e1nchez, los tres que no llegaron por temas f\u00edsicos; Miguel sufri\u00f3\nuna ruptura de fibras, Ake una torcedura del tobillo que si fuera el \u00faltimo\njuego de la Liga estar\u00eda disponible, no est\u00e1 al cien y preferimos darle descanso\ny Nico est\u00e1 en la \u00faltima fase de readaptaci\u00f3n al juego, tiene molestias en la rodilla,\nlos dem\u00e1s disponibles\u201d<\/p>\n\n\n\n<p><strong>\u00bfHabr\u00e1 rotaciones?<\/strong><\/p>\n\n\n\n<p>\u201cS\u00ed,\nefectivamente tiene que, a verlas, ni en Europa lo viv\u00edamos cuando toca\nChampions, Copa del Rey o Europa League, siempre intentamos jugar con el\nminutaje teniendo en cuanta que tienen calidades parecidas, s\u00ed que va ver rotaciones\u201d<\/p>\n\n\n\n<p><strong>San Luis<\/strong><\/p>\n\n\n\n<p>\u201cEs un equipo comoo dices est\u00e1 peleando en su participaci\u00f3n de Liguilla, aparte los temas de los dineros, evitar esas multas, eso lo hace doblemente peligroso, vienen a pelear, tienen un ataque interesante&#8221;<\/p>\n\n\n<p><script async=\"\" src=\"https:\/\/pagead2.googlesyndication.com\/pagead\/js\/adsbygoogle.js\"><\/script><br \/>\n<!-- PC 728x90 --><br \/>\n<ins class=\"adsbygoogle\" style=\"display:inline-block;width:728px;height:90px\" data-ad-client=\"ca-pub-9427576701762839\" data-ad-slot=\"1011393878\"><\/ins><br \/>\n<script>\n(adsbygoogle = window.adsbygoogle || []).push({});\n<\/script><\/p>\n\n\n\n<p><strong>RFM, goleador hist\u00f3rico<\/strong><\/p>\n\n\n\n<p>\u201cYo tratar\u00e9 de manejarlo con toda la naturalidad del mundo, que haga su trabajo, el seguro estar\u00e1 pensando en ello, pero el prioriza que el equipo gane, tarde o temprano llegar\u00e1 la marca, esta temporada, la otra, en la Liguilla, no me parece a m\u00ed que lo tenga obsesionado, no se le nota presionado\u201d<\/p>\n\n\n\n<p>\u201cEst\u00e1 en la\nantesala de una marca historia, le deseo lo marca, se lo merece\u201d<\/p>\n\n\n\n<p><strong>Alternar en las alineaciones\u2026<\/strong><\/p>\n\n\n\n<p>\u201cSe ha\ncomentado que es un plantel basto, de niveles y calidades parecida, si sale uno\ny otra otro no se nota, darles minutos a todos porque viene un marat\u00f3n de\npartidos, claras las ideas, puede ser que uno repita o juega m\u00e1s por necesidad\ndel equipo, no es que sea 11 uno y 11 otro, lo que demande el cuerpo y el\npartido y los momentos, intentaremos distribuir los minutos lo m\u00e1s sensato\nposible\u201d<\/p>\n\n\n\n<p><strong>Porter\u00eda a reforzar en JO<\/strong><\/p>\n\n\n\n<p>\u201cHay muy buenos porteros en M\u00e9xico, Malag\u00f3n estaba en buen nivel, Jurado fue vital, la Selecci\u00f3n Mayor se llev\u00f3 a cuatro, hablamos de seis porteros, bendito problema tiene Jimmy, \u00e9l sabr\u00e1, \u00e9l ve que necesidades para elegir, de momento no lo o\u00ed de su boca, necesita elegir bien, hay material de sobra entre chicos y grandes y que haga un gran papel, podemos estar bien tranquilos\u201d<\/p>\n\n\n<p><script async=\"\" src=\"https:\/\/pagead2.googlesyndication.com\/pagead\/js\/adsbygoogle.js\"><\/script><br \/>\n<!-- PC 728x90 --><br \/>\n<ins class=\"adsbygoogle\" style=\"display:inline-block;width:728px;height:90px\" data-ad-client=\"ca-pub-9427576701762839\" data-ad-slot=\"1011393878\"><\/ins><br \/>\n<script>\n(adsbygoogle = window.adsbygoogle || []).push({});\n<\/script><\/p>\n\n\n\n<figure class=\"wp-block-embed-youtube wp-block-embed is-type-video is-provider-youtube wp-embed-aspect-16-9 wp-has-aspect-ratio\"><div class=\"wp-block-embed__wrapper\">\n<iframe loading=\"lazy\" title=\"Rayados vs Atl\u00e9tico de San Luis. Jornada 13. Guardianes 2021 - Picks Expertos\" width=\"960\" height=\"540\" src=\"https:\/\/www.youtube.com\/embed\/NfmzWcwLJHQ?feature=oembed\" frameborder=\"0\" allow=\"accelerometer; autoplay; clipboard-write; encrypted-media; gyroscope; picture-in-picture\" allowfullscreen><\/iframe>\n<\/div><\/figure>\n\n\n","protected":false},"excerpt":{"rendered":"<p>Por Alejandro Mart\u00ednez \/ @alexmtz8603 Fueron 15 minutos de chile, dulce y manteca. La conferencia de Javier Aguirre estuvo bastante nutrida en cuanto al presente del Monterrey. \u00a1Ac\u00e1 todo lo que dijo el Vasco! Funes Mori al Tricolor \u201cLa \u00faltima palabra la tiene el director t\u00e9cnico, esa pregunta deber\u00eda ser a Martino, \u00e9l es que&#8230; <\/p>\n<div class=\"clear\"><\/div>\n<p><a href=\"https:\/\/latribunera.com\/apuntes\/index.php\/2021\/04\/02\/el-vasco-aguirre-de-chile-dulce-y-manteca\/\" class=\"excerpt-read-more\">Read More<i class=\"fa fa-caret-right icon-caret-right\"><\/i><\/a><\/p>\n","protected":false},"author":7,"featured_media":14317,"comment_status":"open","ping_status":"open","sticky":false,"template":"","format":"standard","meta":{"_jetpack_memberships_contains_paid_content":false,"footnotes":""},"categories":[3,2,229,277],"tags":[6],"class_list":["post-14314","post","type-post","status-publish","format-standard","has-post-thumbnail","hentry","category-futbol","category-futbol-mexicano","category-mexico","category-zonarayada","tag-rayados"],"jetpack_featured_media_url":"https:\/\/latribunera.com\/apuntes\/wp-content\/uploads\/2021\/04\/Rayados-229-scaled.jpg","jetpack-related-posts":[{"id":45392,"url":"https:\/\/latribunera.com\/apuntes\/index.php\/2026\/04\/09\/se-presento-la-13va-edicion-del-guerreton\/","url_meta":{"origin":14314,"position":0},"title":"Se presento la 13va edici\u00f3n del Guerret\u00f3n.","author":"Staff","date":"9 abril, 2026","format":false,"excerpt":"A lo largo de sus primeras 12 ediciones, Guerret\u00f3n ha logrado recolectar m\u00e1s de 121,500juguetes, peluches y balones, beneficiando a diversas asociaciones e instituciones de laregi\u00f3n lagunera, entre ellas CRIT Durango, los sistemas DIF de distintos municipios, as\u00edcomo organizaciones educativas y asistenciales. A la fecha, se han instalado cuatro ludotecas\u2026","rel":"","context":"In &quot;Ganar Sirviendo&quot;","block_context":{"text":"Ganar Sirviendo","link":"https:\/\/latribunera.com\/apuntes\/index.php\/category\/futbol\/futbol-mexicano\/ganar-sirviendo\/"},"img":{"alt_text":"","src":"https:\/\/i0.wp.com\/latribunera.com\/apuntes\/wp-content\/uploads\/2026\/04\/9Guerreton-2026-2.jpg.jpeg?resize=350%2C200&ssl=1","width":350,"height":200,"srcset":"https:\/\/i0.wp.com\/latribunera.com\/apuntes\/wp-content\/uploads\/2026\/04\/9Guerreton-2026-2.jpg.jpeg?resize=350%2C200&ssl=1 1x, https:\/\/i0.wp.com\/latribunera.com\/apuntes\/wp-content\/uploads\/2026\/04\/9Guerreton-2026-2.jpg.jpeg?resize=525%2C300&ssl=1 1.5x, https:\/\/i0.wp.com\/latribunera.com\/apuntes\/wp-content\/uploads\/2026\/04\/9Guerreton-2026-2.jpg.jpeg?resize=700%2C400&ssl=1 2x, https:\/\/i0.wp.com\/latribunera.com\/apuntes\/wp-content\/uploads\/2026\/04\/9Guerreton-2026-2.jpg.jpeg?resize=1050%2C600&ssl=1 3x, https:\/\/i0.wp.com\/latribunera.com\/apuntes\/wp-content\/uploads\/2026\/04\/9Guerreton-2026-2.jpg.jpeg?resize=1400%2C800&ssl=1 4x"},"classes":[]}],"jetpack_sharing_enabled":true,"_links":{"self":[{"href":"https:\/\/latribunera.com\/apuntes\/index.php\/wp-json\/wp\/v2\/posts\/14314","targetHints":{"allow":["GET"]}}],"collection":[{"href":"https:\/\/latribunera.com\/apuntes\/index.php\/wp-json\/wp\/v2\/posts"}],"about":[{"href":"https:\/\/latribunera.com\/apuntes\/index.php\/wp-json\/wp\/v2\/types\/post"}],"author":[{"embeddable":true,"href":"https:\/\/latribunera.com\/apuntes\/index.php\/wp-json\/wp\/v2\/users\/7"}],"replies":[{"embeddable":true,"href":"https:\/\/latribunera.com\/apuntes\/index.php\/wp-json\/wp\/v2\/comments?post=14314"}],"version-history":[{"count":3,"href":"https:\/\/latribunera.com\/apuntes\/index.php\/wp-json\/wp\/v2\/posts\/14314\/revisions"}],"predecessor-version":[{"id":14325,"href":"https:\/\/latribunera.com\/apuntes\/index.php\/wp-json\/wp\/v2\/posts\/14314\/revisions\/14325"}],"wp:featuredmedia":[{"embeddable":true,"href":"https:\/\/latribunera.com\/apuntes\/index.php\/wp-json\/wp\/v2\/media\/14317"}],"wp:attachment":[{"href":"https:\/\/latribunera.com\/apuntes\/index.php\/wp-json\/wp\/v2\/media?parent=14314"}],"wp:term":[{"taxonomy":"category","embeddable":true,"href":"https:\/\/latribunera.com\/apuntes\/index.php\/wp-json\/wp\/v2\/categories?post=14314"},{"taxonomy":"post_tag","embeddable":true,"href":"https:\/\/latribunera.com\/apuntes\/index.php\/wp-json\/wp\/v2\/tags?post=14314"}],"curies":[{"name":"wp","href":"https:\/\/api.w.org\/{rel}","templated":true}]}}