{"id":14616,"date":"2021-04-10T12:30:07","date_gmt":"2021-04-10T12:30:07","guid":{"rendered":"https:\/\/latribunera.com\/apuntes\/?p=14616"},"modified":"2021-04-10T13:05:09","modified_gmt":"2021-04-10T13:05:09","slug":"la-historia-de-rayados-en-la-bombonera-es-de-terror","status":"publish","type":"post","link":"https:\/\/latribunera.com\/apuntes\/index.php\/2021\/04\/10\/la-historia-de-rayados-en-la-bombonera-es-de-terror\/","title":{"rendered":"LA HISTORIA DE RAYADOS EN LA BOMBONERA ES DE TERROR"},"content":{"rendered":"<p><script async=\"\" src=\"https:\/\/pagead2.googlesyndication.com\/pagead\/js\/adsbygoogle.js\"><\/script><br \/>\n<!-- PC 728x90 --><br \/>\n<ins class=\"adsbygoogle\" style=\"display:inline-block;width:728px;height:90px\" data-ad-client=\"ca-pub-9427576701762839\" data-ad-slot=\"1011393878\"><\/ins><br \/>\n<script>\n(adsbygoogle = window.adsbygoogle || []).push({});\n<\/script><\/p>\n\n\n\n<p>POR \u00c1NGEL L\u00d3PEZ \/ Twitter @Al_rayado<\/p>\n\n\n\n<p>&nbsp;\u201cAbandonad toda esperanza, quienes aqu\u00ed entr\u00e1is\u201d<\/p>\n\n\n\n<p>Seg\u00fan Dante\nen su Divina Comedia, esta inscripci\u00f3n se encontraba en la parte superior de\nlas puertas del infierno y bien podr\u00eda estar adornando el vestidor visitante\neste pr\u00f3ximo domingo en el Nemesio Diez.<\/p>\n\n\n\n<p>La historia de Rayados en la Bombonera es de terror, con s\u00f3lo un triunfo en 15 a\u00f1os, la aduana siempre ha pintado complicada para los regios.<\/p>\n\n\n\n<p>Si a esto\nle sumamos que, entre Rayados, tercero general y los Diablos s\u00e9ptimo en la\ntabla, s\u00f3lo hay 3 puntos de diferencia, el asunto luce complicado.<\/p>\n\n\n\n<p>En plena recta final del torneo, el duelo se vuelve clave para que el equipo de la Sultana del Norte pueda amarrar su pase directo a la Liguilla.<\/p>\n\n\n<p><script async=\"\" src=\"https:\/\/pagead2.googlesyndication.com\/pagead\/js\/adsbygoogle.js\"><\/script><br \/>\n<!-- PC 728x90 --><br \/>\n<ins class=\"adsbygoogle\" style=\"display:inline-block;width:728px;height:90px\" data-ad-client=\"ca-pub-9427576701762839\" data-ad-slot=\"1011393878\"><\/ins><br \/>\n<script>\n(adsbygoogle = window.adsbygoogle || []).push({});\n<\/script><\/p>\n\n\n\n<p>La Pandilla\nllegar\u00e1 directo a Toluca desde la Rep\u00fablica Dominicana tras su primer encuentro\nde la Concachampions.<\/p>\n\n\n\n<p>Con Funes\nMori encendido, motivado y luchando por la cima del goleo individual, y\napostando al orden ofensivo caracter\u00edstico del Vasco, los Rayados buscar\u00e1n\nmantener el cero y buscar una oportunidad de marcar para traerse puntos de esta\nvisita.<\/p>\n\n\n\n<p>De los 12\npartidos que ha disputado (tiene pendiente el de Chivas), en ocho los Rayados\nhan anotado un gol o se han ido en blanco, apenas en 3 metieron 2 goles y el\naccidente en Ju\u00e1rez que termin\u00f3 en 6 a 1.<\/p>\n\n\n\n<p>Es decir, que\nen el Infierno se anticipa un duelo cerrado y de muy pocos goles.<\/p>\n\n\n\n<p>El 11 de\nfebrero 2006, fue la \u00faltima vez que los Rayados vencieron al Toluca como\nvisitante.<\/p>\n\n\n\n<p>\u00bfPodr\u00e1n\nahora traerse puntos de la Bombonera?<\/p>\n\n\n\n<p>El panorama luce tan complicado como salir del \u00faltimo anillo del averno.<\/p>\n\n\n<p><script async=\"\" src=\"https:\/\/pagead2.googlesyndication.com\/pagead\/js\/adsbygoogle.js\"><\/script><br \/>\n<!-- PC 728x90 --><br \/>\n<ins class=\"adsbygoogle\" style=\"display:inline-block;width:728px;height:90px\" data-ad-client=\"ca-pub-9427576701762839\" data-ad-slot=\"1011393878\"><\/ins><br \/>\n<script>\n(adsbygoogle = window.adsbygoogle || []).push({});\n<\/script><\/p>\n\n\n","protected":false},"excerpt":{"rendered":"<p>POR \u00c1NGEL L\u00d3PEZ \/ Twitter @Al_rayado &nbsp;\u201cAbandonad toda esperanza, quienes aqu\u00ed entr\u00e1is\u201d Seg\u00fan Dante en su Divina Comedia, esta inscripci\u00f3n se encontraba en la parte superior de las puertas del infierno y bien podr\u00eda estar adornando el vestidor visitante este pr\u00f3ximo domingo en el Nemesio Diez. La historia de Rayados en la Bombonera es de&#8230; <\/p>\n<div class=\"clear\"><\/div>\n<p><a href=\"https:\/\/latribunera.com\/apuntes\/index.php\/2021\/04\/10\/la-historia-de-rayados-en-la-bombonera-es-de-terror\/\" class=\"excerpt-read-more\">Read More<i class=\"fa fa-caret-right icon-caret-right\"><\/i><\/a><\/p>\n","protected":false},"author":4,"featured_media":14618,"comment_status":"open","ping_status":"open","sticky":false,"template":"","format":"standard","meta":{"_jetpack_memberships_contains_paid_content":false,"footnotes":""},"categories":[231,3,229,277],"tags":[74,6,99],"class_list":["post-14616","post","type-post","status-publish","format-standard","has-post-thumbnail","hentry","category-apuntes","category-futbol","category-mexico","category-zonarayada","tag-liga-mx","tag-rayados","tag-toluca"],"jetpack_featured_media_url":"https:\/\/latribunera.com\/apuntes\/wp-content\/uploads\/2021\/04\/Rayados-13111-scaled.jpg","jetpack-related-posts":[{"id":45392,"url":"https:\/\/latribunera.com\/apuntes\/index.php\/2026\/04\/09\/se-presento-la-13va-edicion-del-guerreton\/","url_meta":{"origin":14616,"position":0},"title":"Se presento la 13va edici\u00f3n del Guerret\u00f3n.","author":"Staff","date":"9 abril, 2026","format":false,"excerpt":"A lo largo de sus primeras 12 ediciones, Guerret\u00f3n ha logrado recolectar m\u00e1s de 121,500juguetes, peluches y balones, beneficiando a diversas asociaciones e instituciones de laregi\u00f3n lagunera, entre ellas CRIT Durango, los sistemas DIF de distintos municipios, as\u00edcomo organizaciones educativas y asistenciales. A la fecha, se han instalado cuatro ludotecas\u2026","rel":"","context":"In &quot;Ganar Sirviendo&quot;","block_context":{"text":"Ganar Sirviendo","link":"https:\/\/latribunera.com\/apuntes\/index.php\/category\/futbol\/futbol-mexicano\/ganar-sirviendo\/"},"img":{"alt_text":"","src":"https:\/\/i0.wp.com\/latribunera.com\/apuntes\/wp-content\/uploads\/2026\/04\/9Guerreton-2026-2.jpg.jpeg?resize=350%2C200&ssl=1","width":350,"height":200,"srcset":"https:\/\/i0.wp.com\/latribunera.com\/apuntes\/wp-content\/uploads\/2026\/04\/9Guerreton-2026-2.jpg.jpeg?resize=350%2C200&ssl=1 1x, https:\/\/i0.wp.com\/latribunera.com\/apuntes\/wp-content\/uploads\/2026\/04\/9Guerreton-2026-2.jpg.jpeg?resize=525%2C300&ssl=1 1.5x, https:\/\/i0.wp.com\/latribunera.com\/apuntes\/wp-content\/uploads\/2026\/04\/9Guerreton-2026-2.jpg.jpeg?resize=700%2C400&ssl=1 2x, https:\/\/i0.wp.com\/latribunera.com\/apuntes\/wp-content\/uploads\/2026\/04\/9Guerreton-2026-2.jpg.jpeg?resize=1050%2C600&ssl=1 3x, https:\/\/i0.wp.com\/latribunera.com\/apuntes\/wp-content\/uploads\/2026\/04\/9Guerreton-2026-2.jpg.jpeg?resize=1400%2C800&ssl=1 4x"},"classes":[]}],"jetpack_sharing_enabled":true,"_links":{"self":[{"href":"https:\/\/latribunera.com\/apuntes\/index.php\/wp-json\/wp\/v2\/posts\/14616","targetHints":{"allow":["GET"]}}],"collection":[{"href":"https:\/\/latribunera.com\/apuntes\/index.php\/wp-json\/wp\/v2\/posts"}],"about":[{"href":"https:\/\/latribunera.com\/apuntes\/index.php\/wp-json\/wp\/v2\/types\/post"}],"author":[{"embeddable":true,"href":"https:\/\/latribunera.com\/apuntes\/index.php\/wp-json\/wp\/v2\/users\/4"}],"replies":[{"embeddable":true,"href":"https:\/\/latribunera.com\/apuntes\/index.php\/wp-json\/wp\/v2\/comments?post=14616"}],"version-history":[{"count":3,"href":"https:\/\/latribunera.com\/apuntes\/index.php\/wp-json\/wp\/v2\/posts\/14616\/revisions"}],"predecessor-version":[{"id":14621,"href":"https:\/\/latribunera.com\/apuntes\/index.php\/wp-json\/wp\/v2\/posts\/14616\/revisions\/14621"}],"wp:featuredmedia":[{"embeddable":true,"href":"https:\/\/latribunera.com\/apuntes\/index.php\/wp-json\/wp\/v2\/media\/14618"}],"wp:attachment":[{"href":"https:\/\/latribunera.com\/apuntes\/index.php\/wp-json\/wp\/v2\/media?parent=14616"}],"wp:term":[{"taxonomy":"category","embeddable":true,"href":"https:\/\/latribunera.com\/apuntes\/index.php\/wp-json\/wp\/v2\/categories?post=14616"},{"taxonomy":"post_tag","embeddable":true,"href":"https:\/\/latribunera.com\/apuntes\/index.php\/wp-json\/wp\/v2\/tags?post=14616"}],"curies":[{"name":"wp","href":"https:\/\/api.w.org\/{rel}","templated":true}]}}