{"id":14736,"date":"2021-04-12T18:40:24","date_gmt":"2021-04-12T18:40:24","guid":{"rendered":"https:\/\/latribunera.com\/apuntes\/?p=14736"},"modified":"2021-04-12T18:57:36","modified_gmt":"2021-04-12T18:57:36","slug":"la-peticion-de-ferreti-a-sus-aficionados","status":"publish","type":"post","link":"https:\/\/latribunera.com\/apuntes\/index.php\/2021\/04\/12\/la-peticion-de-ferreti-a-sus-aficionados\/","title":{"rendered":"LA PETICION DE FERRETTI A SUS AFICIONADOS"},"content":{"rendered":"<p><script async=\"\" src=\"https:\/\/pagead2.googlesyndication.com\/pagead\/js\/adsbygoogle.js\"><\/script><br \/>\n<!-- PC 728x90 --><br \/>\n<ins class=\"adsbygoogle\" style=\"display:inline-block;width:728px;height:90px\" data-ad-client=\"ca-pub-9427576701762839\" data-ad-slot=\"1011393878\"><\/ins><br \/>\n<script>\n(adsbygoogle = window.adsbygoogle || []).push({});\n<\/script><\/p>\n\n\n\n<p>Por Venustiano\nCarranza<\/p>\n\n\n\n<p>El Tuca\nvolvi\u00f3 a sacar una de sus frases para huir de las pol\u00e9micas. Luego de volver a\nestar en el ojo del hurac\u00e1n por en\u00e9sima vez al discutir con un aficionado que\nle ped\u00eda que diera ingreso a Leo Fern\u00e1ndez, Ferretti minimiz\u00f3 este episodio.<\/p>\n\n\n\n<p>\u201cNo tengo\nni idea de lo que hablas, no tengo Twitter, Facebook, no quisiera tener\ntel\u00e9fono, no s\u00e9 de lo que me hablan. De problemas con aficionados he tenido\nmiles, antes cuando los estadios estaban llenos aqu\u00ed siempre ha habido\ndiscordancia en ciertas cosas.<\/p>\n\n\n\n<p>\u201cNo soy centenario para caer bien a todo el mundo ni tampoco los aficionados son como Libres y Lokos que apoyan todo el tiempo, o sea de 43 mil personas que entran en el estadio aun siendo lo que fuimos el equipo de la d\u00e9cada ten\u00eda discusiones con aficionados, para m\u00ed esto es una cosa normal, que me menten la madre y me vengan a decir de cosas, que ponga a fulano cuando hice los cambios, que est\u00e1n chingue y chingue que ponga a tal jugador, es una cosa normal, me mentan la madre, a parte mi madre ya se muri\u00f3, ni me afecta, cuando en la menta digo \u201cquiubole hermano\u201d<\/p>\n\n\n<p><script async=\"\" src=\"https:\/\/pagead2.googlesyndication.com\/pagead\/js\/adsbygoogle.js\"><\/script><br \/>\n<!-- PC 728x90 --><br \/>\n<ins class=\"adsbygoogle\" style=\"display:inline-block;width:728px;height:90px\" data-ad-client=\"ca-pub-9427576701762839\" data-ad-slot=\"1011393878\"><\/ins><br \/>\n<script>\n(adsbygoogle = window.adsbygoogle || []).push({});\n<\/script><\/p>\n\n\n\n<p><strong>\u00bfQU\u00c9 M\u00c1S DIJO?<\/strong><\/p>\n\n\n\n<p><strong>Momento actual<\/strong><\/p>\n\n\n\n<p>\u201cLa\nsituaci\u00f3n no es agradable, es dif\u00edcil, pero somos profesionales, vamos a seguir\nintent\u00e1ndolo, hay vida, hay esperanza y nos vamos a agarrar de esto y vamos a\nseguir buscando lo que queremos, lo que la afici\u00f3n quiere, vernos en la Liguilla,\nlas posibilidades todav\u00eda existen, est\u00e1 en nosotros, entonces, el grupo que\ntengo est\u00e1 comprometido.<\/p>\n\n\n\n<p>\u201cNadie est\u00e1\ncontento, bailando y festejando en la macro, siempre hemos sido un equipo\nequilibrado, nos ha faltado m\u00e1s equilibrio entre ofensiva y defensiva, los\nerrores que hemos cometido han sido capitalizados por los rivales, no somos\navestruces, no vamos a meter la cabeza en un hoyo, somos personas honestas, no\nhemos enga\u00f1ado ni mentido a nadie.<\/p>\n\n\n\n<p><strong>An\u00e1lisis de renovaci\u00f3n\u2026<\/strong><\/p>\n\n\n\n<p>\u201cPreg\u00fantale\na la directiva, yo tengo lo que ya dije y es suficiente no tengo nada m\u00e1s que\ncomentar ahora tu&nbsp;inquietud ve con la directiva y preg\u00fantale\u201d<\/p>\n\n\n\n<p><strong>Falta de confianza <\/strong><\/p>\n\n\n\n<p>\u201cTenemos el\ntrabajo y falta ganar para tenerla confianza, la falta de ella es contagiosa y\nnos hemos contagiados de ciertas cosas que nos causan duda que causa duda, pero\nes un equipo maduro, experimentado y tengo la confianza en que podamos salir de\nesta situaci\u00f3n, espero que en el&nbsp;pr\u00f3ximo partido sea la oportunidad para\nhacerlo\u201d<\/p>\n\n\n\n<p><strong>La petici\u00f3n a la hinchada<\/strong><\/p>\n\n\n\n<p>\u201cSi puedo pedir algo, le pido a los aficionados que sean como los Libres y Lokos que sigan apoyando en la buenas y malas siempre apoyan y es una situaci\u00f3n que hoy en d\u00eda necesitamos m\u00e1s que nada, nos necesitamos un pleito con aficionados, nada de negativo, no caer\u00eda mal un espaldarazo a los jugadores, animarlos m\u00e1s\u201d<\/p>\n\n\n<p><script async=\"\" src=\"https:\/\/pagead2.googlesyndication.com\/pagead\/js\/adsbygoogle.js\"><\/script><br \/>\n<!-- PC 728x90 --><br \/>\n<ins class=\"adsbygoogle\" style=\"display:inline-block;width:728px;height:90px\" data-ad-client=\"ca-pub-9427576701762839\" data-ad-slot=\"1011393878\"><\/ins><br \/>\n<script>\n(adsbygoogle = window.adsbygoogle || []).push({});\n<\/script><\/p>\n\n\n","protected":false},"excerpt":{"rendered":"<p>Por Venustiano Carranza El Tuca volvi\u00f3 a sacar una de sus frases para huir de las pol\u00e9micas. Luego de volver a estar en el ojo del hurac\u00e1n por en\u00e9sima vez al discutir con un aficionado que le ped\u00eda que diera ingreso a Leo Fern\u00e1ndez, Ferretti minimiz\u00f3 este episodio. \u201cNo tengo ni idea de lo que&#8230; <\/p>\n<div class=\"clear\"><\/div>\n<p><a href=\"https:\/\/latribunera.com\/apuntes\/index.php\/2021\/04\/12\/la-peticion-de-ferreti-a-sus-aficionados\/\" class=\"excerpt-read-more\">Read More<i class=\"fa fa-caret-right icon-caret-right\"><\/i><\/a><\/p>\n","protected":false},"author":26,"featured_media":14737,"comment_status":"open","ping_status":"open","sticky":false,"template":"","format":"standard","meta":{"_jetpack_memberships_contains_paid_content":false,"footnotes":""},"categories":[231,3,2,278],"tags":[103],"class_list":["post-14736","post","type-post","status-publish","format-standard","has-post-thumbnail","hentry","category-apuntes","category-futbol","category-futbol-mexicano","category-solotigres","tag-uanl"],"jetpack_featured_media_url":"https:\/\/latribunera.com\/apuntes\/wp-content\/uploads\/2021\/04\/WhatsApp-Image-2021-04-12-at-12.40.15.jpeg","jetpack-related-posts":[{"id":45386,"url":"https:\/\/latribunera.com\/apuntes\/index.php\/2026\/03\/11\/santos-launa-impulsa-mejoras-en-la-infraestructura-de-tsm-y-estadio-corona\/","url_meta":{"origin":14736,"position":0},"title":"Santos Laguna impulsa mejoras en la infraestructura de TSM y Estadio Corona","author":"Jacob Alarcon","date":"11 marzo, 2026","format":false,"excerpt":"Club Santos Laguna lleva a cabo una serie de reformas y mejoras en la infraestructura de TerritorioSantos Modelo y del Estadio Corona, con el objetivo de impulsar la innovaci\u00f3n tecnol\u00f3gica, lasostenibilidad y la modernizaci\u00f3n de sus espacios.Con estas acciones, el club contin\u00faa fortaleciendo la experiencia de sus aficionados yactualizando sus\u2026","rel":"","context":"In &quot;Pasi\u00f3n Guerrera&quot;","block_context":{"text":"Pasi\u00f3n Guerrera","link":"https:\/\/latribunera.com\/apuntes\/index.php\/category\/tribus\/pasionguerrera\/"},"img":{"alt_text":"","src":"https:\/\/i0.wp.com\/latribunera.com\/apuntes\/wp-content\/uploads\/2026\/03\/Renovacion-TSM.jpg?resize=350%2C200&ssl=1","width":350,"height":200,"srcset":"https:\/\/i0.wp.com\/latribunera.com\/apuntes\/wp-content\/uploads\/2026\/03\/Renovacion-TSM.jpg?resize=350%2C200&ssl=1 1x, https:\/\/i0.wp.com\/latribunera.com\/apuntes\/wp-content\/uploads\/2026\/03\/Renovacion-TSM.jpg?resize=525%2C300&ssl=1 1.5x, https:\/\/i0.wp.com\/latribunera.com\/apuntes\/wp-content\/uploads\/2026\/03\/Renovacion-TSM.jpg?resize=700%2C400&ssl=1 2x, https:\/\/i0.wp.com\/latribunera.com\/apuntes\/wp-content\/uploads\/2026\/03\/Renovacion-TSM.jpg?resize=1050%2C600&ssl=1 3x, https:\/\/i0.wp.com\/latribunera.com\/apuntes\/wp-content\/uploads\/2026\/03\/Renovacion-TSM.jpg?resize=1400%2C800&ssl=1 4x"},"classes":[]}],"jetpack_sharing_enabled":true,"_links":{"self":[{"href":"https:\/\/latribunera.com\/apuntes\/index.php\/wp-json\/wp\/v2\/posts\/14736","targetHints":{"allow":["GET"]}}],"collection":[{"href":"https:\/\/latribunera.com\/apuntes\/index.php\/wp-json\/wp\/v2\/posts"}],"about":[{"href":"https:\/\/latribunera.com\/apuntes\/index.php\/wp-json\/wp\/v2\/types\/post"}],"author":[{"embeddable":true,"href":"https:\/\/latribunera.com\/apuntes\/index.php\/wp-json\/wp\/v2\/users\/26"}],"replies":[{"embeddable":true,"href":"https:\/\/latribunera.com\/apuntes\/index.php\/wp-json\/wp\/v2\/comments?post=14736"}],"version-history":[{"count":3,"href":"https:\/\/latribunera.com\/apuntes\/index.php\/wp-json\/wp\/v2\/posts\/14736\/revisions"}],"predecessor-version":[{"id":14744,"href":"https:\/\/latribunera.com\/apuntes\/index.php\/wp-json\/wp\/v2\/posts\/14736\/revisions\/14744"}],"wp:featuredmedia":[{"embeddable":true,"href":"https:\/\/latribunera.com\/apuntes\/index.php\/wp-json\/wp\/v2\/media\/14737"}],"wp:attachment":[{"href":"https:\/\/latribunera.com\/apuntes\/index.php\/wp-json\/wp\/v2\/media?parent=14736"}],"wp:term":[{"taxonomy":"category","embeddable":true,"href":"https:\/\/latribunera.com\/apuntes\/index.php\/wp-json\/wp\/v2\/categories?post=14736"},{"taxonomy":"post_tag","embeddable":true,"href":"https:\/\/latribunera.com\/apuntes\/index.php\/wp-json\/wp\/v2\/tags?post=14736"}],"curies":[{"name":"wp","href":"https:\/\/api.w.org\/{rel}","templated":true}]}}