{"id":15006,"date":"2021-04-17T02:24:26","date_gmt":"2021-04-17T02:24:26","guid":{"rendered":"https:\/\/latribunera.com\/apuntes\/?p=15006"},"modified":"2021-04-17T02:28:30","modified_gmt":"2021-04-17T02:28:30","slug":"informacion-importante-para-el-clasico-regio","status":"publish","type":"post","link":"https:\/\/latribunera.com\/apuntes\/index.php\/2021\/04\/17\/informacion-importante-para-el-clasico-regio\/","title":{"rendered":"\u00bfQU\u00c9 HACER PARA IR AL CL\u00c1SICO REGIO?"},"content":{"rendered":"<p><script async=\"\" src=\"https:\/\/pagead2.googlesyndication.com\/pagead\/js\/adsbygoogle.js\"><\/script><br \/>\n<!-- PC 728x90 --><br \/>\n<ins class=\"adsbygoogle\" style=\"display:inline-block;width:728px;height:90px\" data-ad-client=\"ca-pub-9427576701762839\" data-ad-slot=\"1011393878\"><\/ins><br \/>\n<script>\n(adsbygoogle = window.adsbygoogle || []).push({});\n<\/script><\/p>\n\n\n\n<p>Por Alejandro Mart\u00ednez \/ @alexmtz8603<\/p>\n\n\n\n<p><strong>Viernes de\ncomunicados\u2026 <\/strong><\/p>\n\n\n\n<p><strong>Ojo a la afici\u00f3n\nde Tigres que quiera ir al Cl\u00e1sico Regio 125<\/strong><\/p>\n\n\n\n<p><strong>\u00a1Aqu\u00ed el\ncomunicado completo!<\/strong><\/p>\n\n\n\n<p><strong>Reposici\u00f3n de abonos<\/strong><\/p>\n\n\n\n<p>SAN NICOL\u00c1S\nDE LOS GARZA, N. L. | 16 de abril de 2021.- A todos nuestros abonados les informamos\nque para el siguiente partido de local a realizarse en el Estadio\nUniversitario, correspondiente al Cl\u00e1sico Regiomontano, el ingreso al Volc\u00e1n se\nhar\u00e1 con el abono y no con boleto electr\u00f3nico.<\/p>\n\n\n\n<p>Por ello,\nes necesario contar con tu abono, y si por alguna raz\u00f3n no lo tienes, ya sea\nporque lo extraviaste o por alguna otra situaci\u00f3n, siempre y cuando no sea\nporque se te retir\u00f3 por mal uso, puedes acudir del s\u00e1bado 17 al lunes 19 de\nabril a taquillas del Estadio de 9:00 A. M. a 6:00 P. M. para tramitar tu reposici\u00f3n\ncon costo.<\/p>\n\n\n\n<p>Queremos verte en el Uni para disfrutar de la casa m\u00e1s pasional del futbol mexicano. Sigue pendiente de nuestras redes para que actives tu abono en la fecha que te indiquemos.<\/p>\n\n\n<p><script async=\"\" src=\"https:\/\/pagead2.googlesyndication.com\/pagead\/js\/adsbygoogle.js\"><\/script><br \/>\n<!-- PC 728x90 --><br \/>\n<ins class=\"adsbygoogle\" style=\"display:inline-block;width:728px;height:90px\" data-ad-client=\"ca-pub-9427576701762839\" data-ad-slot=\"1011393878\"><\/ins><br \/>\n<script>\n(adsbygoogle = window.adsbygoogle || []).push({});\n<\/script><\/p>\n\n\n\n<p><strong>PAPELER\u00cdA\nREQUERIDA<\/strong><\/p>\n\n\n\n<p>\u2013 La reposici\u00f3n s\u00f3lo podr\u00e1 solicitarla el titular del\nabono con su ID<\/p>\n\n\n\n<p>\u2013 En caso de no poder asistir, se deber\u00e1 presentar\ncarta poder donde se autorice la reposici\u00f3n, anexando copia del ID del titular<\/p>\n\n\n\n<p>\u2013 Carta de solicitud de reposici\u00f3n firmada por el\ntitular, especificando c\u00f3digo, lugar, fila y asiento.<\/p>\n\n\n\n<p>\u2013 Si es tr\u00e1mite empresarial, carta con membrete de la\nempresa, firmada y sellada con el n\u00famero de c\u00f3digo, lugar, fila y asiento<\/p>\n\n\n\n<p><strong>PARA\nRESOLVER DUDAS<\/strong><\/p>\n\n\n\n<p>\u2013 Tel\u00e9fono estadio: 818 158 6450, Extensiones 221,\n225, 239, 244, 260, 261, 276, 278, 290 y 307<\/p>\n\n\n\n<p>\u2013 WhatsApp: 811 555 6779<\/p>\n\n\n\n<p>\u2013 Mail: atencion@tigres.com.mx<\/p>\n\n\n<p><script async=\"\" src=\"https:\/\/pagead2.googlesyndication.com\/pagead\/js\/adsbygoogle.js\"><\/script><br \/>\n<!-- PC 728x90 --><br \/>\n<ins class=\"adsbygoogle\" style=\"display:inline-block;width:728px;height:90px\" data-ad-client=\"ca-pub-9427576701762839\" data-ad-slot=\"1011393878\"><\/ins><br \/>\n<script>\n(adsbygoogle = window.adsbygoogle || []).push({});\n<\/script><\/p>\n\n\n","protected":false},"excerpt":{"rendered":"<p>Por Alejandro Mart\u00ednez \/ @alexmtz8603 Viernes de comunicados\u2026 Ojo a la afici\u00f3n de Tigres que quiera ir al Cl\u00e1sico Regio 125 \u00a1Aqu\u00ed el comunicado completo! Reposici\u00f3n de abonos SAN NICOL\u00c1S DE LOS GARZA, N. L. | 16 de abril de 2021.- A todos nuestros abonados les informamos que para el siguiente partido de local a&#8230; <\/p>\n<div class=\"clear\"><\/div>\n<p><a href=\"https:\/\/latribunera.com\/apuntes\/index.php\/2021\/04\/17\/informacion-importante-para-el-clasico-regio\/\" class=\"excerpt-read-more\">Read More<i class=\"fa fa-caret-right icon-caret-right\"><\/i><\/a><\/p>\n","protected":false},"author":7,"featured_media":15007,"comment_status":"open","ping_status":"open","sticky":false,"template":"","format":"standard","meta":{"_jetpack_memberships_contains_paid_content":false,"footnotes":""},"categories":[231,3,2,278],"tags":[234,6,102],"class_list":["post-15006","post","type-post","status-publish","format-standard","has-post-thumbnail","hentry","category-apuntes","category-futbol","category-futbol-mexicano","category-solotigres","tag-clasico-regio","tag-rayados","tag-tigres"],"jetpack_featured_media_url":"https:\/\/latribunera.com\/apuntes\/wp-content\/uploads\/2021\/04\/TIGRES-1.jpg","jetpack-related-posts":[],"jetpack_sharing_enabled":true,"_links":{"self":[{"href":"https:\/\/latribunera.com\/apuntes\/index.php\/wp-json\/wp\/v2\/posts\/15006","targetHints":{"allow":["GET"]}}],"collection":[{"href":"https:\/\/latribunera.com\/apuntes\/index.php\/wp-json\/wp\/v2\/posts"}],"about":[{"href":"https:\/\/latribunera.com\/apuntes\/index.php\/wp-json\/wp\/v2\/types\/post"}],"author":[{"embeddable":true,"href":"https:\/\/latribunera.com\/apuntes\/index.php\/wp-json\/wp\/v2\/users\/7"}],"replies":[{"embeddable":true,"href":"https:\/\/latribunera.com\/apuntes\/index.php\/wp-json\/wp\/v2\/comments?post=15006"}],"version-history":[{"count":3,"href":"https:\/\/latribunera.com\/apuntes\/index.php\/wp-json\/wp\/v2\/posts\/15006\/revisions"}],"predecessor-version":[{"id":15010,"href":"https:\/\/latribunera.com\/apuntes\/index.php\/wp-json\/wp\/v2\/posts\/15006\/revisions\/15010"}],"wp:featuredmedia":[{"embeddable":true,"href":"https:\/\/latribunera.com\/apuntes\/index.php\/wp-json\/wp\/v2\/media\/15007"}],"wp:attachment":[{"href":"https:\/\/latribunera.com\/apuntes\/index.php\/wp-json\/wp\/v2\/media?parent=15006"}],"wp:term":[{"taxonomy":"category","embeddable":true,"href":"https:\/\/latribunera.com\/apuntes\/index.php\/wp-json\/wp\/v2\/categories?post=15006"},{"taxonomy":"post_tag","embeddable":true,"href":"https:\/\/latribunera.com\/apuntes\/index.php\/wp-json\/wp\/v2\/tags?post=15006"}],"curies":[{"name":"wp","href":"https:\/\/api.w.org\/{rel}","templated":true}]}}