{"id":15098,"date":"2021-04-19T19:38:12","date_gmt":"2021-04-19T19:38:12","guid":{"rendered":"https:\/\/latribunera.com\/apuntes\/?p=15098"},"modified":"2021-04-19T19:38:15","modified_gmt":"2021-04-19T19:38:15","slug":"la-premonicion-de-ferretti-gignac-y-charly-se-destaparan-en-el-clasico","status":"publish","type":"post","link":"https:\/\/latribunera.com\/apuntes\/index.php\/2021\/04\/19\/la-premonicion-de-ferretti-gignac-y-charly-se-destaparan-en-el-clasico\/","title":{"rendered":"La premonici\u00f3n de Ferretti: Gignac y Charly se destapar\u00e1n en el Cl\u00e1sico"},"content":{"rendered":"<p><script async src=\"https:\/\/pagead2.googlesyndication.com\/pagead\/js\/adsbygoogle.js\"><\/script><br \/>\n<!-- PC 728x90 --><br \/>\n<ins class=\"adsbygoogle\"\nstyle=\"display:inline-block;width:728px;height:90px\"\ndata-ad-client=\"ca-pub-9427576701762839\"\ndata-ad-slot=\"1011393878\"><\/ins><br \/>\n<script>\n(adsbygoogle = window.adsbygoogle || []).push({});\n<\/script><\/p>\n\n\n\n<p>Por\nVenustiano Carranza<\/p>\n\n\n\n<p>La previa\ndel Cl\u00e1sico Regio 125, Ricardo Ferretti la est\u00e1 pasando en grande\u2026<\/p>\n\n\n\n<p>Cit\u00f3 a los\nmedios para conferencia, eso s\u00ed todos, con su hojita libres de Covid, es m\u00e1s\nhasta permiti\u00f3 a los comunicadores preguntar dos veces.<\/p>\n\n\n\n<p>Ning\u00fan tema le inc\u00f3modo y hasta cuando se le pregunt\u00f3 por la sequ\u00eda de sus goleadores -Gignac 2 goles en 12 juegos y Charly Gonz\u00e1lez, quien lleva 3 tantos en 13 juegos- sali\u00f3 en defensa de ellos.<\/p>\n\n\n<p><script async src=\"https:\/\/pagead2.googlesyndication.com\/pagead\/js\/adsbygoogle.js\"><\/script><br \/>\n<!-- PC 728x90 --><br \/>\n<ins class=\"adsbygoogle\"\nstyle=\"display:inline-block;width:728px;height:90px\"\ndata-ad-client=\"ca-pub-9427576701762839\"\ndata-ad-slot=\"1011393878\"><\/ins><br \/>\n<script>\n(adsbygoogle = window.adsbygoogle || []).push({});\n<\/script><\/p>\n\n\n\n<p>\u201cNo me\npreocupa porque son goleadores comprobados, no han hecho goles en equis\ncantidad de partidos, pero el sello y la capacidad de ellos no se les quita.<\/p>\n\n\n\n<p>\u201cMe\npreocupa propiciar m\u00e1s oportunidades de gol para que ellos puedan anotar gol, Carlos\ny Andr\u00e9 no anotan y solo se les critica a ellos, si hablamos que es un f\u00fatbol\nen conjunto tenemos que integrar a los once\u201d, dijo.<\/p>\n\n\n\n<p>\u201cTenemos que analizar el todo del porque no se est\u00e1 anotando y para mi estoy s\u00faper confiado y ojal\u00e1 sea el pr\u00f3ximo partido, es excelente, imag\u00ednense, pasaron 5 o 6 partido sin anotar y que se destapen contra Rayados que padre. Ah\u00ed cuando dir\u00e1n &#8220;se guardaron todos los goles para anotar\u2019, ojal\u00e1, pero concretamente no es una cosa que me quite el sue\u00f1o, son comprobados y son excelentes jugadores goleadores, para mi quiero que jueguen mejor f\u00fatbol, el equipo que tenga mejor actuaci\u00f3n y estoy seguro que con eso vendr\u00e1n los triunfos y vendr\u00e1n los goles\u201d, agreg\u00f3.<\/p>\n\n\n<p><script async src=\"https:\/\/pagead2.googlesyndication.com\/pagead\/js\/adsbygoogle.js\"><\/script><br \/>\n<!-- PC 728x90 --><br \/>\n<ins class=\"adsbygoogle\"\nstyle=\"display:inline-block;width:728px;height:90px\"\ndata-ad-client=\"ca-pub-9427576701762839\"\ndata-ad-slot=\"1011393878\"><\/ins><br \/>\n<script>\n(adsbygoogle = window.adsbygoogle || []).push({});\n<\/script><\/p>\n\n\n\n<figure class=\"wp-block-embed-youtube wp-block-embed is-type-video is-provider-youtube wp-embed-aspect-16-9 wp-has-aspect-ratio\"><div class=\"wp-block-embed__wrapper\">\n<iframe loading=\"lazy\" title=\"Gignac - Charly F\u00fatbol | Review Jersey 122 goles, m\u00e1ximo goleador f\u00fatbol regio\" width=\"960\" height=\"540\" src=\"https:\/\/www.youtube.com\/embed\/hn-55H1MOxA?feature=oembed\" frameborder=\"0\" allow=\"accelerometer; autoplay; clipboard-write; encrypted-media; gyroscope; picture-in-picture\" allowfullscreen><\/iframe>\n<\/div><\/figure>\n","protected":false},"excerpt":{"rendered":"<p>Por Venustiano Carranza La previa del Cl\u00e1sico Regio 125, Ricardo Ferretti la est\u00e1 pasando en grande\u2026 Cit\u00f3 a los medios para conferencia, eso s\u00ed todos, con su hojita libres de Covid, es m\u00e1s hasta permiti\u00f3 a los comunicadores preguntar dos veces. Ning\u00fan tema le inc\u00f3modo y hasta cuando se le pregunt\u00f3 por la sequ\u00eda de&#8230; <\/p>\n<div class=\"clear\"><\/div>\n<p><a href=\"https:\/\/latribunera.com\/apuntes\/index.php\/2021\/04\/19\/la-premonicion-de-ferretti-gignac-y-charly-se-destaparan-en-el-clasico\/\" class=\"excerpt-read-more\">Read More<i class=\"fa fa-caret-right icon-caret-right\"><\/i><\/a><\/p>\n","protected":false},"author":26,"featured_media":15099,"comment_status":"open","ping_status":"open","sticky":false,"template":"","format":"standard","meta":{"_jetpack_memberships_contains_paid_content":false,"footnotes":""},"categories":[231,3,2,278],"tags":[299,74,102,332],"class_list":["post-15098","post","type-post","status-publish","format-standard","has-post-thumbnail","hentry","category-apuntes","category-futbol","category-futbol-mexicano","category-solotigres","tag-gignac","tag-liga-mx","tag-tigres","tag-tuca"],"jetpack_featured_media_url":"https:\/\/latribunera.com\/apuntes\/wp-content\/uploads\/2021\/04\/image121212100001.jpeg","jetpack-related-posts":[],"jetpack_sharing_enabled":true,"_links":{"self":[{"href":"https:\/\/latribunera.com\/apuntes\/index.php\/wp-json\/wp\/v2\/posts\/15098","targetHints":{"allow":["GET"]}}],"collection":[{"href":"https:\/\/latribunera.com\/apuntes\/index.php\/wp-json\/wp\/v2\/posts"}],"about":[{"href":"https:\/\/latribunera.com\/apuntes\/index.php\/wp-json\/wp\/v2\/types\/post"}],"author":[{"embeddable":true,"href":"https:\/\/latribunera.com\/apuntes\/index.php\/wp-json\/wp\/v2\/users\/26"}],"replies":[{"embeddable":true,"href":"https:\/\/latribunera.com\/apuntes\/index.php\/wp-json\/wp\/v2\/comments?post=15098"}],"version-history":[{"count":2,"href":"https:\/\/latribunera.com\/apuntes\/index.php\/wp-json\/wp\/v2\/posts\/15098\/revisions"}],"predecessor-version":[{"id":15101,"href":"https:\/\/latribunera.com\/apuntes\/index.php\/wp-json\/wp\/v2\/posts\/15098\/revisions\/15101"}],"wp:featuredmedia":[{"embeddable":true,"href":"https:\/\/latribunera.com\/apuntes\/index.php\/wp-json\/wp\/v2\/media\/15099"}],"wp:attachment":[{"href":"https:\/\/latribunera.com\/apuntes\/index.php\/wp-json\/wp\/v2\/media?parent=15098"}],"wp:term":[{"taxonomy":"category","embeddable":true,"href":"https:\/\/latribunera.com\/apuntes\/index.php\/wp-json\/wp\/v2\/categories?post=15098"},{"taxonomy":"post_tag","embeddable":true,"href":"https:\/\/latribunera.com\/apuntes\/index.php\/wp-json\/wp\/v2\/tags?post=15098"}],"curies":[{"name":"wp","href":"https:\/\/api.w.org\/{rel}","templated":true}]}}