{"id":15106,"date":"2021-04-19T21:07:22","date_gmt":"2021-04-19T21:07:22","guid":{"rendered":"https:\/\/latribunera.com\/apuntes\/?p=15106"},"modified":"2021-04-19T21:07:25","modified_gmt":"2021-04-19T21:07:25","slug":"desde-la-grada-crisis-en-el-paraiso","status":"publish","type":"post","link":"https:\/\/latribunera.com\/apuntes\/index.php\/2021\/04\/19\/desde-la-grada-crisis-en-el-paraiso\/","title":{"rendered":"Desde la grada: Crisis en el para\u00edso"},"content":{"rendered":"<p><script async src=\"https:\/\/pagead2.googlesyndication.com\/pagead\/js\/adsbygoogle.js\"><\/script><br \/>\n<!-- PC 728x90 --><br \/>\n<ins class=\"adsbygoogle\"\nstyle=\"display:inline-block;width:728px;height:90px\"\ndata-ad-client=\"ca-pub-9427576701762839\"\ndata-ad-slot=\"1011393878\"><\/ins><br \/>\n<script>\n(adsbygoogle = window.adsbygoogle || []).push({});\n<\/script><\/p>\n\n\n\n<p>Por Adriana\nEspinosa \/ Twitter @espinosa_2507<\/p>\n\n\n\n<p>Este fin de\nsemana &#8211; con mucha informaci\u00f3n a\u00fan en el aire -, se ha dado a conocer la\ncreaci\u00f3n de una nueva liga en Europa \u2013 ya saben cu\u00e1l \u2013, por lo que debemos\nhablar de c\u00f3mo este exclusivo torneo podr\u00eda afectar el desarrollo del futbol\nfemenil.<\/p>\n\n\n\n<p>Al otro\nlado del mundo, el pasado domingo, diferentes clubes europeos han confirmado la\ncreaci\u00f3n de la Superliga, torneo en el que \u2013 a 19 de abril \u2013 se ha confirmado\nla participaci\u00f3n de doce equipos. Dicha liga, de la que Florentino P\u00e9rez ser\u00e1\npresidente, pretende dar inicio en agosto, \u00fanicamente entre equipos de la rama\nvaronil. Sin embargo, ser\u00e1 fundamental hablar de su impacto en el futbol\nfemenino, sobre todo cuando clubes como Barcelona, Atl\u00e9tico de Madrid,\nManchester United y Chelsea participar\u00e1n en esta nueva competici\u00f3n.<\/p>\n\n\n\n<p>Queda claro\nque la intenci\u00f3n de la Superliga es la de seguir lucrando con la pelota para\nincrementar el capital de ciertos equipos, no obstante, esto no asegura una\nmayor inversi\u00f3n en las futbolistas. Por supuesto, la brecha econ\u00f3mica se ver\u00e1\nreflejada en el campo, donde unos podr\u00e1n invertir m\u00e1s que otros, situaci\u00f3n que\nverdaderamente puede afectar el crecimiento del futbol femenil. <\/p>\n\n\n\n<p>Si\nactualmente la disparidad entre equipos femeninos es notoria, pongamos por\nejemplo al Chelsea y al Leicester \u2013 reci\u00e9n ascendido a la Barclays FA WSL \u2013, la\ndiferencia entre ambos ser\u00e1 mayor cuando solo uno de \u00e9stos se vea beneficiado\npor un mercado \u00e9lite.<\/p>\n\n\n\n<p>Asimismo, se han confirmado las sanciones que UEFA y FIFA pretende aplicar a jugadores y clubes que participen en la Superliga, entre las que destaca la exclusi\u00f3n de competiciones como la Champions, la Eurocopa y el Mundial. Al respecto, si la Superliga llega a disputarse entre equipos de la rama femenil, tal y como se pretende a mediano plazo, dichas sanciones significar\u00edan un retroceso para una rama del deporte a la que, si algo le falta, son partidos.<\/p>\n\n\n<p><script async src=\"https:\/\/pagead2.googlesyndication.com\/pagead\/js\/adsbygoogle.js\"><\/script><br \/>\n<!-- PC 728x90 --><br \/>\n<ins class=\"adsbygoogle\"\nstyle=\"display:inline-block;width:728px;height:90px\"\ndata-ad-client=\"ca-pub-9427576701762839\"\ndata-ad-slot=\"1011393878\"><\/ins><br \/>\n<script>\n(adsbygoogle = window.adsbygoogle || []).push({});\n<\/script><\/p>\n\n\n\n<p>En un\nescenario hipot\u00e9tico, llegado al punto de una Superliga Femenina, obedeciendo a\nla suspensi\u00f3n de futbolistas y equipos, no podr\u00edan participar de la UWCL clubes\ncomo el Arsenal, Manchester City, Barcelona o Atleti. Adem\u00e1s, potencias como\nPa\u00edses Bajos, Suecia e Inglaterra, perder\u00edan un n\u00famero importante de futbolista\npor jugar en esta la Superliga. <\/p>\n\n\n\n<p>Nombres\ncomo los de Vivianne Miedema (Arsenal), Pernille Harder (Chelsea), Alexia\nPutellas (Bar\u00e7a) o Sofia Jakobsson (Real Madrid) tendr\u00edan que tacharse en la\nlista de convocadas. Jugadoras de un nivel futbol\u00edstico superior, que ayudan a\nla promoci\u00f3n y comercializaci\u00f3n del futbol femenil, traduciendo su ausencia en\nuna p\u00e9rdida a nivel deportivo y econ\u00f3mico.<\/p>\n\n\n\n<p>Pensemos\nque, hoy en d\u00eda, la distancia entre presupuestos, salarios y fichajes es\namplia, por lo que, una Superliga Femenina solo conseguir\u00eda que un grupo\nselecto de futbolistas creciera, mientras el resto continuar\u00eda padeciendo de\ndeficiencias importantes. Competiciones como la UWCL y la Copa del Mundo se\nver\u00edan afectadas en su competitividad pues, la ausencia de equipos y\nfutbolistas, implicar\u00eda una dura p\u00e9rdida de talento individual y colectivo.<\/p>\n\n\n\n<p>Adem\u00e1s, La\nLiga y la Serie A se han planteado la posibilidad \u2013 repito: posibilidad \u2013 de\nexcluir tambi\u00e9n de los torneos locales a los doce equipos fundadores de la\nSuperliga. Esto como consecuencia de la gran &#8211; enorme, en realidad \u2013 diferencia\nde presupuestos que tendr\u00edan entre equipos. Una decisi\u00f3n que, aunque se\ndesconoce, podr\u00eda trasladarse a los torneos femeninos una vez la Superliga\nFemenina se materialice. En consecuencia, no solo las ligas perder\u00edan talento,\nsino tambi\u00e9n, las futbolistas de estos doce clubes, ver\u00edan reducido\nconsiderablemente su n\u00famero de partidos.<\/p>\n\n\n\n<p>Quiz\u00e1, esta sea la realidad de nuestro deporte desde hace a\u00f1os, pero este nuevo torneo nos ha hecho m\u00e1s conscientes, dilucidando todo lo se ha de perder a causa de la ambici\u00f3n financiera. Reducci\u00f3n de calendarios, competiciones e inversiones, dejar\u00eda al futbol femenil donde, desafortunadamente, se encontraba no hace mucho. <\/p>\n\n\n\n<p>Es verdad\nque el futbol naci\u00f3 como un deporte de \u00e9lite, que desde hace mucho es un\nnegocio del que millones de personas dependen, pero tambi\u00e9n se ha convertido en\nun fen\u00f3meno social, de lucha, de cambio, por lo que \u2013 a consideraci\u00f3n de quien\nescribe \u2013 la Superliga supone un momento c\u00faspide. <\/p>\n\n\n\n<p>Es justo ahora cuando clubes, futbolistas y aficionados, debemos tomar una decisi\u00f3n sobre la direcci\u00f3n que queremos seguir, sobre lo que el futbol debe representar, sobre a qui\u00e9n le pertenece el bal\u00f3n.<\/p>\n\n\n<p><script async src=\"https:\/\/pagead2.googlesyndication.com\/pagead\/js\/adsbygoogle.js\"><\/script><br \/>\n<!-- PC 728x90 --><br \/>\n<ins class=\"adsbygoogle\"\nstyle=\"display:inline-block;width:728px;height:90px\"\ndata-ad-client=\"ca-pub-9427576701762839\"\ndata-ad-slot=\"1011393878\"><\/ins><br \/>\n<script>\n(adsbygoogle = window.adsbygoogle || []).push({});\n<\/script><\/p>\n","protected":false},"excerpt":{"rendered":"<p>Por Adriana Espinosa \/ Twitter @espinosa_2507 Este fin de semana &#8211; con mucha informaci\u00f3n a\u00fan en el aire -, se ha dado a conocer la creaci\u00f3n de una nueva liga en Europa \u2013 ya saben cu\u00e1l \u2013, por lo que debemos hablar de c\u00f3mo este exclusivo torneo podr\u00eda afectar el desarrollo del futbol femenil. Al&#8230; <\/p>\n<div class=\"clear\"><\/div>\n<p><a href=\"https:\/\/latribunera.com\/apuntes\/index.php\/2021\/04\/19\/desde-la-grada-crisis-en-el-paraiso\/\" class=\"excerpt-read-more\">Read More<i class=\"fa fa-caret-right icon-caret-right\"><\/i><\/a><\/p>\n","protected":false},"author":17,"featured_media":15107,"comment_status":"open","ping_status":"open","sticky":false,"template":"","format":"standard","meta":{"_jetpack_memberships_contains_paid_content":false,"footnotes":""},"categories":[231,64,281],"tags":[384],"class_list":["post-15106","post","type-post","status-publish","format-standard","has-post-thumbnail","hentry","category-apuntes","category-futbol-mexicano-femenil","category-mujerfutbol","tag-futbol-femenil"],"jetpack_featured_media_url":"https:\/\/latribunera.com\/apuntes\/wp-content\/uploads\/2021\/04\/WhatsApp-Image-2021-04-19-at-14.20.18-1.jpeg","jetpack-related-posts":[{"id":45429,"url":"https:\/\/latribunera.com\/apuntes\/index.php\/2026\/05\/19\/club-santos-laguna-anuncia-a-renato-paiva-como-director-tecnico-de-los-guerreros\/","url_meta":{"origin":15106,"position":0},"title":"Club Santos Laguna anuncia a Renato Paiva como director t\u00e9cnico de los Guerreros","author":"Jacob Alarcon","date":"19 mayo, 2026","format":false,"excerpt":"Club Santos Laguna informa la contrataci\u00f3n de Renato Manuel Alves Paiva como Director T\u00e9cnico del Primer Equipo de los Guerreros. La incorporaci\u00f3n del estratega portugu\u00e9s forma parte de la reestructura deportiva que vive la instituci\u00f3n santista, enfocada en impulsar un cambio de fondo que permita fortalecer su metodolog\u00eda de trabajo\u2026","rel":"","context":"In &quot;Pasi\u00f3n Guerrera&quot;","block_context":{"text":"Pasi\u00f3n Guerrera","link":"https:\/\/latribunera.com\/apuntes\/index.php\/category\/tribus\/pasionguerrera\/"},"img":{"alt_text":"","src":"https:\/\/i0.wp.com\/latribunera.com\/apuntes\/wp-content\/uploads\/2026\/05\/b5856b03-d2a7-4e72-95af-09fe86011ed5.jpg?resize=350%2C200&ssl=1","width":350,"height":200,"srcset":"https:\/\/i0.wp.com\/latribunera.com\/apuntes\/wp-content\/uploads\/2026\/05\/b5856b03-d2a7-4e72-95af-09fe86011ed5.jpg?resize=350%2C200&ssl=1 1x, https:\/\/i0.wp.com\/latribunera.com\/apuntes\/wp-content\/uploads\/2026\/05\/b5856b03-d2a7-4e72-95af-09fe86011ed5.jpg?resize=525%2C300&ssl=1 1.5x, https:\/\/i0.wp.com\/latribunera.com\/apuntes\/wp-content\/uploads\/2026\/05\/b5856b03-d2a7-4e72-95af-09fe86011ed5.jpg?resize=700%2C400&ssl=1 2x, https:\/\/i0.wp.com\/latribunera.com\/apuntes\/wp-content\/uploads\/2026\/05\/b5856b03-d2a7-4e72-95af-09fe86011ed5.jpg?resize=1050%2C600&ssl=1 3x, https:\/\/i0.wp.com\/latribunera.com\/apuntes\/wp-content\/uploads\/2026\/05\/b5856b03-d2a7-4e72-95af-09fe86011ed5.jpg?resize=1400%2C800&ssl=1 4x"},"classes":[]},{"id":45502,"url":"https:\/\/latribunera.com\/apuntes\/index.php\/2026\/08\/25\/el-corona-se-prepara-para-una-noche-especial-ante-tigres\/","url_meta":{"origin":15106,"position":1},"title":"El Corona se prepara para una noche especial ante Tigres","author":"Staff","date":"25 agosto, 2026","format":false,"excerpt":"Un nuevo duelo en el Estadio Corona est\u00e1 cada vez m\u00e1s cerca y la afici\u00f3n santista se prepara para vivir una noche llena de emociones. Los Guerreros recibir\u00e1n a Tigres este s\u00e1bado 29 de agosto a las 21:10 horas, en partido correspondiente a la jornada 6 del Torneo Apertura 2026.\u2026","rel":"","context":"In &quot;Pasi\u00f3n Guerrera&quot;","block_context":{"text":"Pasi\u00f3n Guerrera","link":"https:\/\/latribunera.com\/apuntes\/index.php\/category\/tribus\/pasionguerrera\/"},"img":{"alt_text":"","src":"https:\/\/i0.wp.com\/latribunera.com\/apuntes\/wp-content\/uploads\/2026\/08\/Drones-TSM.jpg?resize=350%2C200&ssl=1","width":350,"height":200,"srcset":"https:\/\/i0.wp.com\/latribunera.com\/apuntes\/wp-content\/uploads\/2026\/08\/Drones-TSM.jpg?resize=350%2C200&ssl=1 1x, https:\/\/i0.wp.com\/latribunera.com\/apuntes\/wp-content\/uploads\/2026\/08\/Drones-TSM.jpg?resize=525%2C300&ssl=1 1.5x, https:\/\/i0.wp.com\/latribunera.com\/apuntes\/wp-content\/uploads\/2026\/08\/Drones-TSM.jpg?resize=700%2C400&ssl=1 2x, https:\/\/i0.wp.com\/latribunera.com\/apuntes\/wp-content\/uploads\/2026\/08\/Drones-TSM.jpg?resize=1050%2C600&ssl=1 3x, https:\/\/i0.wp.com\/latribunera.com\/apuntes\/wp-content\/uploads\/2026\/08\/Drones-TSM.jpg?resize=1400%2C800&ssl=1 4x"},"classes":[]},{"id":45450,"url":"https:\/\/latribunera.com\/apuntes\/index.php\/2026\/07\/02\/santos-laguna-recibira-america-de-cali-historico-del-futbol-sudamericano-en-el-estadio-corona\/","url_meta":{"origin":15106,"position":2},"title":"Santos Laguna recibir\u00e1 Am\u00e9rica de Cali hist\u00f3rico del futbol sudamericano, en el Estadio Corona.","author":"Jacob Alarcon","date":"2 julio, 2026","format":false,"excerpt":"El encuentro se disputar\u00e1 el jueves 9 de julio y representar\u00e1 el regreso de un partido de preparaci\u00f3n ante un rival internacional en el Estadio Corona, previo al inicio del Torneo Apertura 2026. \u2022 Los boletos estar\u00e1n disponibles en $100 y $150 pesos. \u2022 Los Abonados Guerrero Total ingresar\u00e1n sin\u2026","rel":"","context":"In &quot;Sin categor\u00eda&quot;","block_context":{"text":"Sin categor\u00eda","link":"https:\/\/latribunera.com\/apuntes\/index.php\/category\/sin-categoria\/"},"img":{"alt_text":"","src":"https:\/\/i0.wp.com\/latribunera.com\/apuntes\/wp-content\/uploads\/2026\/07\/Santos-vs-America-de-Cali.jpg?resize=350%2C200&ssl=1","width":350,"height":200,"srcset":"https:\/\/i0.wp.com\/latribunera.com\/apuntes\/wp-content\/uploads\/2026\/07\/Santos-vs-America-de-Cali.jpg?resize=350%2C200&ssl=1 1x, https:\/\/i0.wp.com\/latribunera.com\/apuntes\/wp-content\/uploads\/2026\/07\/Santos-vs-America-de-Cali.jpg?resize=525%2C300&ssl=1 1.5x, https:\/\/i0.wp.com\/latribunera.com\/apuntes\/wp-content\/uploads\/2026\/07\/Santos-vs-America-de-Cali.jpg?resize=700%2C400&ssl=1 2x, https:\/\/i0.wp.com\/latribunera.com\/apuntes\/wp-content\/uploads\/2026\/07\/Santos-vs-America-de-Cali.jpg?resize=1050%2C600&ssl=1 3x, https:\/\/i0.wp.com\/latribunera.com\/apuntes\/wp-content\/uploads\/2026\/07\/Santos-vs-America-de-Cali.jpg?resize=1400%2C800&ssl=1 4x"},"classes":[]},{"id":45421,"url":"https:\/\/latribunera.com\/apuntes\/index.php\/2026\/04\/16\/todo-listo-para-la-14va-edicion-de-la-copa-internacional-santos-penoles\/","url_meta":{"origin":15106,"position":3},"title":"Todo listo para la 14va edici\u00f3n de la Copa Internacional Santos Pe\u00f1oles","author":"Jacob Alarcon","date":"16 abril, 2026","format":false,"excerpt":"Este jueves, en el Auditorio Orlegi de Territorio Santos Modelo, se llev\u00f3 a cabo la presentaci\u00f3noficial de la edici\u00f3n 2026 de la Copa Internacional Santos Pe\u00f1oles, torneo que se ha consolidadocomo uno de los m\u00e1s importantes a nivel infantil y juvenil en M\u00e9xico. Adem\u00e1s de brindar una competencia deportiva de\u2026","rel":"","context":"In &quot;Sin categor\u00eda&quot;","block_context":{"text":"Sin categor\u00eda","link":"https:\/\/latribunera.com\/apuntes\/index.php\/category\/sin-categoria\/"},"img":{"alt_text":"","src":"https:\/\/i0.wp.com\/latribunera.com\/apuntes\/wp-content\/uploads\/2026\/04\/Presentacion-Copa-Santos-Penoles.jpg?resize=350%2C200&ssl=1","width":350,"height":200,"srcset":"https:\/\/i0.wp.com\/latribunera.com\/apuntes\/wp-content\/uploads\/2026\/04\/Presentacion-Copa-Santos-Penoles.jpg?resize=350%2C200&ssl=1 1x, https:\/\/i0.wp.com\/latribunera.com\/apuntes\/wp-content\/uploads\/2026\/04\/Presentacion-Copa-Santos-Penoles.jpg?resize=525%2C300&ssl=1 1.5x, https:\/\/i0.wp.com\/latribunera.com\/apuntes\/wp-content\/uploads\/2026\/04\/Presentacion-Copa-Santos-Penoles.jpg?resize=700%2C400&ssl=1 2x, https:\/\/i0.wp.com\/latribunera.com\/apuntes\/wp-content\/uploads\/2026\/04\/Presentacion-Copa-Santos-Penoles.jpg?resize=1050%2C600&ssl=1 3x, https:\/\/i0.wp.com\/latribunera.com\/apuntes\/wp-content\/uploads\/2026\/04\/Presentacion-Copa-Santos-Penoles.jpg?resize=1400%2C800&ssl=1 4x"},"classes":[]},{"id":45468,"url":"https:\/\/latribunera.com\/apuntes\/index.php\/2026\/08\/05\/guerreros-de-corazon-celebra-19-anos-de-ganar-sirviendo\/","url_meta":{"origin":15106,"position":4},"title":"Guerreros de Coraz\u00f3n celebra 19 A\u00f1os de GANAR SIRVIENDO","author":"Staff","date":"5 agosto, 2026","format":false,"excerpt":"Desde 2007, el programa de responsabilidad social de Club Santos Laguna ha impulsado m\u00e1s de 1,200 iniciativas en beneficio de la comunidad, sumando a jugadores, colaboradores, aficionados, patrocinadores y aliados. Hoy, Club Santos Laguna celebra el 19\u00b0 aniversario de Guerreros de Coraz\u00f3n, su programa de responsabilidad social, que desde 2007\u2026","rel":"","context":"In &quot;Ganar Sirviendo&quot;","block_context":{"text":"Ganar Sirviendo","link":"https:\/\/latribunera.com\/apuntes\/index.php\/category\/futbol\/futbol-mexicano\/ganar-sirviendo\/"},"img":{"alt_text":"","src":"https:\/\/i0.wp.com\/latribunera.com\/apuntes\/wp-content\/uploads\/2026\/08\/Laura-Irarragorri-Kalb.jpg?resize=350%2C200&ssl=1","width":350,"height":200,"srcset":"https:\/\/i0.wp.com\/latribunera.com\/apuntes\/wp-content\/uploads\/2026\/08\/Laura-Irarragorri-Kalb.jpg?resize=350%2C200&ssl=1 1x, https:\/\/i0.wp.com\/latribunera.com\/apuntes\/wp-content\/uploads\/2026\/08\/Laura-Irarragorri-Kalb.jpg?resize=525%2C300&ssl=1 1.5x, https:\/\/i0.wp.com\/latribunera.com\/apuntes\/wp-content\/uploads\/2026\/08\/Laura-Irarragorri-Kalb.jpg?resize=700%2C400&ssl=1 2x, https:\/\/i0.wp.com\/latribunera.com\/apuntes\/wp-content\/uploads\/2026\/08\/Laura-Irarragorri-Kalb.jpg?resize=1050%2C600&ssl=1 3x, https:\/\/i0.wp.com\/latribunera.com\/apuntes\/wp-content\/uploads\/2026\/08\/Laura-Irarragorri-Kalb.jpg?resize=1400%2C800&ssl=1 4x"},"classes":[]},{"id":45489,"url":"https:\/\/latribunera.com\/apuntes\/index.php\/2026\/08\/14\/santos-laguna-invita-a-su-aficion-a-pintar-de-verde-el-corona-ante-chivas\/","url_meta":{"origin":15106,"position":5},"title":"Santos Laguna invita a su afici\u00f3n a pintar de verde el Corona ante Chivas.","author":"Staff","date":"14 agosto, 2026","format":false,"excerpt":"\u2022 Los Guerreros regresan a casa con el envi\u00f3n an\u00edmico de su triunfo ante Philadelphia Union y buscar\u00e1n, junto a su afici\u00f3n, su primera victoria del Apertura 2026. Luego de cerrar su participaci\u00f3n en la Leagues Cup 2026 con una victoria de 2 a 0 sobre Philadelphia Union en el\u2026","rel":"","context":"In &quot;Liga MX&quot;","block_context":{"text":"Liga MX","link":"https:\/\/latribunera.com\/apuntes\/index.php\/category\/futbol\/futbol-mexicano\/"},"img":{"alt_text":"","src":"https:\/\/i0.wp.com\/latribunera.com\/apuntes\/wp-content\/uploads\/2026\/08\/IMG-20260814-WA0041.jpg?resize=350%2C200&ssl=1","width":350,"height":200,"srcset":"https:\/\/i0.wp.com\/latribunera.com\/apuntes\/wp-content\/uploads\/2026\/08\/IMG-20260814-WA0041.jpg?resize=350%2C200&ssl=1 1x, https:\/\/i0.wp.com\/latribunera.com\/apuntes\/wp-content\/uploads\/2026\/08\/IMG-20260814-WA0041.jpg?resize=525%2C300&ssl=1 1.5x, https:\/\/i0.wp.com\/latribunera.com\/apuntes\/wp-content\/uploads\/2026\/08\/IMG-20260814-WA0041.jpg?resize=700%2C400&ssl=1 2x, https:\/\/i0.wp.com\/latribunera.com\/apuntes\/wp-content\/uploads\/2026\/08\/IMG-20260814-WA0041.jpg?resize=1050%2C600&ssl=1 3x, https:\/\/i0.wp.com\/latribunera.com\/apuntes\/wp-content\/uploads\/2026\/08\/IMG-20260814-WA0041.jpg?resize=1400%2C800&ssl=1 4x"},"classes":[]}],"jetpack_sharing_enabled":true,"_links":{"self":[{"href":"https:\/\/latribunera.com\/apuntes\/index.php\/wp-json\/wp\/v2\/posts\/15106","targetHints":{"allow":["GET"]}}],"collection":[{"href":"https:\/\/latribunera.com\/apuntes\/index.php\/wp-json\/wp\/v2\/posts"}],"about":[{"href":"https:\/\/latribunera.com\/apuntes\/index.php\/wp-json\/wp\/v2\/types\/post"}],"author":[{"embeddable":true,"href":"https:\/\/latribunera.com\/apuntes\/index.php\/wp-json\/wp\/v2\/users\/17"}],"replies":[{"embeddable":true,"href":"https:\/\/latribunera.com\/apuntes\/index.php\/wp-json\/wp\/v2\/comments?post=15106"}],"version-history":[{"count":2,"href":"https:\/\/latribunera.com\/apuntes\/index.php\/wp-json\/wp\/v2\/posts\/15106\/revisions"}],"predecessor-version":[{"id":15109,"href":"https:\/\/latribunera.com\/apuntes\/index.php\/wp-json\/wp\/v2\/posts\/15106\/revisions\/15109"}],"wp:featuredmedia":[{"embeddable":true,"href":"https:\/\/latribunera.com\/apuntes\/index.php\/wp-json\/wp\/v2\/media\/15107"}],"wp:attachment":[{"href":"https:\/\/latribunera.com\/apuntes\/index.php\/wp-json\/wp\/v2\/media?parent=15106"}],"wp:term":[{"taxonomy":"category","embeddable":true,"href":"https:\/\/latribunera.com\/apuntes\/index.php\/wp-json\/wp\/v2\/categories?post=15106"},{"taxonomy":"post_tag","embeddable":true,"href":"https:\/\/latribunera.com\/apuntes\/index.php\/wp-json\/wp\/v2\/tags?post=15106"}],"curies":[{"name":"wp","href":"https:\/\/api.w.org\/{rel}","templated":true}]}}