{"id":15132,"date":"2021-04-20T14:44:11","date_gmt":"2021-04-20T14:44:11","guid":{"rendered":"https:\/\/latribunera.com\/apuntes\/?p=15132"},"modified":"2021-04-20T14:44:17","modified_gmt":"2021-04-20T14:44:17","slug":"que-dijo-charly-previo-a-enfrentar-a-chivas","status":"publish","type":"post","link":"https:\/\/latribunera.com\/apuntes\/index.php\/2021\/04\/20\/que-dijo-charly-previo-a-enfrentar-a-chivas\/","title":{"rendered":"\u00bfQU\u00c9 DIJO CHARLY PREVIO A ENFRENTAR A CHIVAS?"},"content":{"rendered":"<p><script async src=\"https:\/\/pagead2.googlesyndication.com\/pagead\/js\/adsbygoogle.js\"><\/script><br \/>\n<!-- PC 728x90 --><br \/>\n<ins class=\"adsbygoogle\"\nstyle=\"display:inline-block;width:728px;height:90px\"\ndata-ad-client=\"ca-pub-9427576701762839\"\ndata-ad-slot=\"1011393878\"><\/ins><br \/>\n<script>\n(adsbygoogle = window.adsbygoogle || []).push({});\n<\/script><\/p>\n\n\n\n<p>Por\nVenustiano Carranza<\/p>\n\n\n\n<p>En Rayados todav\u00eda\nno piensan en el Cl\u00e1sico Regio125 y hacen bien porque antes de este partido\ntienen el juego pendiente ante el Guadalajara.<\/p>\n\n\n\n<p>El cotejo\nante el Reba\u00f1o es este mi\u00e9rcoles en el Estadio BBVA a las 21 horas<\/p>\n\n\n\n<p><strong>Las declaraciones de Carlos Rodr\u00edguez\u2026<\/strong><\/p>\n\n\n\n<p>\u00bfC\u00f3mo est\u00e1\nel \u00e1nimo del equipo?<\/p>\n\n\n\n<p>\u201cLos \u00e1nimos\nse encuentran muy bien, hicimos un gran partido el fin de semana, si bien\ntuvimos tres detalles que nos costaron la victoria, pero el equipo respondi\u00f3,\nse comport\u00f3 a la altura, pudimos haber sacado algo de ese partido. <\/p>\n\n\n\n<p>\u201cEl Profe\nnos coment\u00f3 que hay derrotas que hunden equipos y hay derrotas que te hacen\ncrecer, esta nos va a hacer crecer mucho. Sabemos lo que podemos hacer, el\nmi\u00e9rcoles va a ser muy importante tenemos que sumar, tambi\u00e9n ellos que pelean\npor un puesto, nosotros queremos los tres puntos para mantenernos en esos\nprimeros lugares. <\/p>\n\n\n\n<p><strong>No piensan en Tigres<\/strong><\/p>\n\n\n\n<p>\u201cEl\nenfoque, la concentraci\u00f3n, son puntos muy claves para nosotros y muy\nimportantes, vamos partido tras partido, el m\u00e1s importante es el de ma\u00f1ana, hay\nque estar concentrados no va a ser un partido f\u00e1cil\u201d<\/p>\n\n\n\n<p><strong>Duelo ante Chivas<\/strong><\/p>\n\n\n\n<p>\u201cVa a ser\nun partido muy duro, creo que el final de esta temporada estos \u00faltimos seis\npuntos que le quedan a los dem\u00e1s, a nosotros nueve, son importantes para seguir\nestando ah\u00ed todos en la pelea, ellos (Chivas) se quieren meter, nosotros\nqueremos estar en los tres primeros puestos, V\u00edctor (Vucetich) conoce el club,\nla instituci\u00f3n, sabemos que ellos tambi\u00e9n son un gran equipo que, si bien no\nhan estado bien esta temporada, van a pelear con todo hasta el \u00faltimo minuto\u201d<\/p>\n\n\n\n<p><strong>\u00bfEl preol\u00edmpico te ayud\u00f3 a regresar a un buen nivel?<\/strong><\/p>\n\n\n\n<p>\u201cS\u00ed,\nsiempre lo he dicho, donde est\u00e9 voy a dar el 100 por ciento de m\u00ed, as\u00ed lo voy a\nseguir haciendo aqu\u00ed o en selecci\u00f3n uno siempre quiere dar lo mejor de s\u00ed, me\nfue muy bien en esos partidos y espero seguir con esa continuidad de ritmo para\nd\u00e1rselo a mis compa\u00f1eros que est\u00e1n haciendo un gran trabajo aqu\u00ed en el club,\ntenemos un mes muy intenso, vienen partidos importantes donde todos debemos estar\nen nuestra mejor versi\u00f3n para salir victoriosos de cada encuentro. <\/p>\n\n\n\n<p><strong>\u00bfFavoritos al Cl\u00e1sico?<\/strong><\/p>\n\n\n\n<p>\u201cS\u00ed, creo\nla llegada de Javier nos hizo ser un equipo muy s\u00f3lido, lo hemos demostrado\ndurante el torneo, ves temporadas pasadas a ahora en cuanto a goles recibidos y\nhay una gran diferencia, llegamos en buen momento, en gran versi\u00f3n de cada uno,\nesperemos este mi\u00e9rcoles hacer un gran partido, llevarnos los tres puntos y\nluego ya pensaremos m\u00e1s en el cl\u00e1sico. <\/p>\n\n\n<p><script async src=\"https:\/\/pagead2.googlesyndication.com\/pagead\/js\/adsbygoogle.js\"><\/script><br \/>\n<!-- PC 728x90 --><br \/>\n<ins class=\"adsbygoogle\"\nstyle=\"display:inline-block;width:728px;height:90px\"\ndata-ad-client=\"ca-pub-9427576701762839\"\ndata-ad-slot=\"1011393878\"><\/ins><br \/>\n<script>\n(adsbygoogle = window.adsbygoogle || []).push({});\n<\/script><\/p>\n\n\n\n<p><strong>Superliga europea<\/strong><\/p>\n\n\n\n<p>\u201cEs un tema\nmuy dif\u00edcil, complicado porque si bien la FIFA y la UEFA est\u00e1n poniendo sus\ndecisiones sobre la mesa, los futbolistas m\u00e1s all\u00e1 del dinero es un tema de ir\na jugar un mundial, de ganar una Champions, es lo m\u00e1s importante para un\nfutbolista, ellos tendr\u00e1n la \u00faltima palabra lo veo dif\u00edcil complicado lo veo en\nla parte del futbolista ir a jugar mundial es lo m\u00e1s bonito\u201d<\/p>\n\n\n\n<p><strong>La comunicaci\u00f3n con Aguirre\u2026<\/strong><\/p>\n\n\n\n<p>\u201cJavier\ncr\u00e9eme est\u00e1 en comunicaci\u00f3n con nosotros todos los d\u00edas, con su cuerpo t\u00e9cnico\na todas horas, seguro hasta debe estar viendo el entrenamiento en su casa, el\ncuerpo t\u00e9cnico es muy trabajador, est\u00e1 siempre ah\u00ed para nosotros, claro que se\nle extra\u00f1a en el banco, pero tiene a sus auxiliares. <\/p>\n\n\n\n<p>\u201cLas\ncharlas t\u00e9cnicas siempre tratan de enviarnos un mensaje, lo recibimos de parte\nde ellos, se le extra\u00f1a dentro del campo, pero siempre est\u00e1n ah\u00ed sus mensajes,\nsus \u00e1nimos los tenemos\u201d<\/p>\n\n\n\n<p><strong>Rogelio Funes Mori y su ansiedad por el gol 122<\/strong><\/p>\n\n\n\n<p>\u201cRogelio es\nun jugador muy fuerte mentalmente, ha pasado peores rachas, \u00e9l est\u00e1 tranquilo,\nsabe que el grupo lo apoya y desea se convierta en el m\u00e1ximo goleador, vamos a\nhacer todo para ello. Lo veo fuerte mentalmente no creo esta situaci\u00f3n le\nmueva. Ya vendr\u00e1 ese gol que lo convierta en el m\u00e1ximo goleador\u201d<\/p>\n\n\n\n<p><strong>El constante uso del VAR\u2026<\/strong><\/p>\n\n\n\n<p>\u201cEso ya\nellos tomar\u00e1n sus medidas, los \u00e1rbitros ver\u00e1n lo que se hizo en ese partido,\npara eso es el VAR para revisar las jugadas, si \u00e9l tom\u00f3 as\u00ed las decisiones es\nporque as\u00ed las vio, para eso est\u00e1 el VAR no tiene que afectarnos a nosotros que\ntenemos que estar concentrados a lo que nos toca\u201d<\/p>\n\n\n\n<p><strong>La clave para sumar ante Chivas<\/strong><\/p>\n\n\n\n<p>\u201cLa seguridad con la que hemos jugado cada partido, el profesionalismo nos ha hecho un gran equipo en estos momentos. Ellos vendr\u00e1n con todo y estaremos preparados para mostrar nuestra mejor versi\u00f3n y quedarnos con esos tres puntos que van a ser muy importantes para seguir dentro de esos tres puestos. Esperemos en Dios sea un resultado favorable tambi\u00e9n para nuestra afici\u00f3n que volvi\u00f3 al estadio\u201d<\/p>\n\n\n<p><script async src=\"https:\/\/pagead2.googlesyndication.com\/pagead\/js\/adsbygoogle.js\"><\/script><br \/>\n<!-- PC 728x90 --><br \/>\n<ins class=\"adsbygoogle\"\nstyle=\"display:inline-block;width:728px;height:90px\"\ndata-ad-client=\"ca-pub-9427576701762839\"\ndata-ad-slot=\"1011393878\"><\/ins><br \/>\n<script>\n(adsbygoogle = window.adsbygoogle || []).push({});\n<\/script><\/p>\n\n\n","protected":false},"excerpt":{"rendered":"<p>Por Venustiano Carranza En Rayados todav\u00eda no piensan en el Cl\u00e1sico Regio125 y hacen bien porque antes de este partido tienen el juego pendiente ante el Guadalajara. El cotejo ante el Reba\u00f1o es este mi\u00e9rcoles en el Estadio BBVA a las 21 horas Las declaraciones de Carlos Rodr\u00edguez\u2026 \u00bfC\u00f3mo est\u00e1 el \u00e1nimo del equipo? \u201cLos&#8230; <\/p>\n<div class=\"clear\"><\/div>\n<p><a href=\"https:\/\/latribunera.com\/apuntes\/index.php\/2021\/04\/20\/que-dijo-charly-previo-a-enfrentar-a-chivas\/\" class=\"excerpt-read-more\">Read More<i class=\"fa fa-caret-right icon-caret-right\"><\/i><\/a><\/p>\n","protected":false},"author":26,"featured_media":15133,"comment_status":"open","ping_status":"open","sticky":false,"template":"","format":"standard","meta":{"_jetpack_memberships_contains_paid_content":false,"footnotes":""},"categories":[231,3,2,277],"tags":[385,74,6],"class_list":["post-15132","post","type-post","status-publish","format-standard","has-post-thumbnail","hentry","category-apuntes","category-futbol","category-futbol-mexicano","category-zonarayada","tag-charly-rodriguez","tag-liga-mx","tag-rayados"],"jetpack_featured_media_url":"https:\/\/latribunera.com\/apuntes\/wp-content\/uploads\/2021\/04\/Rayados-79-scaled.jpg","jetpack-related-posts":[{"id":45392,"url":"https:\/\/latribunera.com\/apuntes\/index.php\/2026\/04\/09\/se-presento-la-13va-edicion-del-guerreton\/","url_meta":{"origin":15132,"position":0},"title":"Se presento la 13va edici\u00f3n del Guerret\u00f3n.","author":"Staff","date":"9 abril, 2026","format":false,"excerpt":"A lo largo de sus primeras 12 ediciones, Guerret\u00f3n ha logrado recolectar m\u00e1s de 121,500juguetes, peluches y balones, beneficiando a diversas asociaciones e instituciones de laregi\u00f3n lagunera, entre ellas CRIT Durango, los sistemas DIF de distintos municipios, as\u00edcomo organizaciones educativas y asistenciales. A la fecha, se han instalado cuatro ludotecas\u2026","rel":"","context":"In &quot;Ganar Sirviendo&quot;","block_context":{"text":"Ganar Sirviendo","link":"https:\/\/latribunera.com\/apuntes\/index.php\/category\/futbol\/futbol-mexicano\/ganar-sirviendo\/"},"img":{"alt_text":"","src":"https:\/\/i0.wp.com\/latribunera.com\/apuntes\/wp-content\/uploads\/2026\/04\/9Guerreton-2026-2.jpg.jpeg?resize=350%2C200&ssl=1","width":350,"height":200,"srcset":"https:\/\/i0.wp.com\/latribunera.com\/apuntes\/wp-content\/uploads\/2026\/04\/9Guerreton-2026-2.jpg.jpeg?resize=350%2C200&ssl=1 1x, https:\/\/i0.wp.com\/latribunera.com\/apuntes\/wp-content\/uploads\/2026\/04\/9Guerreton-2026-2.jpg.jpeg?resize=525%2C300&ssl=1 1.5x, https:\/\/i0.wp.com\/latribunera.com\/apuntes\/wp-content\/uploads\/2026\/04\/9Guerreton-2026-2.jpg.jpeg?resize=700%2C400&ssl=1 2x, https:\/\/i0.wp.com\/latribunera.com\/apuntes\/wp-content\/uploads\/2026\/04\/9Guerreton-2026-2.jpg.jpeg?resize=1050%2C600&ssl=1 3x, https:\/\/i0.wp.com\/latribunera.com\/apuntes\/wp-content\/uploads\/2026\/04\/9Guerreton-2026-2.jpg.jpeg?resize=1400%2C800&ssl=1 4x"},"classes":[]},{"id":45386,"url":"https:\/\/latribunera.com\/apuntes\/index.php\/2026\/03\/11\/santos-launa-impulsa-mejoras-en-la-infraestructura-de-tsm-y-estadio-corona\/","url_meta":{"origin":15132,"position":1},"title":"Santos Laguna impulsa mejoras en la infraestructura de TSM y Estadio Corona","author":"Jacob Alarcon","date":"11 marzo, 2026","format":false,"excerpt":"Club Santos Laguna lleva a cabo una serie de reformas y mejoras en la infraestructura de TerritorioSantos Modelo y del Estadio Corona, con el objetivo de impulsar la innovaci\u00f3n tecnol\u00f3gica, lasostenibilidad y la modernizaci\u00f3n de sus espacios.Con estas acciones, el club contin\u00faa fortaleciendo la experiencia de sus aficionados yactualizando sus\u2026","rel":"","context":"In &quot;Pasi\u00f3n Guerrera&quot;","block_context":{"text":"Pasi\u00f3n Guerrera","link":"https:\/\/latribunera.com\/apuntes\/index.php\/category\/tribus\/pasionguerrera\/"},"img":{"alt_text":"","src":"https:\/\/i0.wp.com\/latribunera.com\/apuntes\/wp-content\/uploads\/2026\/03\/Renovacion-TSM.jpg?resize=350%2C200&ssl=1","width":350,"height":200,"srcset":"https:\/\/i0.wp.com\/latribunera.com\/apuntes\/wp-content\/uploads\/2026\/03\/Renovacion-TSM.jpg?resize=350%2C200&ssl=1 1x, https:\/\/i0.wp.com\/latribunera.com\/apuntes\/wp-content\/uploads\/2026\/03\/Renovacion-TSM.jpg?resize=525%2C300&ssl=1 1.5x, https:\/\/i0.wp.com\/latribunera.com\/apuntes\/wp-content\/uploads\/2026\/03\/Renovacion-TSM.jpg?resize=700%2C400&ssl=1 2x, https:\/\/i0.wp.com\/latribunera.com\/apuntes\/wp-content\/uploads\/2026\/03\/Renovacion-TSM.jpg?resize=1050%2C600&ssl=1 3x, https:\/\/i0.wp.com\/latribunera.com\/apuntes\/wp-content\/uploads\/2026\/03\/Renovacion-TSM.jpg?resize=1400%2C800&ssl=1 4x"},"classes":[]},{"id":45421,"url":"https:\/\/latribunera.com\/apuntes\/index.php\/2026\/04\/16\/todo-listo-para-la-14va-edicion-de-la-copa-internacional-santos-penoles\/","url_meta":{"origin":15132,"position":2},"title":"Todo listo para la 14va edici\u00f3n de la Copa Internacional Santos Pe\u00f1oles","author":"Jacob Alarcon","date":"16 abril, 2026","format":false,"excerpt":"Este jueves, en el Auditorio Orlegi de Territorio Santos Modelo, se llev\u00f3 a cabo la presentaci\u00f3noficial de la edici\u00f3n 2026 de la Copa Internacional Santos Pe\u00f1oles, torneo que se ha consolidadocomo uno de los m\u00e1s importantes a nivel infantil y juvenil en M\u00e9xico. Adem\u00e1s de brindar una competencia deportiva de\u2026","rel":"","context":"In &quot;Sin categor\u00eda&quot;","block_context":{"text":"Sin categor\u00eda","link":"https:\/\/latribunera.com\/apuntes\/index.php\/category\/sin-categoria\/"},"img":{"alt_text":"","src":"https:\/\/i0.wp.com\/latribunera.com\/apuntes\/wp-content\/uploads\/2026\/04\/Presentacion-Copa-Santos-Penoles.jpg?resize=350%2C200&ssl=1","width":350,"height":200,"srcset":"https:\/\/i0.wp.com\/latribunera.com\/apuntes\/wp-content\/uploads\/2026\/04\/Presentacion-Copa-Santos-Penoles.jpg?resize=350%2C200&ssl=1 1x, https:\/\/i0.wp.com\/latribunera.com\/apuntes\/wp-content\/uploads\/2026\/04\/Presentacion-Copa-Santos-Penoles.jpg?resize=525%2C300&ssl=1 1.5x, https:\/\/i0.wp.com\/latribunera.com\/apuntes\/wp-content\/uploads\/2026\/04\/Presentacion-Copa-Santos-Penoles.jpg?resize=700%2C400&ssl=1 2x, https:\/\/i0.wp.com\/latribunera.com\/apuntes\/wp-content\/uploads\/2026\/04\/Presentacion-Copa-Santos-Penoles.jpg?resize=1050%2C600&ssl=1 3x, https:\/\/i0.wp.com\/latribunera.com\/apuntes\/wp-content\/uploads\/2026\/04\/Presentacion-Copa-Santos-Penoles.jpg?resize=1400%2C800&ssl=1 4x"},"classes":[]}],"jetpack_sharing_enabled":true,"_links":{"self":[{"href":"https:\/\/latribunera.com\/apuntes\/index.php\/wp-json\/wp\/v2\/posts\/15132","targetHints":{"allow":["GET"]}}],"collection":[{"href":"https:\/\/latribunera.com\/apuntes\/index.php\/wp-json\/wp\/v2\/posts"}],"about":[{"href":"https:\/\/latribunera.com\/apuntes\/index.php\/wp-json\/wp\/v2\/types\/post"}],"author":[{"embeddable":true,"href":"https:\/\/latribunera.com\/apuntes\/index.php\/wp-json\/wp\/v2\/users\/26"}],"replies":[{"embeddable":true,"href":"https:\/\/latribunera.com\/apuntes\/index.php\/wp-json\/wp\/v2\/comments?post=15132"}],"version-history":[{"count":2,"href":"https:\/\/latribunera.com\/apuntes\/index.php\/wp-json\/wp\/v2\/posts\/15132\/revisions"}],"predecessor-version":[{"id":15135,"href":"https:\/\/latribunera.com\/apuntes\/index.php\/wp-json\/wp\/v2\/posts\/15132\/revisions\/15135"}],"wp:featuredmedia":[{"embeddable":true,"href":"https:\/\/latribunera.com\/apuntes\/index.php\/wp-json\/wp\/v2\/media\/15133"}],"wp:attachment":[{"href":"https:\/\/latribunera.com\/apuntes\/index.php\/wp-json\/wp\/v2\/media?parent=15132"}],"wp:term":[{"taxonomy":"category","embeddable":true,"href":"https:\/\/latribunera.com\/apuntes\/index.php\/wp-json\/wp\/v2\/categories?post=15132"},{"taxonomy":"post_tag","embeddable":true,"href":"https:\/\/latribunera.com\/apuntes\/index.php\/wp-json\/wp\/v2\/tags?post=15132"}],"curies":[{"name":"wp","href":"https:\/\/api.w.org\/{rel}","templated":true}]}}