{"id":15772,"date":"2021-04-30T23:10:42","date_gmt":"2021-04-30T23:10:42","guid":{"rendered":"https:\/\/latribunera.com\/apuntes\/?p=15772"},"modified":"2021-04-30T23:15:28","modified_gmt":"2021-04-30T23:15:28","slug":"__trashed","status":"publish","type":"post","link":"https:\/\/latribunera.com\/apuntes\/index.php\/2021\/04\/30\/__trashed\/","title":{"rendered":"MANCHESTER APLAST\u00d3 A LA ROMA EN SEMIS DE IDA DE LA EUROPA LEAGUE"},"content":{"rendered":"<p><script async=\"\" src=\"https:\/\/pagead2.googlesyndication.com\/pagead\/js\/adsbygoogle.js\"><\/script><br \/>\n<!-- PC 728x90 --><br \/>\n<ins class=\"adsbygoogle\" style=\"display:inline-block;width:728px;height:90px\" data-ad-client=\"ca-pub-9427576701762839\" data-ad-slot=\"1011393878\"><\/ins><br \/>\n<script>\n(adsbygoogle = window.adsbygoogle || []).push({});\n<\/script><\/p>\n\n\n\n<p>Por Antony Callero \/ @Twitter @AntonyCallero<\/p>\n\n\n\n<p>Con una segunda parte espectacular,\nel Manchester United remont\u00f3 ante la Roma, gole\u00f3 6 a 2, y meti\u00f3 pie y medio en\nla final de la Europa League.<\/p>\n\n\n\n<p>El gol de Bruno Fern\u00e1ndes \u2013de\nsoberbia actuaci\u00f3n- a los 9 minutos, parec\u00eda abrir el camino a los \u201cred\ndevils\u201d, pero un penalti fortuito le dio el empate a la Roma, por intermedio de\nLorenzo Pellegrini.<\/p>\n\n\n\n<p>Minutos m\u00e1s tarde el bosnio Edin\nDzeko anotaba el 2-1 para la visita, y todo parec\u00eda complicarse para los\ndirigidos por Solksjaer.<\/p>\n\n\n\n<p>Sin embargo, en la segunda mitad, el United fue muy contundente, y pas\u00f3 por encima al equipo italiano.<\/p>\n\n\n<p><script async=\"\" src=\"https:\/\/pagead2.googlesyndication.com\/pagead\/js\/adsbygoogle.js\"><\/script><br \/>\n<!-- PC 728x90 --><br \/>\n<ins class=\"adsbygoogle\" style=\"display:inline-block;width:728px;height:90px\" data-ad-client=\"ca-pub-9427576701762839\" data-ad-slot=\"1011393878\"><\/ins><br \/>\n<script>\n(adsbygoogle = window.adsbygoogle || []).push({});\n<\/script><\/p>\n\n\n\n<p>El uruguayo Edinson Cavani \u2013otro de\ngran rendimiento- lo empat\u00f3 a los 48, y puso en ventaja a los 64, en tanto que\nFern\u00e1ndes de penalti a los 71 pon\u00eda el 4 a 2.<\/p>\n\n\n\n<p>El desconcierto gan\u00f3 a los romanos,\ny los goles del equipo local continuaron cayendo, Paul Pogba marc\u00f3 el quinto a\nlos 75, y Greenwood el sexto a los 86.<\/p>\n\n\n\n<p>La revancha la pr\u00f3xima semana en el\nOl\u00edmpico de Roma, pero ser\u00e1 muy dif\u00edcil para los dirigidos por Fonseca poder\ndar vuelta esta eliminatoria.<\/p>\n\n\n\n<p>En la otra semifinal disputada en\nel Estadio de La Cer\u00e1mica, Villareal golpe\u00f3 primero, imponi\u00e9ndose 2-1 al\nArsenal de Inglaterra.<\/p>\n\n\n\n<p>Manuel Trigueros y Ra\u00fal Albiol marcaron para el \u201csubmarino\u201d en la primera parte, mientras que Nicol\u00e1s Pep\u00e9 de penalti a los 73 descont\u00f3 para los \u201cgunners\u201d, un tanto que puede ser decisivo para la vuelta a jugarse en Londres el jueves pr\u00f3ximo.<\/p>\n\n\n<p><script async=\"\" src=\"https:\/\/pagead2.googlesyndication.com\/pagead\/js\/adsbygoogle.js\"><\/script><br \/>\n<!-- PC 728x90 --><br \/>\n<ins class=\"adsbygoogle\" style=\"display:inline-block;width:728px;height:90px\" data-ad-client=\"ca-pub-9427576701762839\" data-ad-slot=\"1011393878\"><\/ins><br \/>\n<script>\n(adsbygoogle = window.adsbygoogle || []).push({});\n<\/script><\/p>\n\n\n\n<figure class=\"wp-block-embed-youtube wp-block-embed is-type-video is-provider-youtube wp-embed-aspect-16-9 wp-has-aspect-ratio\"><div class=\"wp-block-embed__wrapper\">\n<iframe loading=\"lazy\" title=\"Hinchada. Historias Deportivas\" width=\"960\" height=\"540\" src=\"https:\/\/www.youtube.com\/embed\/Ki3MQn0j-Os?feature=oembed\" frameborder=\"0\" allow=\"accelerometer; autoplay; clipboard-write; encrypted-media; gyroscope; picture-in-picture\" allowfullscreen><\/iframe>\n<\/div><\/figure>\n","protected":false},"excerpt":{"rendered":"<p>Por Antony Callero \/ @Twitter @AntonyCallero Con una segunda parte espectacular, el Manchester United remont\u00f3 ante la Roma, gole\u00f3 6 a 2, y meti\u00f3 pie y medio en la final de la Europa League. El gol de Bruno Fern\u00e1ndes \u2013de soberbia actuaci\u00f3n- a los 9 minutos, parec\u00eda abrir el camino a los \u201cred devils\u201d, pero&#8230; <\/p>\n<div class=\"clear\"><\/div>\n<p><a href=\"https:\/\/latribunera.com\/apuntes\/index.php\/2021\/04\/30\/__trashed\/\" class=\"excerpt-read-more\">Read More<i class=\"fa fa-caret-right icon-caret-right\"><\/i><\/a><\/p>\n","protected":false},"author":4,"featured_media":15774,"comment_status":"open","ping_status":"open","sticky":false,"template":"","format":"standard","meta":{"_jetpack_memberships_contains_paid_content":false,"footnotes":""},"categories":[231,83],"tags":[422],"class_list":["post-15772","post","type-post","status-publish","format-standard","has-post-thumbnail","hentry","category-apuntes","category-futbol-europeo","tag-europa-league"],"jetpack_featured_media_url":"https:\/\/latribunera.com\/apuntes\/wp-content\/uploads\/2021\/04\/Manchester.jpg","jetpack-related-posts":[{"id":45386,"url":"https:\/\/latribunera.com\/apuntes\/index.php\/2026\/03\/11\/santos-launa-impulsa-mejoras-en-la-infraestructura-de-tsm-y-estadio-corona\/","url_meta":{"origin":15772,"position":0},"title":"Santos Laguna impulsa mejoras en la infraestructura de TSM y Estadio Corona","author":"Jacob Alarcon","date":"11 marzo, 2026","format":false,"excerpt":"Club Santos Laguna lleva a cabo una serie de reformas y mejoras en la infraestructura de TerritorioSantos Modelo y del Estadio Corona, con el objetivo de impulsar la innovaci\u00f3n tecnol\u00f3gica, lasostenibilidad y la modernizaci\u00f3n de sus espacios.Con estas acciones, el club contin\u00faa fortaleciendo la experiencia de sus aficionados yactualizando sus\u2026","rel":"","context":"In &quot;Pasi\u00f3n Guerrera&quot;","block_context":{"text":"Pasi\u00f3n Guerrera","link":"https:\/\/latribunera.com\/apuntes\/index.php\/category\/tribus\/pasionguerrera\/"},"img":{"alt_text":"","src":"https:\/\/i0.wp.com\/latribunera.com\/apuntes\/wp-content\/uploads\/2026\/03\/Renovacion-TSM.jpg?resize=350%2C200&ssl=1","width":350,"height":200,"srcset":"https:\/\/i0.wp.com\/latribunera.com\/apuntes\/wp-content\/uploads\/2026\/03\/Renovacion-TSM.jpg?resize=350%2C200&ssl=1 1x, https:\/\/i0.wp.com\/latribunera.com\/apuntes\/wp-content\/uploads\/2026\/03\/Renovacion-TSM.jpg?resize=525%2C300&ssl=1 1.5x, https:\/\/i0.wp.com\/latribunera.com\/apuntes\/wp-content\/uploads\/2026\/03\/Renovacion-TSM.jpg?resize=700%2C400&ssl=1 2x, https:\/\/i0.wp.com\/latribunera.com\/apuntes\/wp-content\/uploads\/2026\/03\/Renovacion-TSM.jpg?resize=1050%2C600&ssl=1 3x, https:\/\/i0.wp.com\/latribunera.com\/apuntes\/wp-content\/uploads\/2026\/03\/Renovacion-TSM.jpg?resize=1400%2C800&ssl=1 4x"},"classes":[]}],"jetpack_sharing_enabled":true,"_links":{"self":[{"href":"https:\/\/latribunera.com\/apuntes\/index.php\/wp-json\/wp\/v2\/posts\/15772","targetHints":{"allow":["GET"]}}],"collection":[{"href":"https:\/\/latribunera.com\/apuntes\/index.php\/wp-json\/wp\/v2\/posts"}],"about":[{"href":"https:\/\/latribunera.com\/apuntes\/index.php\/wp-json\/wp\/v2\/types\/post"}],"author":[{"embeddable":true,"href":"https:\/\/latribunera.com\/apuntes\/index.php\/wp-json\/wp\/v2\/users\/4"}],"replies":[{"embeddable":true,"href":"https:\/\/latribunera.com\/apuntes\/index.php\/wp-json\/wp\/v2\/comments?post=15772"}],"version-history":[{"count":3,"href":"https:\/\/latribunera.com\/apuntes\/index.php\/wp-json\/wp\/v2\/posts\/15772\/revisions"}],"predecessor-version":[{"id":15776,"href":"https:\/\/latribunera.com\/apuntes\/index.php\/wp-json\/wp\/v2\/posts\/15772\/revisions\/15776"}],"wp:featuredmedia":[{"embeddable":true,"href":"https:\/\/latribunera.com\/apuntes\/index.php\/wp-json\/wp\/v2\/media\/15774"}],"wp:attachment":[{"href":"https:\/\/latribunera.com\/apuntes\/index.php\/wp-json\/wp\/v2\/media?parent=15772"}],"wp:term":[{"taxonomy":"category","embeddable":true,"href":"https:\/\/latribunera.com\/apuntes\/index.php\/wp-json\/wp\/v2\/categories?post=15772"},{"taxonomy":"post_tag","embeddable":true,"href":"https:\/\/latribunera.com\/apuntes\/index.php\/wp-json\/wp\/v2\/tags?post=15772"}],"curies":[{"name":"wp","href":"https:\/\/api.w.org\/{rel}","templated":true}]}}