{"id":16054,"date":"2021-05-06T14:00:49","date_gmt":"2021-05-06T14:00:49","guid":{"rendered":"https:\/\/latribunera.com\/apuntes\/?p=16054"},"modified":"2021-05-06T14:04:26","modified_gmt":"2021-05-06T14:04:26","slug":"rayados-en-los-ojos-de-fifa","status":"publish","type":"post","link":"https:\/\/latribunera.com\/apuntes\/index.php\/2021\/05\/06\/rayados-en-los-ojos-de-fifa\/","title":{"rendered":"RAYADOS BAJO LA MIRA DE FIFA"},"content":{"rendered":"<p><script async=\"\" src=\"https:\/\/pagead2.googlesyndication.com\/pagead\/js\/adsbygoogle.js\"><\/script><br \/>\n<!-- PC 728x90 --><br \/>\n<ins class=\"adsbygoogle\" style=\"display:inline-block;width:728px;height:90px\" data-ad-client=\"ca-pub-9427576701762839\" data-ad-slot=\"1011393878\"><\/ins><br \/>\n<script>\n(adsbygoogle = window.adsbygoogle || []).push({});\n<\/script><\/p>\n\n\n\n<p>POR VENUSTIANO CARRANZA<\/p>\n\n\n\n<p>De nueva cuenta, Monterrey en el radar de la FIFA.<\/p>\n\n\n\n<p>As\u00ed como ha sido en los \u00faltimos tiempos -ya sea por\nbuenas participaciones en Concachampions o en el Mundial de Clubes- ahora no es\nla excepci\u00f3n.<\/p>\n\n\n\n<p>Tras clasificarse a Semifinales de Concacaf, a trav\u00e9s de su cuenta de Twitter, la FIFA mencion\u00f3 al equipo del Cerro de la Silla junto al Am\u00e9rica, Cruz Azul y Philadelphia, los otros tres clasificados.<\/p>\n\n\n<p><script async=\"\" src=\"https:\/\/pagead2.googlesyndication.com\/pagead\/js\/adsbygoogle.js\"><\/script><br \/>\n<!-- PC 728x90 --><br \/>\n<ins class=\"adsbygoogle\" style=\"display:inline-block;width:728px;height:90px\" data-ad-client=\"ca-pub-9427576701762839\" data-ad-slot=\"1011393878\"><\/ins><br \/>\n<script>\n(adsbygoogle = window.adsbygoogle || []).push({});\n<\/script><\/p>\n\n\n\n<figure class=\"wp-block-embed-twitter wp-block-embed is-type-rich is-provider-twitter\"><div class=\"wp-block-embed__wrapper\">\n<blockquote class=\"twitter-tweet\" data-width=\"550\" data-dnt=\"true\"><p lang=\"en\" dir=\"ltr\">And then there were four \ud83c\udfc6 <br><br>\ud83c\uddfa\ud83c\uddf8 <a href=\"https:\/\/twitter.com\/PhilaUnion?ref_src=twsrc%5Etfw\">@PhilaUnion<\/a> <br>\ud83c\uddf2\ud83c\uddfd <a href=\"https:\/\/twitter.com\/CruzAzul?ref_src=twsrc%5Etfw\">@CruzAzul<\/a><br>\ud83c\uddf2\ud83c\uddfd <a href=\"https:\/\/twitter.com\/Rayados?ref_src=twsrc%5Etfw\">@Rayados<\/a><br>\ud83c\uddf2\ud83c\uddfd <a href=\"https:\/\/twitter.com\/ClubAmerica?ref_src=twsrc%5Etfw\">@ClubAmerica<\/a><br><br>All the stats, news and images from the <a href=\"https:\/\/twitter.com\/Concacaf?ref_src=twsrc%5Etfw\">@Concacaf<\/a> <a href=\"https:\/\/twitter.com\/TheChampions?ref_src=twsrc%5Etfw\">@TheChampions<\/a> League quarter-finals <a href=\"https:\/\/twitter.com\/hashtag\/ClubWC?src=hash&amp;ref_src=twsrc%5Etfw\">#ClubWC<\/a> \ud83c\udf0e<br><br>\ud83d\udc49 <a href=\"https:\/\/t.co\/YBtKXCfI40\">https:\/\/t.co\/YBtKXCfI40<\/a> <a href=\"https:\/\/t.co\/qIO99oaRGA\">pic.twitter.com\/qIO99oaRGA<\/a><\/p>&mdash; FIFA.com (@FIFAcom) <a href=\"https:\/\/twitter.com\/FIFAcom\/status\/1390194856253743108?ref_src=twsrc%5Etfw\">May 6, 2021<\/a><\/blockquote><script async src=\"https:\/\/platform.twitter.com\/widgets.js\" charset=\"utf-8\"><\/script>\n<\/div><\/figure>\n\n\n<p><script async=\"\" src=\"https:\/\/pagead2.googlesyndication.com\/pagead\/js\/adsbygoogle.js\"><\/script><br \/>\n<!-- PC 728x90 --><br \/>\n<ins class=\"adsbygoogle\" style=\"display:inline-block;width:728px;height:90px\" data-ad-client=\"ca-pub-9427576701762839\" data-ad-slot=\"1011393878\"><\/ins><br \/>\n<script>\n(adsbygoogle = window.adsbygoogle || []).push({});\n<\/script><\/p>\n","protected":false},"excerpt":{"rendered":"<p>POR VENUSTIANO CARRANZA De nueva cuenta, Monterrey en el radar de la FIFA. As\u00ed como ha sido en los \u00faltimos tiempos -ya sea por buenas participaciones en Concachampions o en el Mundial de Clubes- ahora no es la excepci\u00f3n. Tras clasificarse a Semifinales de Concacaf, a trav\u00e9s de su cuenta de Twitter, la FIFA mencion\u00f3&#8230; <\/p>\n<div class=\"clear\"><\/div>\n<p><a href=\"https:\/\/latribunera.com\/apuntes\/index.php\/2021\/05\/06\/rayados-en-los-ojos-de-fifa\/\" class=\"excerpt-read-more\">Read More<i class=\"fa fa-caret-right icon-caret-right\"><\/i><\/a><\/p>\n","protected":false},"author":26,"featured_media":16058,"comment_status":"open","ping_status":"open","sticky":false,"template":"","format":"standard","meta":{"_jetpack_memberships_contains_paid_content":false,"footnotes":""},"categories":[3,277],"tags":[378,439,6],"class_list":["post-16054","post","type-post","status-publish","format-standard","has-post-thumbnail","hentry","category-futbol","category-zonarayada","tag-concacaf-liga-de-campeones","tag-fifa","tag-rayados"],"jetpack_featured_media_url":"https:\/\/latribunera.com\/apuntes\/wp-content\/uploads\/2021\/05\/Dise\u00f1o-sin-t\u00edtulo-8.jpg","jetpack-related-posts":[{"id":45392,"url":"https:\/\/latribunera.com\/apuntes\/index.php\/2026\/04\/09\/se-presento-la-13va-edicion-del-guerreton\/","url_meta":{"origin":16054,"position":0},"title":"Se presento la 13va edici\u00f3n del Guerret\u00f3n.","author":"Staff","date":"9 abril, 2026","format":false,"excerpt":"A lo largo de sus primeras 12 ediciones, Guerret\u00f3n ha logrado recolectar m\u00e1s de 121,500juguetes, peluches y balones, beneficiando a diversas asociaciones e instituciones de laregi\u00f3n lagunera, entre ellas CRIT Durango, los sistemas DIF de distintos municipios, as\u00edcomo organizaciones educativas y asistenciales. A la fecha, se han instalado cuatro ludotecas\u2026","rel":"","context":"In &quot;Ganar Sirviendo&quot;","block_context":{"text":"Ganar Sirviendo","link":"https:\/\/latribunera.com\/apuntes\/index.php\/category\/futbol\/futbol-mexicano\/ganar-sirviendo\/"},"img":{"alt_text":"","src":"https:\/\/i0.wp.com\/latribunera.com\/apuntes\/wp-content\/uploads\/2026\/04\/9Guerreton-2026-2.jpg.jpeg?resize=350%2C200&ssl=1","width":350,"height":200,"srcset":"https:\/\/i0.wp.com\/latribunera.com\/apuntes\/wp-content\/uploads\/2026\/04\/9Guerreton-2026-2.jpg.jpeg?resize=350%2C200&ssl=1 1x, https:\/\/i0.wp.com\/latribunera.com\/apuntes\/wp-content\/uploads\/2026\/04\/9Guerreton-2026-2.jpg.jpeg?resize=525%2C300&ssl=1 1.5x, https:\/\/i0.wp.com\/latribunera.com\/apuntes\/wp-content\/uploads\/2026\/04\/9Guerreton-2026-2.jpg.jpeg?resize=700%2C400&ssl=1 2x, https:\/\/i0.wp.com\/latribunera.com\/apuntes\/wp-content\/uploads\/2026\/04\/9Guerreton-2026-2.jpg.jpeg?resize=1050%2C600&ssl=1 3x, https:\/\/i0.wp.com\/latribunera.com\/apuntes\/wp-content\/uploads\/2026\/04\/9Guerreton-2026-2.jpg.jpeg?resize=1400%2C800&ssl=1 4x"},"classes":[]}],"jetpack_sharing_enabled":true,"_links":{"self":[{"href":"https:\/\/latribunera.com\/apuntes\/index.php\/wp-json\/wp\/v2\/posts\/16054","targetHints":{"allow":["GET"]}}],"collection":[{"href":"https:\/\/latribunera.com\/apuntes\/index.php\/wp-json\/wp\/v2\/posts"}],"about":[{"href":"https:\/\/latribunera.com\/apuntes\/index.php\/wp-json\/wp\/v2\/types\/post"}],"author":[{"embeddable":true,"href":"https:\/\/latribunera.com\/apuntes\/index.php\/wp-json\/wp\/v2\/users\/26"}],"replies":[{"embeddable":true,"href":"https:\/\/latribunera.com\/apuntes\/index.php\/wp-json\/wp\/v2\/comments?post=16054"}],"version-history":[{"count":4,"href":"https:\/\/latribunera.com\/apuntes\/index.php\/wp-json\/wp\/v2\/posts\/16054\/revisions"}],"predecessor-version":[{"id":16060,"href":"https:\/\/latribunera.com\/apuntes\/index.php\/wp-json\/wp\/v2\/posts\/16054\/revisions\/16060"}],"wp:featuredmedia":[{"embeddable":true,"href":"https:\/\/latribunera.com\/apuntes\/index.php\/wp-json\/wp\/v2\/media\/16058"}],"wp:attachment":[{"href":"https:\/\/latribunera.com\/apuntes\/index.php\/wp-json\/wp\/v2\/media?parent=16054"}],"wp:term":[{"taxonomy":"category","embeddable":true,"href":"https:\/\/latribunera.com\/apuntes\/index.php\/wp-json\/wp\/v2\/categories?post=16054"},{"taxonomy":"post_tag","embeddable":true,"href":"https:\/\/latribunera.com\/apuntes\/index.php\/wp-json\/wp\/v2\/tags?post=16054"}],"curies":[{"name":"wp","href":"https:\/\/api.w.org\/{rel}","templated":true}]}}