{"id":16148,"date":"2021-05-07T23:28:40","date_gmt":"2021-05-07T23:28:40","guid":{"rendered":"https:\/\/latribunera.com\/apuntes\/?p=16148"},"modified":"2021-05-07T23:45:58","modified_gmt":"2021-05-07T23:45:58","slug":"coincidencias-anejas","status":"publish","type":"post","link":"https:\/\/latribunera.com\/apuntes\/index.php\/2021\/05\/07\/coincidencias-anejas\/","title":{"rendered":"COINCIDENCIAS A\u00d1EJAS"},"content":{"rendered":"<p><script async=\"\" src=\"https:\/\/pagead2.googlesyndication.com\/pagead\/js\/adsbygoogle.js\"><\/script><br \/>\n<!-- PC 728x90 --><br \/>\n<ins class=\"adsbygoogle\" style=\"display:inline-block;width:728px;height:90px\" data-ad-client=\"ca-pub-9427576701762839\" data-ad-slot=\"1011393878\"><\/ins><br \/>\n<script>\n(adsbygoogle = window.adsbygoogle || []).push({});\n<\/script><\/p>\n\n\n\n<p>Por\nH\u00e9ctor Padilla Lozano \/ @padiyaocelotl<\/p>\n\n\n\n<p>Nuevamente el Puebla de la Franja lleg\u00f3\na la Liguilla del Futbol Mexicano, despu\u00e9s de que en la temporada pasada cay\u00f3\nen Cuartos de Final ante el superl\u00edder Le\u00f3n, el cual, a la postre fue el\ncampe\u00f3n.<\/p>\n\n\n\n<p>La Franja se coloc\u00f3 en el lugar tres\nde la general este torneo, donde est\u00e1 a la espera de rival, pudiendo ser de\nnueva cuenta el equipo esmeralda, aunque habr\u00e1 que esperar lo que ocurra este\nfin de semana en los juegos de repechaje.<\/p>\n\n\n\n<p>Es la tercera vez en la historia\ndel conjunto poblano que culmina, desde que se instauraron las Liguillas en\ntercero general. La primera vez ocurri\u00f3 en la 82-83 y posteriormente en la\n89-90. Lo curioso es que en ambas lleg\u00f3 a la Final y qued\u00f3 campe\u00f3n, derrotando\na equipos tapat\u00edos en la final. Primeramente, a Chivas de Guadalajara y despu\u00e9s\na los Leones Negros.<\/p>\n\n\n\n<p>En la 82-83, Puebla no parti\u00f3 como favorito, sobre todo, porque la franquicia estuvo a punto de mudarse a Veracruz. Sin embargo, la oportuna intervenci\u00f3n del gobierno del estado evit\u00f3 ello.<\/p>\n\n\n<p><script async=\"\" src=\"https:\/\/pagead2.googlesyndication.com\/pagead\/js\/adsbygoogle.js\"><\/script><br \/>\n<!-- PC 728x90 --><br \/>\n<ins class=\"adsbygoogle\" style=\"display:inline-block;width:728px;height:90px\" data-ad-client=\"ca-pub-9427576701762839\" data-ad-slot=\"1011393878\"><\/ins><br \/>\n<script>\n(adsbygoogle = window.adsbygoogle || []).push({});\n<\/script><\/p>\n\n\n\n<p>A la Franja volvi\u00f3 un viejo\nconocido del club a la direcci\u00f3n t\u00e9cnica en ese momento: Manuel Lapuente. Con\n\u00e9l, la Franja tuvo buena temporada, quedando atr\u00e1s del superl\u00edder Am\u00e9rica,\ndirigido por Carlos Reynoso y el Atlante, cuyo t\u00e9cnico era el inmortal Horacio\nCasar\u00edn y que entre sus filas ten\u00eda a la figura polaca Gregorz Lato.<\/p>\n\n\n\n<p>Puebla lleg\u00f3 a la Final que\ndisputar\u00eda en casa ante Guadalajara, quien elimin\u00f3 al uno y dos de la general.\nLe faltaba el tres para coronarse. En un drama en penaltis gan\u00f3 su primer\nt\u00edtulo el Puebla.<\/p>\n\n\n\n<p>Algo parecido ocurri\u00f3 en la 89-90, cuando la Franja casi toda la temporada fue l\u00edder general. No obstante, hacia las \u00faltimas fechas el equipo perdi\u00f3 fuerza quedando en el tercero general. Am\u00e9rica qued\u00f3 como l\u00edder y Pumas de la UNAM en el segundo puesto.<\/p>\n\n\n<p><script async=\"\" src=\"https:\/\/pagead2.googlesyndication.com\/pagead\/js\/adsbygoogle.js\"><\/script><br \/>\n<!-- PC 728x90 --><br \/>\n<ins class=\"adsbygoogle\" style=\"display:inline-block;width:728px;height:90px\" data-ad-client=\"ca-pub-9427576701762839\" data-ad-slot=\"1011393878\"><\/ins><br \/>\n<script>\n(adsbygoogle = window.adsbygoogle || []).push({});\n<\/script><\/p>\n\n\n\n<p>Puebla con el gran equipo que\nten\u00eda, lleg\u00f3 a la final, dejando a un lado a Correcaminos de la Universidad Aut\u00f3noma\nde Tamaulipas y a los Pumas con un juego de ida trepidante donde empataron a\ncuatro goles.<\/p>\n\n\n\n<p>En la final dio cuenta de la\nUniversidad de Guadalajara que hab\u00eda eliminado a Tigres y Am\u00e9rica en pol\u00e9mico partido\nde vuelta jugado en el Estadio Azteca. <\/p>\n\n\n\n<p>Ahora, el Puebla de nuevo es tercero, teniendo arriba de nueva cuenta a dos capitalinos, despertando un poco la c\u00e1bala entre la afici\u00f3n poblana, sin embargo, el equipo debe ir paso a paso y ello, s\u00f3lo es mera coincidencia.<\/p>\n\n\n<p><script async=\"\" src=\"https:\/\/pagead2.googlesyndication.com\/pagead\/js\/adsbygoogle.js\"><\/script><br \/>\n<!-- PC 728x90 --><br \/>\n<ins class=\"adsbygoogle\" style=\"display:inline-block;width:728px;height:90px\" data-ad-client=\"ca-pub-9427576701762839\" data-ad-slot=\"1011393878\"><\/ins><br \/>\n<script>\n(adsbygoogle = window.adsbygoogle || []).push({});\n<\/script><\/p>\n","protected":false},"excerpt":{"rendered":"<p>Por H\u00e9ctor Padilla Lozano \/ @padiyaocelotl Nuevamente el Puebla de la Franja lleg\u00f3 a la Liguilla del Futbol Mexicano, despu\u00e9s de que en la temporada pasada cay\u00f3 en Cuartos de Final ante el superl\u00edder Le\u00f3n, el cual, a la postre fue el campe\u00f3n. La Franja se coloc\u00f3 en el lugar tres de la general este&#8230; <\/p>\n<div class=\"clear\"><\/div>\n<p><a href=\"https:\/\/latribunera.com\/apuntes\/index.php\/2021\/05\/07\/coincidencias-anejas\/\" class=\"excerpt-read-more\">Read More<i class=\"fa fa-caret-right icon-caret-right\"><\/i><\/a><\/p>\n","protected":false},"author":11,"featured_media":16149,"comment_status":"open","ping_status":"open","sticky":false,"template":"","format":"standard","meta":{"_jetpack_memberships_contains_paid_content":false,"footnotes":""},"categories":[231,3,2],"tags":[74],"class_list":["post-16148","post","type-post","status-publish","format-standard","has-post-thumbnail","hentry","category-apuntes","category-futbol","category-futbol-mexicano","tag-liga-mx"],"jetpack_featured_media_url":"https:\/\/latribunera.com\/apuntes\/wp-content\/uploads\/2021\/05\/Puebla.jpg","jetpack-related-posts":[{"id":45386,"url":"https:\/\/latribunera.com\/apuntes\/index.php\/2026\/03\/11\/santos-launa-impulsa-mejoras-en-la-infraestructura-de-tsm-y-estadio-corona\/","url_meta":{"origin":16148,"position":0},"title":"Santos Laguna impulsa mejoras en la infraestructura de TSM y Estadio Corona","author":"Jacob Alarcon","date":"11 marzo, 2026","format":false,"excerpt":"Club Santos Laguna lleva a cabo una serie de reformas y mejoras en la infraestructura de TerritorioSantos Modelo y del Estadio Corona, con el objetivo de impulsar la innovaci\u00f3n tecnol\u00f3gica, lasostenibilidad y la modernizaci\u00f3n de sus espacios.Con estas acciones, el club contin\u00faa fortaleciendo la experiencia de sus aficionados yactualizando sus\u2026","rel":"","context":"In &quot;Pasi\u00f3n Guerrera&quot;","block_context":{"text":"Pasi\u00f3n Guerrera","link":"https:\/\/latribunera.com\/apuntes\/index.php\/category\/tribus\/pasionguerrera\/"},"img":{"alt_text":"","src":"https:\/\/i0.wp.com\/latribunera.com\/apuntes\/wp-content\/uploads\/2026\/03\/Renovacion-TSM.jpg?resize=350%2C200&ssl=1","width":350,"height":200,"srcset":"https:\/\/i0.wp.com\/latribunera.com\/apuntes\/wp-content\/uploads\/2026\/03\/Renovacion-TSM.jpg?resize=350%2C200&ssl=1 1x, https:\/\/i0.wp.com\/latribunera.com\/apuntes\/wp-content\/uploads\/2026\/03\/Renovacion-TSM.jpg?resize=525%2C300&ssl=1 1.5x, https:\/\/i0.wp.com\/latribunera.com\/apuntes\/wp-content\/uploads\/2026\/03\/Renovacion-TSM.jpg?resize=700%2C400&ssl=1 2x, https:\/\/i0.wp.com\/latribunera.com\/apuntes\/wp-content\/uploads\/2026\/03\/Renovacion-TSM.jpg?resize=1050%2C600&ssl=1 3x, https:\/\/i0.wp.com\/latribunera.com\/apuntes\/wp-content\/uploads\/2026\/03\/Renovacion-TSM.jpg?resize=1400%2C800&ssl=1 4x"},"classes":[]}],"jetpack_sharing_enabled":true,"_links":{"self":[{"href":"https:\/\/latribunera.com\/apuntes\/index.php\/wp-json\/wp\/v2\/posts\/16148","targetHints":{"allow":["GET"]}}],"collection":[{"href":"https:\/\/latribunera.com\/apuntes\/index.php\/wp-json\/wp\/v2\/posts"}],"about":[{"href":"https:\/\/latribunera.com\/apuntes\/index.php\/wp-json\/wp\/v2\/types\/post"}],"author":[{"embeddable":true,"href":"https:\/\/latribunera.com\/apuntes\/index.php\/wp-json\/wp\/v2\/users\/11"}],"replies":[{"embeddable":true,"href":"https:\/\/latribunera.com\/apuntes\/index.php\/wp-json\/wp\/v2\/comments?post=16148"}],"version-history":[{"count":3,"href":"https:\/\/latribunera.com\/apuntes\/index.php\/wp-json\/wp\/v2\/posts\/16148\/revisions"}],"predecessor-version":[{"id":16152,"href":"https:\/\/latribunera.com\/apuntes\/index.php\/wp-json\/wp\/v2\/posts\/16148\/revisions\/16152"}],"wp:featuredmedia":[{"embeddable":true,"href":"https:\/\/latribunera.com\/apuntes\/index.php\/wp-json\/wp\/v2\/media\/16149"}],"wp:attachment":[{"href":"https:\/\/latribunera.com\/apuntes\/index.php\/wp-json\/wp\/v2\/media?parent=16148"}],"wp:term":[{"taxonomy":"category","embeddable":true,"href":"https:\/\/latribunera.com\/apuntes\/index.php\/wp-json\/wp\/v2\/categories?post=16148"},{"taxonomy":"post_tag","embeddable":true,"href":"https:\/\/latribunera.com\/apuntes\/index.php\/wp-json\/wp\/v2\/tags?post=16148"}],"curies":[{"name":"wp","href":"https:\/\/api.w.org\/{rel}","templated":true}]}}