{"id":16210,"date":"2021-05-09T01:26:33","date_gmt":"2021-05-09T01:26:33","guid":{"rendered":"https:\/\/latribunera.com\/apuntes\/?p=16210"},"modified":"2021-05-09T01:26:38","modified_gmt":"2021-05-09T01:26:38","slug":"bayern-munich-obtiene-su-novena-bundesliga-consecutiva","status":"publish","type":"post","link":"https:\/\/latribunera.com\/apuntes\/index.php\/2021\/05\/09\/bayern-munich-obtiene-su-novena-bundesliga-consecutiva\/","title":{"rendered":"Bayern M\u00fanich obtiene su novena Bundesliga consecutiva"},"content":{"rendered":"<p><script async src=\"https:\/\/pagead2.googlesyndication.com\/pagead\/js\/adsbygoogle.js\"><\/script><br \/>\n<!-- PC 728x90 --><br \/>\n<ins class=\"adsbygoogle\"\nstyle=\"display:inline-block;width:728px;height:90px\"\ndata-ad-client=\"ca-pub-9427576701762839\"\ndata-ad-slot=\"1011393878\"><\/ins><br \/>\n<script>\n(adsbygoogle = window.adsbygoogle || []).push({});\n<\/script><\/p>\n\n\n\n<p>Por Antony Callero \/ Twitter @AntonyCallero<\/p>\n\n\n\n<p>Otro d\u00eda de fiesta en M\u00fanich, el Bayern es nuevamente\ncampe\u00f3n de la Bundesliga alemana.<\/p>\n\n\n\n<p>Los de Hansi Flick obtuvieron su noveno t\u00edtulo\nconsecutivo, igualando de esta manera el record que ostentaba Juventus en las\ngrandes ligas.<\/p>\n\n\n\n<p>Antes de salir a disputar su partido, el Bayern ya se\nhab\u00eda coronado campe\u00f3n, tras la derrota del Leipzig 3 a 2 a manos del Borussia\nDortmund.<\/p>\n\n\n\n<p>Marcos Reus adelant\u00f3 a los \u201ccanarios\u201d del Dortmund, y\nal comienzo de la segunda parte el ingl\u00e9s Jadon Sancho marcaba el segundo.<\/p>\n\n\n\n<p>Reaccion\u00f3 el Leipzig, que deb\u00eda ganar para seguir\nmanteniendo opciones de t\u00edtulo, y lo igual\u00f3 gracias a los tantos de Klostermann\ny el espa\u00f1ol Dani Olmo.<\/p>\n\n\n\n<p>Sobre el final, cuando el Leipzig buscaba la victoria\napareci\u00f3 el tercero del Dortmund por intermedio de Sancho a los 87 minutos, gol\nque adem\u00e1s les daba el t\u00edtulo a los b\u00e1varos.<\/p>\n\n\n\n<p>En el Allianz Arena todo era fiesta antes de comenzar\nel encuentro, y la misma fue completa en el campo de juego.<\/p>\n\n\n\n<p>El Bayern aplast\u00f3 al Borussia Moenchengladbach 6 a 0,\ncon un hatt-trick del implacable Robert Lewandowski, que lleg\u00f3 a 39 goles en\nesta temporada, y que seguramente se llevar\u00e1 nuevamente la Bota de Oro,\ncompletando la goleada Thomas M\u00fcller, Kingsley Coman y Leroy San\u00e9.<\/p>\n\n\n\n<p>A 2 jornadas del final, Bayern M\u00fanich dej\u00f3 sentenciado\nel t\u00edtulo con 74 puntos, 10 m\u00e1s que el segundo, el Leipzig. <\/p>\n\n\n\n<p>T\u00edtulo n\u00famero 30 del club m\u00e1s ganador del f\u00fatbol alem\u00e1n, contra 5 del Borussia Dortmund y Borussia Moenchengladbach, que le siguen en el historial.<\/p>\n\n\n<p><script async src=\"https:\/\/pagead2.googlesyndication.com\/pagead\/js\/adsbygoogle.js\"><\/script><br \/>\n<!-- PC 728x90 --><br \/>\n<ins class=\"adsbygoogle\"\nstyle=\"display:inline-block;width:728px;height:90px\"\ndata-ad-client=\"ca-pub-9427576701762839\"\ndata-ad-slot=\"1011393878\"><\/ins><br \/>\n<script>\n(adsbygoogle = window.adsbygoogle || []).push({});\n<\/script><\/p>\n\n\n\n<figure class=\"wp-block-embed-twitter wp-block-embed is-type-rich is-provider-twitter\"><div class=\"wp-block-embed__wrapper\">\n<blockquote class=\"twitter-tweet\" data-width=\"550\" data-dnt=\"true\"><p lang=\"es\" dir=\"ltr\">\ud83c\udfb6 \u00a1CAMPEONES, CAMPEONES OL\u00c9, OL\u00c9, OL\u00c9! \ud83c\udfb6<a href=\"https:\/\/twitter.com\/hashtag\/MiaSanMeister?src=hash&amp;ref_src=twsrc%5Etfw\">#MiaSanMeister<\/a> <a href=\"https:\/\/twitter.com\/hashtag\/to9ether?src=hash&amp;ref_src=twsrc%5Etfw\">#to9ether<\/a> <a href=\"https:\/\/t.co\/bAcvpGJlFi\">pic.twitter.com\/bAcvpGJlFi<\/a><\/p>&mdash; \ud83c\udfc6 CAMPEONES \ud83c\udfc6 (@FCBayernES) <a href=\"https:\/\/twitter.com\/FCBayernES\/status\/1391099427893489673?ref_src=twsrc%5Etfw\">May 8, 2021<\/a><\/blockquote><script async src=\"https:\/\/platform.twitter.com\/widgets.js\" charset=\"utf-8\"><\/script>\n<\/div><\/figure>\n\n\n<p><script async src=\"https:\/\/pagead2.googlesyndication.com\/pagead\/js\/adsbygoogle.js\"><\/script><br \/>\n<!-- PC 728x90 --><br \/>\n<ins class=\"adsbygoogle\"\nstyle=\"display:inline-block;width:728px;height:90px\"\ndata-ad-client=\"ca-pub-9427576701762839\"\ndata-ad-slot=\"1011393878\"><\/ins><br \/>\n<script>\n(adsbygoogle = window.adsbygoogle || []).push({});\n<\/script><\/p>\n\n\n\n<p><\/p>\n","protected":false},"excerpt":{"rendered":"<p>Por Antony Callero \/ Twitter @AntonyCallero Otro d\u00eda de fiesta en M\u00fanich, el Bayern es nuevamente campe\u00f3n de la Bundesliga alemana. Los de Hansi Flick obtuvieron su noveno t\u00edtulo consecutivo, igualando de esta manera el record que ostentaba Juventus en las grandes ligas. Antes de salir a disputar su partido, el Bayern ya se hab\u00eda&#8230; <\/p>\n<div class=\"clear\"><\/div>\n<p><a href=\"https:\/\/latribunera.com\/apuntes\/index.php\/2021\/05\/09\/bayern-munich-obtiene-su-novena-bundesliga-consecutiva\/\" class=\"excerpt-read-more\">Read More<i class=\"fa fa-caret-right icon-caret-right\"><\/i><\/a><\/p>\n","protected":false},"author":4,"featured_media":16211,"comment_status":"open","ping_status":"open","sticky":false,"template":"","format":"standard","meta":{"_jetpack_memberships_contains_paid_content":false,"footnotes":""},"categories":[231,3,83],"tags":[445,204],"class_list":["post-16210","post","type-post","status-publish","format-standard","has-post-thumbnail","hentry","category-apuntes","category-futbol","category-futbol-europeo","tag-alemania","tag-bayern-munich"],"jetpack_featured_media_url":"https:\/\/latribunera.com\/apuntes\/wp-content\/uploads\/2021\/05\/BAYERN.jpg","jetpack-related-posts":[{"id":45386,"url":"https:\/\/latribunera.com\/apuntes\/index.php\/2026\/03\/11\/santos-launa-impulsa-mejoras-en-la-infraestructura-de-tsm-y-estadio-corona\/","url_meta":{"origin":16210,"position":0},"title":"Santos Laguna impulsa mejoras en la infraestructura de TSM y Estadio Corona","author":"Jacob Alarcon","date":"11 marzo, 2026","format":false,"excerpt":"Club Santos Laguna lleva a cabo una serie de reformas y mejoras en la infraestructura de TerritorioSantos Modelo y del Estadio Corona, con el objetivo de impulsar la innovaci\u00f3n tecnol\u00f3gica, lasostenibilidad y la modernizaci\u00f3n de sus espacios.Con estas acciones, el club contin\u00faa fortaleciendo la experiencia de sus aficionados yactualizando sus\u2026","rel":"","context":"In &quot;Pasi\u00f3n Guerrera&quot;","block_context":{"text":"Pasi\u00f3n Guerrera","link":"https:\/\/latribunera.com\/apuntes\/index.php\/category\/tribus\/pasionguerrera\/"},"img":{"alt_text":"","src":"https:\/\/i0.wp.com\/latribunera.com\/apuntes\/wp-content\/uploads\/2026\/03\/Renovacion-TSM.jpg?resize=350%2C200&ssl=1","width":350,"height":200,"srcset":"https:\/\/i0.wp.com\/latribunera.com\/apuntes\/wp-content\/uploads\/2026\/03\/Renovacion-TSM.jpg?resize=350%2C200&ssl=1 1x, https:\/\/i0.wp.com\/latribunera.com\/apuntes\/wp-content\/uploads\/2026\/03\/Renovacion-TSM.jpg?resize=525%2C300&ssl=1 1.5x, https:\/\/i0.wp.com\/latribunera.com\/apuntes\/wp-content\/uploads\/2026\/03\/Renovacion-TSM.jpg?resize=700%2C400&ssl=1 2x, https:\/\/i0.wp.com\/latribunera.com\/apuntes\/wp-content\/uploads\/2026\/03\/Renovacion-TSM.jpg?resize=1050%2C600&ssl=1 3x, https:\/\/i0.wp.com\/latribunera.com\/apuntes\/wp-content\/uploads\/2026\/03\/Renovacion-TSM.jpg?resize=1400%2C800&ssl=1 4x"},"classes":[]}],"jetpack_sharing_enabled":true,"_links":{"self":[{"href":"https:\/\/latribunera.com\/apuntes\/index.php\/wp-json\/wp\/v2\/posts\/16210","targetHints":{"allow":["GET"]}}],"collection":[{"href":"https:\/\/latribunera.com\/apuntes\/index.php\/wp-json\/wp\/v2\/posts"}],"about":[{"href":"https:\/\/latribunera.com\/apuntes\/index.php\/wp-json\/wp\/v2\/types\/post"}],"author":[{"embeddable":true,"href":"https:\/\/latribunera.com\/apuntes\/index.php\/wp-json\/wp\/v2\/users\/4"}],"replies":[{"embeddable":true,"href":"https:\/\/latribunera.com\/apuntes\/index.php\/wp-json\/wp\/v2\/comments?post=16210"}],"version-history":[{"count":2,"href":"https:\/\/latribunera.com\/apuntes\/index.php\/wp-json\/wp\/v2\/posts\/16210\/revisions"}],"predecessor-version":[{"id":16214,"href":"https:\/\/latribunera.com\/apuntes\/index.php\/wp-json\/wp\/v2\/posts\/16210\/revisions\/16214"}],"wp:featuredmedia":[{"embeddable":true,"href":"https:\/\/latribunera.com\/apuntes\/index.php\/wp-json\/wp\/v2\/media\/16211"}],"wp:attachment":[{"href":"https:\/\/latribunera.com\/apuntes\/index.php\/wp-json\/wp\/v2\/media?parent=16210"}],"wp:term":[{"taxonomy":"category","embeddable":true,"href":"https:\/\/latribunera.com\/apuntes\/index.php\/wp-json\/wp\/v2\/categories?post=16210"},{"taxonomy":"post_tag","embeddable":true,"href":"https:\/\/latribunera.com\/apuntes\/index.php\/wp-json\/wp\/v2\/tags?post=16210"}],"curies":[{"name":"wp","href":"https:\/\/api.w.org\/{rel}","templated":true}]}}