{"id":16813,"date":"2021-05-20T21:59:26","date_gmt":"2021-05-20T21:59:26","guid":{"rendered":"https:\/\/latribunera.com\/apuntes\/?p=16813"},"modified":"2021-05-20T22:56:08","modified_gmt":"2021-05-20T22:56:08","slug":"la-presentacion-del-piojo-herrera","status":"publish","type":"post","link":"https:\/\/latribunera.com\/apuntes\/index.php\/2021\/05\/20\/la-presentacion-del-piojo-herrera\/","title":{"rendered":"MIGUEL HERRERA QUIERE QUE TIGRES SEA QUERIDO"},"content":{"rendered":"<p><script async=\"\" src=\"https:\/\/pagead2.googlesyndication.com\/pagead\/js\/adsbygoogle.js\"><\/script><br \/>\n<!-- PC 728x90 --><br \/>\n<ins class=\"adsbygoogle\" style=\"display:inline-block;width:728px;height:90px\" data-ad-client=\"ca-pub-9427576701762839\" data-ad-slot=\"1011393878\"><\/ins><br \/>\n<script>\n(adsbygoogle = window.adsbygoogle || []).push({});\n<\/script><\/p>\n\n\n\n<p><strong>Eres de\nexigencia \u00bfC\u00f3mo visualizas una exigencia diferente?<\/strong><\/p>\n\n\n\n<p>\u201cVenimos a un equipo donde no hay crisis, las cosas se hicieron bien, hay gran exigencia, siempre la gente est\u00e1 apoyando, venimos a hacer lo mejor posible, agradecido de ser quien supla la era de Tuca, a Culebro, Doehner, todos, venimos a hacer una \u00e9poca diferente, queremos que sea un equipo exitoso\u201d<\/p>\n\n\n\n<p><strong>\u00bfEs un sue\u00f1o de venir a Tigres\u2026<\/strong><\/p>\n\n\n\n<p>\u201cSi, llego ilusionado, con deseos de hacer lo mejor posible, content\u00edsimo, ya con ganas de estar una instituci\u00f3n donde la mejor afici\u00f3n es la de Tigres, siempre est\u00e1 en las buena y en las malas, han tenido d\u00e9cada buena, esperemos que esta sean muchas buenas, muy ilusionado, con ganas de trabajar y empezar una nueva era\u201d<\/p>\n\n\n\n<p><strong>Mas envidiado<\/strong><\/p>\n\n\n\n<p>\u201cQue sea querido, seguido, que les guste como juegue,\nque la entrega sea a tope, tenemos una frase: aqu\u00ed nos tenemos que partir la\nmadre, as\u00ed va ser, esperemos que m\u00e1s que molesta esta contenta y siga esta instituci\u00f3n,\nvamos a generar el mejor futbol y \u00e9xitos\u201d<\/p>\n\n\n\n<p><strong>Futbol\nvertical<\/strong><\/p>\n\n\n\n<p>\u201cAgradecerle las exigencias, trataremos de llenar de balones a los delanteros, que sea un equipo equilibrado, recuperarlo lo m\u00e1s pronto posible, un equipo din\u00e1mico, que siga el camino del \u00e9xito\u201d<\/p>\n\n\n\n<p><strong>Llenar zapatos\nde Tuca<\/strong><\/p>\n\n\n\n<p>\u201cTuca ha dejado la vara muy alta, nos da gusta llegar a una nueva \u00e9poca, es tratar de emular o mejorar los logros, tenemos gran plantel, tenemos a la mejor afici\u00f3n, quiero ser un Tuca Ferretti, nuestro proyecto esperemos que sea muy a largo plazos, los resultados tienen que ser ya, este equipo est\u00e1 fuerte, los muchachos saben lo que quieren\u201d<\/p>\n\n\n<p><script async=\"\" src=\"https:\/\/pagead2.googlesyndication.com\/pagead\/js\/adsbygoogle.js\"><\/script><br \/>\n<!-- PC 728x90 --><br \/>\n<ins class=\"adsbygoogle\" style=\"display:inline-block;width:728px;height:90px\" data-ad-client=\"ca-pub-9427576701762839\" data-ad-slot=\"1011393878\"><\/ins><br \/>\n<script>\n(adsbygoogle = window.adsbygoogle || []).push({});\n<\/script><\/p>\n\n\n\n<p><strong>Estilo de juego<\/strong><\/p>\n\n\n\n<p>\u201cS\u00ed, la\nidea es aterriza m\u00ed, por eso quiero trabajar, desde el 7 lo que yo pretendo,\nsabemos que con lo que hicieron alcanz\u00f3, esperemos m\u00e1s\u201d<\/p>\n\n\n\n<p><strong>Plantel basto<\/strong><\/p>\n\n\n\n<p>\u201cNos da gusto, todos los t\u00e9cnicos queremos tener ese problema, contento con ese problema, trabajar con ellos, me gusta generar competencia interna, esperemos todos se maten por jugar, capacidad y cantidad tengo gracias a Dios\u201d<\/p>\n\n\n\n<p><strong>Tuca sigue \u00bfTe incomoda?<\/strong><\/p>\n\n\n\n<p>\u201cNo, me parece que una situaci\u00f3n de Tuca y directiva, me parece que est\u00e1 tomando sus decisiones, vengo a cumplir, me dijeron venir ahora, poner la firma, siempre a los equipos que llego trato de incrustar alguien de la instituci\u00f3n, lo hice antes y ahora para conocer m\u00e1s a la instituci\u00f3n y para que la comunicaci\u00f3n con el grupo sea m\u00e1s efectiva\u201d<\/p>\n\n\n\n<p><strong>Mensaje a la afici\u00f3n<\/strong><\/p>\n\n\n\n<p>\u201cVamos a\ntratar de ganar todos los partidos, que no pensar en las avalanchas de local y\nde visitante, eso me agrada, hay gran compromiso\u201d<\/p>\n\n\n\n<p>Manejo del\nvestuario<\/p>\n\n\n\n<p>\u201cNo hay mucho que pensar, me ha tocado manejar grupos importantes como lo es hoy en d\u00eda, es acercarme con ellos, platicar, buscar que se casen con la idea, armar el grupo, s\u00e9 que es un grupo sano\u201d<\/p>\n\n\n<p><script async=\"\" src=\"https:\/\/pagead2.googlesyndication.com\/pagead\/js\/adsbygoogle.js\"><\/script><br \/>\n<!-- PC 728x90 --><br \/>\n<ins class=\"adsbygoogle\" style=\"display:inline-block;width:728px;height:90px\" data-ad-client=\"ca-pub-9427576701762839\" data-ad-slot=\"1011393878\"><\/ins><br \/>\n<script>\n(adsbygoogle = window.adsbygoogle || []).push({});\n<\/script><\/p>\n\n\n\n<p><strong>Refuerzos<\/strong><\/p>\n\n\n\n<p>\u201cHay vamos,\nprimero resolver lo nuestro, ya hoy ha sido platica con los medios, las redes,\nMauricio, Sancho para ver que buscamos, tenemos que dar mucho a su gran\nafici\u00f3n, estamos contentos de que haya gran ilusi\u00f3n\u201d<\/p>\n\n\n\n<p><strong>La pasi\u00f3n en Monterrey.<\/strong><\/p>\n\n\n\n<p>\u201cMe sorprend\u00ed lo que se vive en los equipos la primera vez, lo que la gente es, la gente regiomontana primero ve futbol y luego respiran, regreso con todo esto y ha crecido, los dos equipos han crecido much\u00edsimo y Tigres el mejor de la d\u00e9cada pasada, yo con ganas de dar resultados y entregarnos para la gran afici\u00f3n incomparable\u201d<\/p>\n\n\n\n<p><strong>Rivalidades vs. Am\u00e9rica<\/strong><\/p>\n\n\n\n<p>\u201cSin duda\nno podemos hablar de otro cl\u00e1sico que no sea Tigres y Rayados, hoy lo vivir\u00e9 de\neste lado, el orgullo tiene que estar intacto, el Am\u00e9rica-Tigres se hizo\nrepetitivo porque los equipos estaban ah\u00ed, nos interesa el cl\u00e1sico, el que le\ninteresa a la gente\u201d<\/p>\n\n\n\n<p><strong>\u00bfHas\nplaticado con Gignac o Guido, los referentes?<\/strong><\/p>\n\n\n\n<p>\u201cHoy tuve la felicidad de platicar con Nahuel, una larga charla previo a lo que hicimos (el Live), ir\u00e9 platicando, ya he empezado a pedir los tel\u00e9fonos y que haya ese acercamiento, los dem\u00e1s atendiendo llamadas de ustedes, claro que me acercare a todos\u201d<\/p>\n\n\n\n<p><strong>\u00bfQu\u00e9 te\nconvenci\u00f3?<\/strong><\/p>\n\n\n\n<p>\u201cTuve algunos\nofrecimientos, no tan atractivos, pero bueno llego esta propuesta y un equipo\ntan importante en una ciudad con pasi\u00f3n desborda por supuesto que llena para\nregresar para entregarme a la mejor afici\u00f3n de M\u00e9xico\u201d<\/p>\n\n\n\n<p><strong>El sello de Miguel \u00bfQu\u00e9 tan r\u00e1pido se puede ver?<\/strong><\/p>\n\n\n\n<p>\u201cEspero no tardar mucho, trabajar en cancha para incrustar lo que pretendemos, el futbolista entiende lo que el t\u00e9cnico pide para hacer un equipo m\u00e1s vertical\u201d<\/p>\n\n\n\n<p><strong>Pasado rayado\u2026<\/strong><\/p>\n\n\n\n<p>\u201cSoy profesional del futbol, hoy me toca estar en Tigres y me dedicar\u00e9 al 100, lo \u00fanico que pienso es que tengamos \u00e9xito, lo que pas\u00f3 atr\u00e1s agradecido, pero hoy con Tigres\u201d<\/p>\n\n\n\n<p><strong>Producci\u00f3n de la cantera \u00bfCu\u00e1l es el plan?<\/strong><\/p>\n\n\n\n<p>\u201cSi, vamos\na trabajar mucho con las FB, siempre me ha gustado estar pegado a la SUB20 y\n17, todav\u00eda no hemos visto a nadie, habr\u00e1 que verlos en las siguientes semanas,\nla idea es que la cantera de Tigres de jugadores\u201d<\/p>\n\n\n\n<p><strong>\u00bfQu\u00e9 es m\u00e1s importante a corto plazo?<\/strong><\/p>\n\n\n\n<p>\u201cVengo a una gran instituci\u00f3n con \u00e9xito, lo m\u00e1s importante es que agrade a la gente y por supuesto un campeonato local, nos importa todo lo que compitamos, vamos a buscar estar en las Finales, trataremos de que se mate en la cancha, agrade y despu\u00e9s el resultado es consecuencia de lo que haces\u201d<\/p>\n\n\n<p><script async=\"\" src=\"https:\/\/pagead2.googlesyndication.com\/pagead\/js\/adsbygoogle.js\"><\/script><br \/>\n<!-- PC 728x90 --><br \/>\n<ins class=\"adsbygoogle\" style=\"display:inline-block;width:728px;height:90px\" data-ad-client=\"ca-pub-9427576701762839\" data-ad-slot=\"1011393878\"><\/ins><br \/>\n<script>\n(adsbygoogle = window.adsbygoogle || []).push({});\n<\/script><\/p>\n\n\n\n<p><\/p>\n\n\n","protected":false},"excerpt":{"rendered":"<p>Eres de exigencia \u00bfC\u00f3mo visualizas una exigencia diferente? \u201cVenimos a un equipo donde no hay crisis, las cosas se hicieron bien, hay gran exigencia, siempre la gente est\u00e1 apoyando, venimos a hacer lo mejor posible, agradecido de ser quien supla la era de Tuca, a Culebro, Doehner, todos, venimos a hacer una \u00e9poca diferente, queremos&#8230; <\/p>\n<div class=\"clear\"><\/div>\n<p><a href=\"https:\/\/latribunera.com\/apuntes\/index.php\/2021\/05\/20\/la-presentacion-del-piojo-herrera\/\" class=\"excerpt-read-more\">Read More<i class=\"fa fa-caret-right icon-caret-right\"><\/i><\/a><\/p>\n","protected":false},"author":26,"featured_media":16838,"comment_status":"open","ping_status":"open","sticky":false,"template":"","format":"standard","meta":{"_jetpack_memberships_contains_paid_content":false,"footnotes":""},"categories":[231,3,2,278],"tags":[435,74,102,103],"class_list":["post-16813","post","type-post","status-publish","format-standard","has-post-thumbnail","hentry","category-apuntes","category-futbol","category-futbol-mexicano","category-solotigres","tag-el-piojo","tag-liga-mx","tag-tigres","tag-uanl"],"jetpack_featured_media_url":"https:\/\/latribunera.com\/apuntes\/wp-content\/uploads\/2021\/05\/Dise\u00f1o-sin-t\u00edtulo-17.jpg","jetpack-related-posts":[{"id":45489,"url":"https:\/\/latribunera.com\/apuntes\/index.php\/2026\/08\/14\/santos-laguna-invita-a-su-aficion-a-pintar-de-verde-el-corona-ante-chivas\/","url_meta":{"origin":16813,"position":0},"title":"Santos Laguna invita a su afici\u00f3n a pintar de verde el Corona ante Chivas.","author":"Staff","date":"14 agosto, 2026","format":false,"excerpt":"\u2022 Los Guerreros regresan a casa con el envi\u00f3n an\u00edmico de su triunfo ante Philadelphia Union y buscar\u00e1n, junto a su afici\u00f3n, su primera victoria del Apertura 2026. Luego de cerrar su participaci\u00f3n en la Leagues Cup 2026 con una victoria de 2 a 0 sobre Philadelphia Union en el\u2026","rel":"","context":"In &quot;Liga MX&quot;","block_context":{"text":"Liga MX","link":"https:\/\/latribunera.com\/apuntes\/index.php\/category\/futbol\/futbol-mexicano\/"},"img":{"alt_text":"","src":"https:\/\/i0.wp.com\/latribunera.com\/apuntes\/wp-content\/uploads\/2026\/08\/IMG-20260814-WA0041.jpg?resize=350%2C200&ssl=1","width":350,"height":200,"srcset":"https:\/\/i0.wp.com\/latribunera.com\/apuntes\/wp-content\/uploads\/2026\/08\/IMG-20260814-WA0041.jpg?resize=350%2C200&ssl=1 1x, https:\/\/i0.wp.com\/latribunera.com\/apuntes\/wp-content\/uploads\/2026\/08\/IMG-20260814-WA0041.jpg?resize=525%2C300&ssl=1 1.5x, https:\/\/i0.wp.com\/latribunera.com\/apuntes\/wp-content\/uploads\/2026\/08\/IMG-20260814-WA0041.jpg?resize=700%2C400&ssl=1 2x, https:\/\/i0.wp.com\/latribunera.com\/apuntes\/wp-content\/uploads\/2026\/08\/IMG-20260814-WA0041.jpg?resize=1050%2C600&ssl=1 3x, https:\/\/i0.wp.com\/latribunera.com\/apuntes\/wp-content\/uploads\/2026\/08\/IMG-20260814-WA0041.jpg?resize=1400%2C800&ssl=1 4x"},"classes":[]},{"id":45502,"url":"https:\/\/latribunera.com\/apuntes\/index.php\/2026\/08\/25\/el-corona-se-prepara-para-una-noche-especial-ante-tigres\/","url_meta":{"origin":16813,"position":1},"title":"El Corona se prepara para una noche especial ante Tigres","author":"Staff","date":"25 agosto, 2026","format":false,"excerpt":"Un nuevo duelo en el Estadio Corona est\u00e1 cada vez m\u00e1s cerca y la afici\u00f3n santista se prepara para vivir una noche llena de emociones. Los Guerreros recibir\u00e1n a Tigres este s\u00e1bado 29 de agosto a las 21:10 horas, en partido correspondiente a la jornada 6 del Torneo Apertura 2026.\u2026","rel":"","context":"In &quot;Pasi\u00f3n Guerrera&quot;","block_context":{"text":"Pasi\u00f3n Guerrera","link":"https:\/\/latribunera.com\/apuntes\/index.php\/category\/tribus\/pasionguerrera\/"},"img":{"alt_text":"","src":"https:\/\/i0.wp.com\/latribunera.com\/apuntes\/wp-content\/uploads\/2026\/08\/Drones-TSM.jpg?resize=350%2C200&ssl=1","width":350,"height":200,"srcset":"https:\/\/i0.wp.com\/latribunera.com\/apuntes\/wp-content\/uploads\/2026\/08\/Drones-TSM.jpg?resize=350%2C200&ssl=1 1x, https:\/\/i0.wp.com\/latribunera.com\/apuntes\/wp-content\/uploads\/2026\/08\/Drones-TSM.jpg?resize=525%2C300&ssl=1 1.5x, https:\/\/i0.wp.com\/latribunera.com\/apuntes\/wp-content\/uploads\/2026\/08\/Drones-TSM.jpg?resize=700%2C400&ssl=1 2x, https:\/\/i0.wp.com\/latribunera.com\/apuntes\/wp-content\/uploads\/2026\/08\/Drones-TSM.jpg?resize=1050%2C600&ssl=1 3x, https:\/\/i0.wp.com\/latribunera.com\/apuntes\/wp-content\/uploads\/2026\/08\/Drones-TSM.jpg?resize=1400%2C800&ssl=1 4x"},"classes":[]},{"id":45478,"url":"https:\/\/latribunera.com\/apuntes\/index.php\/2026\/08\/11\/club-santos-laguna-ofrece-a-su-aficion-el-pack-vs-chivas-tigres\/","url_meta":{"origin":16813,"position":2},"title":"Club Santos Laguna ofrece a su afici\u00f3n el pack vs Chivas + Tigres","author":"Staff","date":"11 agosto, 2026","format":false,"excerpt":"\u2022 El paquete asegura dos de los tres partidos de mayor demanda del semestre y da acceso preferente a la venta ante Tigres. Club Santos Laguna ofrece a su afici\u00f3n el Pack Santos vs Chivas + Tigres, un paquete especial que permite asegurar el lugar en dos de los duelos\u2026","rel":"","context":"In &quot;Pasi\u00f3n Guerrera&quot;","block_context":{"text":"Pasi\u00f3n Guerrera","link":"https:\/\/latribunera.com\/apuntes\/index.php\/category\/tribus\/pasionguerrera\/"},"img":{"alt_text":"","src":"https:\/\/i0.wp.com\/latribunera.com\/apuntes\/wp-content\/uploads\/2026\/08\/IMG-20260810-WA0178.jpg?resize=350%2C200&ssl=1","width":350,"height":200,"srcset":"https:\/\/i0.wp.com\/latribunera.com\/apuntes\/wp-content\/uploads\/2026\/08\/IMG-20260810-WA0178.jpg?resize=350%2C200&ssl=1 1x, https:\/\/i0.wp.com\/latribunera.com\/apuntes\/wp-content\/uploads\/2026\/08\/IMG-20260810-WA0178.jpg?resize=525%2C300&ssl=1 1.5x, https:\/\/i0.wp.com\/latribunera.com\/apuntes\/wp-content\/uploads\/2026\/08\/IMG-20260810-WA0178.jpg?resize=700%2C400&ssl=1 2x, https:\/\/i0.wp.com\/latribunera.com\/apuntes\/wp-content\/uploads\/2026\/08\/IMG-20260810-WA0178.jpg?resize=1050%2C600&ssl=1 3x, https:\/\/i0.wp.com\/latribunera.com\/apuntes\/wp-content\/uploads\/2026\/08\/IMG-20260810-WA0178.jpg?resize=1400%2C800&ssl=1 4x"},"classes":[]},{"id":45513,"url":"https:\/\/latribunera.com\/apuntes\/index.php\/2026\/08\/26\/exguerreros-mandan-mensajes-de-apoyo-a-santos-laguna\/","url_meta":{"origin":16813,"position":3},"title":"Exguerreros mandan mensajes de apoyo a Santos Laguna","author":"Staff","date":"26 agosto, 2026","format":false,"excerpt":"Exjugadores santistas comenzaron a manifestar su apoyo al Club Santos Laguna a trav\u00e9s de sus redes sociales, destacando la participaci\u00f3n de futbolistas de diferentes etapas en la historia de la instituci\u00f3n, recordados con mucho cari\u00f1o por la afici\u00f3n Guerrera y varios de ellos campeones con Santos Laguna. Entre quienes han\u2026","rel":"","context":"In &quot;Pasi\u00f3n Guerrera&quot;","block_context":{"text":"Pasi\u00f3n Guerrera","link":"https:\/\/latribunera.com\/apuntes\/index.php\/category\/tribus\/pasionguerrera\/"},"img":{"alt_text":"","src":"https:\/\/i0.wp.com\/latribunera.com\/apuntes\/wp-content\/uploads\/2026\/08\/Redes-Ex-Guerreros.jpg?resize=350%2C200&ssl=1","width":350,"height":200,"srcset":"https:\/\/i0.wp.com\/latribunera.com\/apuntes\/wp-content\/uploads\/2026\/08\/Redes-Ex-Guerreros.jpg?resize=350%2C200&ssl=1 1x, https:\/\/i0.wp.com\/latribunera.com\/apuntes\/wp-content\/uploads\/2026\/08\/Redes-Ex-Guerreros.jpg?resize=525%2C300&ssl=1 1.5x, https:\/\/i0.wp.com\/latribunera.com\/apuntes\/wp-content\/uploads\/2026\/08\/Redes-Ex-Guerreros.jpg?resize=700%2C400&ssl=1 2x, https:\/\/i0.wp.com\/latribunera.com\/apuntes\/wp-content\/uploads\/2026\/08\/Redes-Ex-Guerreros.jpg?resize=1050%2C600&ssl=1 3x, https:\/\/i0.wp.com\/latribunera.com\/apuntes\/wp-content\/uploads\/2026\/08\/Redes-Ex-Guerreros.jpg?resize=1400%2C800&ssl=1 4x"},"classes":[]},{"id":45462,"url":"https:\/\/latribunera.com\/apuntes\/index.php\/2026\/07\/27\/una-experiencia-unica-para-la-aficion-en-el-estadio-corona\/","url_meta":{"origin":16813,"position":4},"title":"Una experiencia \u00fanica para la afici\u00f3n en el Estadio Corona","author":"Staff","date":"27 julio, 2026","format":false,"excerpt":"El Estadio Corona vivi\u00f3 una noche llena de emociones, en la que la sinergia entre el equipo y la afici\u00f3n se hizo presente de principio a fin. M\u00e1s de 20 mil aficionados se dieron cita en la casa de los Guerreros para compartir una jornada llena de momentos especiales. Desde\u2026","rel":"","context":"In &quot;Liga MX&quot;","block_context":{"text":"Liga MX","link":"https:\/\/latribunera.com\/apuntes\/index.php\/category\/futbol\/futbol-mexicano\/"},"img":{"alt_text":"","src":"https:\/\/i0.wp.com\/latribunera.com\/apuntes\/wp-content\/uploads\/2026\/07\/Carlos-Acevedo-Protocol-Tunel-Jornada-2-vs-Atlas.jpg?resize=350%2C200&ssl=1","width":350,"height":200,"srcset":"https:\/\/i0.wp.com\/latribunera.com\/apuntes\/wp-content\/uploads\/2026\/07\/Carlos-Acevedo-Protocol-Tunel-Jornada-2-vs-Atlas.jpg?resize=350%2C200&ssl=1 1x, https:\/\/i0.wp.com\/latribunera.com\/apuntes\/wp-content\/uploads\/2026\/07\/Carlos-Acevedo-Protocol-Tunel-Jornada-2-vs-Atlas.jpg?resize=525%2C300&ssl=1 1.5x, https:\/\/i0.wp.com\/latribunera.com\/apuntes\/wp-content\/uploads\/2026\/07\/Carlos-Acevedo-Protocol-Tunel-Jornada-2-vs-Atlas.jpg?resize=700%2C400&ssl=1 2x, https:\/\/i0.wp.com\/latribunera.com\/apuntes\/wp-content\/uploads\/2026\/07\/Carlos-Acevedo-Protocol-Tunel-Jornada-2-vs-Atlas.jpg?resize=1050%2C600&ssl=1 3x, https:\/\/i0.wp.com\/latribunera.com\/apuntes\/wp-content\/uploads\/2026\/07\/Carlos-Acevedo-Protocol-Tunel-Jornada-2-vs-Atlas.jpg?resize=1400%2C800&ssl=1 4x"},"classes":[]},{"id":45434,"url":"https:\/\/latribunera.com\/apuntes\/index.php\/2026\/05\/28\/45434\/","url_meta":{"origin":16813,"position":5},"title":"Renato Paiva es presentado como Director T\u00e9cnico de Santos Laguna","author":"Jacob Alarcon","date":"28 mayo, 2026","format":false,"excerpt":"Santos Laguna llev\u00f3 a cabo este jueves la presentaci\u00f3n oficial de Renato Paiva como nuevo Director T\u00e9cnico del Primer Equipo, en conferencia de prensa realizada en el Auditorio Orlegi de Territorio Santos Modelo, encabezada por Alejandro Irarragorri Kalb, Presidente del Club, y Gonzalo Pineda, Director de Futbol del Primer Equipo.\u2026","rel":"","context":"In &quot;Pasi\u00f3n Guerrera&quot;","block_context":{"text":"Pasi\u00f3n Guerrera","link":"https:\/\/latribunera.com\/apuntes\/index.php\/category\/tribus\/pasionguerrera\/"},"img":{"alt_text":"","src":"https:\/\/i0.wp.com\/latribunera.com\/apuntes\/wp-content\/uploads\/2026\/05\/RENATO-PAIVA.jpg?resize=350%2C200&ssl=1","width":350,"height":200,"srcset":"https:\/\/i0.wp.com\/latribunera.com\/apuntes\/wp-content\/uploads\/2026\/05\/RENATO-PAIVA.jpg?resize=350%2C200&ssl=1 1x, https:\/\/i0.wp.com\/latribunera.com\/apuntes\/wp-content\/uploads\/2026\/05\/RENATO-PAIVA.jpg?resize=525%2C300&ssl=1 1.5x, https:\/\/i0.wp.com\/latribunera.com\/apuntes\/wp-content\/uploads\/2026\/05\/RENATO-PAIVA.jpg?resize=700%2C400&ssl=1 2x, https:\/\/i0.wp.com\/latribunera.com\/apuntes\/wp-content\/uploads\/2026\/05\/RENATO-PAIVA.jpg?resize=1050%2C600&ssl=1 3x, https:\/\/i0.wp.com\/latribunera.com\/apuntes\/wp-content\/uploads\/2026\/05\/RENATO-PAIVA.jpg?resize=1400%2C800&ssl=1 4x"},"classes":[]}],"jetpack_sharing_enabled":true,"_links":{"self":[{"href":"https:\/\/latribunera.com\/apuntes\/index.php\/wp-json\/wp\/v2\/posts\/16813","targetHints":{"allow":["GET"]}}],"collection":[{"href":"https:\/\/latribunera.com\/apuntes\/index.php\/wp-json\/wp\/v2\/posts"}],"about":[{"href":"https:\/\/latribunera.com\/apuntes\/index.php\/wp-json\/wp\/v2\/types\/post"}],"author":[{"embeddable":true,"href":"https:\/\/latribunera.com\/apuntes\/index.php\/wp-json\/wp\/v2\/users\/26"}],"replies":[{"embeddable":true,"href":"https:\/\/latribunera.com\/apuntes\/index.php\/wp-json\/wp\/v2\/comments?post=16813"}],"version-history":[{"count":10,"href":"https:\/\/latribunera.com\/apuntes\/index.php\/wp-json\/wp\/v2\/posts\/16813\/revisions"}],"predecessor-version":[{"id":16841,"href":"https:\/\/latribunera.com\/apuntes\/index.php\/wp-json\/wp\/v2\/posts\/16813\/revisions\/16841"}],"wp:featuredmedia":[{"embeddable":true,"href":"https:\/\/latribunera.com\/apuntes\/index.php\/wp-json\/wp\/v2\/media\/16838"}],"wp:attachment":[{"href":"https:\/\/latribunera.com\/apuntes\/index.php\/wp-json\/wp\/v2\/media?parent=16813"}],"wp:term":[{"taxonomy":"category","embeddable":true,"href":"https:\/\/latribunera.com\/apuntes\/index.php\/wp-json\/wp\/v2\/categories?post=16813"},{"taxonomy":"post_tag","embeddable":true,"href":"https:\/\/latribunera.com\/apuntes\/index.php\/wp-json\/wp\/v2\/tags?post=16813"}],"curies":[{"name":"wp","href":"https:\/\/api.w.org\/{rel}","templated":true}]}}