{"id":16949,"date":"2021-05-23T14:31:14","date_gmt":"2021-05-23T14:31:14","guid":{"rendered":"https:\/\/latribunera.com\/apuntes\/?p=16949"},"modified":"2021-05-23T19:14:31","modified_gmt":"2021-05-23T19:14:31","slug":"el-puebla-va-por-la-hazana-para-llegar-a-la-final","status":"publish","type":"post","link":"https:\/\/latribunera.com\/apuntes\/index.php\/2021\/05\/23\/el-puebla-va-por-la-hazana-para-llegar-a-la-final\/","title":{"rendered":"EL PUEBLA VA POR LA HAZA\u00d1A PARA LLEGAR A LA FINAL"},"content":{"rendered":"<p><script async=\"\" src=\"https:\/\/pagead2.googlesyndication.com\/pagead\/js\/adsbygoogle.js\"><\/script><br \/>\n<!-- PC 728x90 --><br \/>\n<ins class=\"adsbygoogle\" style=\"display:inline-block;width:728px;height:90px\" data-ad-client=\"ca-pub-9427576701762839\" data-ad-slot=\"1011393878\"><\/ins><br \/>\n<script>\n(adsbygoogle = window.adsbygoogle || []).push({});\n<\/script><\/p>\n\n\n\n<p>Por\nH\u00e9ctor Padilla Lozano \/ @padiyaocelotl<\/p>\n\n\n\n<p>Bastante complicado fue el partido\nde ida en Torre\u00f3n para el Puebla, debido a que el equipo inici\u00f3 un tanto\nnervioso y en el primer minuto ya estaba abajo en el marcador. Igualmente, el\narbitraje inclin\u00f3 la cancha en el segundo tiempo con una falta inexistente, donde\nse deriv\u00f3 el tercer gol de Santos.<\/p>\n\n\n\n<p>Sin embargo, se espera que las\ncosas sean diferentes para la Franja, quien est\u00e1 obligada a meter tres goles\nsin que le hagan anotaci\u00f3n. Situaci\u00f3n que se ve dif\u00edcil, mas no imposible\ndentro del futbol nacional y los Pumas de la UNAM, lo demostraron en la Semifinal\ndel torneo pasado ante Cruz Azul, hoy finalista.<\/p>\n\n\n\n<p>En la Angel\u00f3polis hay bastante\nefervescencia entre la afici\u00f3n a pesar de lo ocurrido en el Norte del pa\u00eds. Un d\u00eda\nantes de la batalla, gran cantidad de aficionados a quienes no les import\u00f3 la\nlluvia, se congregaron en el hotel que alberga al conjunto del Puebla para\nmostrarle su apoyo que fue correspondido al salir los jugadores a agradecer tan\nleal muestra.<\/p>\n\n\n\n<p>Para el t\u00e9cnico enfranjado Nicol\u00e1s Larcam\u00f3n, el equipo para el partido de Vuelta debe ser ofensivo como lo ha demostrado en este Clausura 2021, resaltando que, debe haber mayor contundencia, debiendo el Puebla entregar su mejor versi\u00f3n hacia el frente en lo que va del torneo.<\/p>\n\n\n<p><script async=\"\" src=\"https:\/\/pagead2.googlesyndication.com\/pagead\/js\/adsbygoogle.js\"><\/script><br \/>\n<!-- PC 728x90 --><br \/>\n<ins class=\"adsbygoogle\" style=\"display:inline-block;width:728px;height:90px\" data-ad-client=\"ca-pub-9427576701762839\" data-ad-slot=\"1011393878\"><\/ins><br \/>\n<script>\n(adsbygoogle = window.adsbygoogle || []).push({});\n<\/script><\/p>\n\n\n\n<p>De igual manera, se\u00f1al\u00f3 que, se\npresenta un gran desaf\u00edo, as\u00ed como una enorme oportunidad de que sea una\njornada hist\u00f3rica y quede registrada en los anales de la instituci\u00f3n.<\/p>\n\n\n\n<p>Igualmente, apunt\u00f3 que, en el\nfutbol los protagonistas son los jugadores de quienes se debe hablar. Con ello\nel t\u00e9cnico pampero evit\u00f3 hablar y hacer pol\u00e9mica sobre los arbitrajes que ha\ntenido el equipo no s\u00f3lo en Liguilla, sino en el torneo en general.<\/p>\n\n\n\n<p>Por \u00faltimo, para este partido Semifinal, el Gobierno del Estado de Puebla autoriz\u00f3 que el aforo del Estadio Cuauht\u00e9moc puede estar al 50 % de su ocupaci\u00f3n, donde los boletos pr\u00e1cticamente se agotaron para este encuentro que ser\u00e1 a las siete de la tarde.<\/p>\n\n\n<p><script async=\"\" src=\"https:\/\/pagead2.googlesyndication.com\/pagead\/js\/adsbygoogle.js\"><\/script><br \/>\n<!-- PC 728x90 --><br \/>\n<ins class=\"adsbygoogle\" style=\"display:inline-block;width:728px;height:90px\" data-ad-client=\"ca-pub-9427576701762839\" data-ad-slot=\"1011393878\"><\/ins><br \/>\n<script>\n(adsbygoogle = window.adsbygoogle || []).push({});\n<\/script><\/p>\n","protected":false},"excerpt":{"rendered":"<p>Por H\u00e9ctor Padilla Lozano \/ @padiyaocelotl Bastante complicado fue el partido de ida en Torre\u00f3n para el Puebla, debido a que el equipo inici\u00f3 un tanto nervioso y en el primer minuto ya estaba abajo en el marcador. Igualmente, el arbitraje inclin\u00f3 la cancha en el segundo tiempo con una falta inexistente, donde se deriv\u00f3&#8230; <\/p>\n<div class=\"clear\"><\/div>\n<p><a href=\"https:\/\/latribunera.com\/apuntes\/index.php\/2021\/05\/23\/el-puebla-va-por-la-hazana-para-llegar-a-la-final\/\" class=\"excerpt-read-more\">Read More<i class=\"fa fa-caret-right icon-caret-right\"><\/i><\/a><\/p>\n","protected":false},"author":11,"featured_media":16950,"comment_status":"open","ping_status":"open","sticky":false,"template":"","format":"standard","meta":{"_jetpack_memberships_contains_paid_content":false,"footnotes":""},"categories":[231,3,2],"tags":[74],"class_list":["post-16949","post","type-post","status-publish","format-standard","has-post-thumbnail","hentry","category-apuntes","category-futbol","category-futbol-mexicano","tag-liga-mx"],"jetpack_featured_media_url":"https:\/\/latribunera.com\/apuntes\/wp-content\/uploads\/2021\/05\/E2DBoIXVUAEVcD9.jpg","jetpack-related-posts":[{"id":45386,"url":"https:\/\/latribunera.com\/apuntes\/index.php\/2026\/03\/11\/santos-launa-impulsa-mejoras-en-la-infraestructura-de-tsm-y-estadio-corona\/","url_meta":{"origin":16949,"position":0},"title":"Santos Laguna impulsa mejoras en la infraestructura de TSM y Estadio Corona","author":"Jacob Alarcon","date":"11 marzo, 2026","format":false,"excerpt":"Club Santos Laguna lleva a cabo una serie de reformas y mejoras en la infraestructura de TerritorioSantos Modelo y del Estadio Corona, con el objetivo de impulsar la innovaci\u00f3n tecnol\u00f3gica, lasostenibilidad y la modernizaci\u00f3n de sus espacios.Con estas acciones, el club contin\u00faa fortaleciendo la experiencia de sus aficionados yactualizando sus\u2026","rel":"","context":"In &quot;Pasi\u00f3n Guerrera&quot;","block_context":{"text":"Pasi\u00f3n Guerrera","link":"https:\/\/latribunera.com\/apuntes\/index.php\/category\/tribus\/pasionguerrera\/"},"img":{"alt_text":"","src":"https:\/\/i0.wp.com\/latribunera.com\/apuntes\/wp-content\/uploads\/2026\/03\/Renovacion-TSM.jpg?resize=350%2C200&ssl=1","width":350,"height":200,"srcset":"https:\/\/i0.wp.com\/latribunera.com\/apuntes\/wp-content\/uploads\/2026\/03\/Renovacion-TSM.jpg?resize=350%2C200&ssl=1 1x, https:\/\/i0.wp.com\/latribunera.com\/apuntes\/wp-content\/uploads\/2026\/03\/Renovacion-TSM.jpg?resize=525%2C300&ssl=1 1.5x, https:\/\/i0.wp.com\/latribunera.com\/apuntes\/wp-content\/uploads\/2026\/03\/Renovacion-TSM.jpg?resize=700%2C400&ssl=1 2x, https:\/\/i0.wp.com\/latribunera.com\/apuntes\/wp-content\/uploads\/2026\/03\/Renovacion-TSM.jpg?resize=1050%2C600&ssl=1 3x, https:\/\/i0.wp.com\/latribunera.com\/apuntes\/wp-content\/uploads\/2026\/03\/Renovacion-TSM.jpg?resize=1400%2C800&ssl=1 4x"},"classes":[]}],"jetpack_sharing_enabled":true,"_links":{"self":[{"href":"https:\/\/latribunera.com\/apuntes\/index.php\/wp-json\/wp\/v2\/posts\/16949","targetHints":{"allow":["GET"]}}],"collection":[{"href":"https:\/\/latribunera.com\/apuntes\/index.php\/wp-json\/wp\/v2\/posts"}],"about":[{"href":"https:\/\/latribunera.com\/apuntes\/index.php\/wp-json\/wp\/v2\/types\/post"}],"author":[{"embeddable":true,"href":"https:\/\/latribunera.com\/apuntes\/index.php\/wp-json\/wp\/v2\/users\/11"}],"replies":[{"embeddable":true,"href":"https:\/\/latribunera.com\/apuntes\/index.php\/wp-json\/wp\/v2\/comments?post=16949"}],"version-history":[{"count":3,"href":"https:\/\/latribunera.com\/apuntes\/index.php\/wp-json\/wp\/v2\/posts\/16949\/revisions"}],"predecessor-version":[{"id":16967,"href":"https:\/\/latribunera.com\/apuntes\/index.php\/wp-json\/wp\/v2\/posts\/16949\/revisions\/16967"}],"wp:featuredmedia":[{"embeddable":true,"href":"https:\/\/latribunera.com\/apuntes\/index.php\/wp-json\/wp\/v2\/media\/16950"}],"wp:attachment":[{"href":"https:\/\/latribunera.com\/apuntes\/index.php\/wp-json\/wp\/v2\/media?parent=16949"}],"wp:term":[{"taxonomy":"category","embeddable":true,"href":"https:\/\/latribunera.com\/apuntes\/index.php\/wp-json\/wp\/v2\/categories?post=16949"},{"taxonomy":"post_tag","embeddable":true,"href":"https:\/\/latribunera.com\/apuntes\/index.php\/wp-json\/wp\/v2\/tags?post=16949"}],"curies":[{"name":"wp","href":"https:\/\/api.w.org\/{rel}","templated":true}]}}