{"id":16973,"date":"2021-05-23T20:36:28","date_gmt":"2021-05-23T20:36:28","guid":{"rendered":"https:\/\/latribunera.com\/apuntes\/?p=16973"},"modified":"2021-05-23T20:36:34","modified_gmt":"2021-05-23T20:36:34","slug":"los-5-equipos-que-han-mejorado-su-roster-en-este-offseason-de-la-nfl","status":"publish","type":"post","link":"https:\/\/latribunera.com\/apuntes\/index.php\/2021\/05\/23\/los-5-equipos-que-han-mejorado-su-roster-en-este-offseason-de-la-nfl\/","title":{"rendered":"Los 5 equipos que han mejorado su roster en este offseason de la NFL"},"content":{"rendered":"<p><script async src=\"https:\/\/pagead2.googlesyndication.com\/pagead\/js\/adsbygoogle.js\"><\/script><br \/>\n<!-- PC 728x90 --><br \/>\n<ins class=\"adsbygoogle\"\nstyle=\"display:inline-block;width:728px;height:90px\"\ndata-ad-client=\"ca-pub-9427576701762839\"\ndata-ad-slot=\"1011393878\"><\/ins><br \/>\n<script>\n(adsbygoogle = window.adsbygoogle || []).push({});\n<\/script><\/p>\n\n\n\n<p>Por Daniel\nQuintanilla | Twitter @daniiq | Yarda 1 | Twitter @yarda1podcast<\/p>\n\n\n\n<p>En mayo la\nNFL se ve tan lejana como aquellas ma\u00f1anas que ibas a la escuela y esperabas\ncon ansia el campamento de verano; en la NFL hoy los entrenamientos son\nopcionales, otros equipos viviendo en una nueva realidad optan por tener\nreuniones virtuales con sus jugadores, estelares como Patrick Mahomes han\ndecidido asistir a la tercera etapa de OTA\u2019s (Organized Team Activities) a\npesar de estar en plena rehabilitaci\u00f3n despu\u00e9s de su cirug\u00eda en el pie al terminar\nla temporada anterior.<\/p>\n\n\n\n<p>Hoy los\nequipos ya pasaron por muchos movimientos de agencia libre y el DRAFT de abril\nqued\u00f3 en el espejo retrovisor. Muchos nos preguntamos entonces que equipos\nfueron los que se vieron m\u00e1s beneficiados por este tiempo que se nos ha ido.\nEstos son los 5 equipos que en lo que va de la temporada baja han mejorado\nsustancialmente su roster. (el orden de los equipos no tiene ninguna relaci\u00f3n)<\/p>\n\n\n\n<p><strong>New England Patriots<\/strong><\/p>\n\n\n\n<p>Adiciones\nNotables: TE Jonnu Smith, TE Hunter Henry, OT Trent Brown, LB Matt Judon, DE\nChristian Baramore (novato), QB Mac Jones (novato), LB Kyle Van Noy.<\/p>\n\n\n\n<p>QB Cam\nNewton regresa a los controles en esta nueva campa\u00f1a de NE, si nada se sale\nfuera de control deber\u00e1 ser el que inicie la campa\u00f1a, con las adiciones de\nSmith, Herny, Agholor y Bourne ya no debe de tener excusa para empezar mal otra\nvez la campa\u00f1a, en defensiva traer de vuelta a Van Noy que era l\u00edder en esa\ndefensa a un costo muy bajo ser\u00e1 de gran ayuda para Bill Bellichick, las adiciones\nde Judon y sobre todo de Baramore los har\u00e1n presionar al QB contario con mayor\nfacilidad.<\/p>\n\n\n\n<p><strong>Washington Football Team <\/strong><\/p>\n\n\n\n<p>Adiciones\nNotables: QB Ryan Fitzpatrick, WR Curtis Samuel, OT Charles Leno, ILB Jamin\nDavis (novato), OT Sami Cosmi (novato). <\/p>\n\n\n\n<p>Lo de WFT el a\u00f1o pasado fue sobresaliente, para empezar su HC Ron Rivera durante la temporada tuvo bastantes problemas para definir a su QB, primero por la ineficiencia y chiflazones de D. Haskins, despu\u00e9s por la lesi\u00f3n de Kyle Allen y por \u00faltimo termin\u00f3 con un Alex Smith que gan\u00f3 el regreso del a\u00f1o pero no precisamente por su juego si no por la incre\u00edble recuperaci\u00f3n que tuvo despu\u00e9s de casi perder la pierna y la vida terminaron jugando el juego de comod\u00edn con T. Heinicke, hoy esos problemas parece estar\u00e1n resueltos en el nombre de Ryan Fitzpatrick mejor conocido como \u201cFitzmagic\u201d, en defensiva no hab\u00eda mucho que moverle ya que fueron de las mejores defensivas de la temporada y aun as\u00ed llego Jamin Davis para agregar profundidad a una defensiva que seguramente ser\u00e1 top 5 en esta campa\u00f1a.<\/p>\n\n\n<p><script async src=\"https:\/\/pagead2.googlesyndication.com\/pagead\/js\/adsbygoogle.js\"><\/script><br \/>\n<!-- PC 728x90 --><br \/>\n<ins class=\"adsbygoogle\"\nstyle=\"display:inline-block;width:728px;height:90px\"\ndata-ad-client=\"ca-pub-9427576701762839\"\ndata-ad-slot=\"1011393878\"><\/ins><br \/>\n<script>\n(adsbygoogle = window.adsbygoogle || []).push({});\n<\/script><\/p>\n\n\n\n<p><strong>Chicago Bears <\/strong><\/p>\n\n\n\n<p>Adiciones\nNotables: QB Andy Dalton, QB Justin Fields (novato) OT Teven Jenkins (novato),\nRB Jamal Williams. <\/p>\n\n\n\n<p>Se\npreguntaran que hace Chicago en esta lista de los 5 equipos que mejoraron\nsustancialmente su roster y es que a decir verdad antes de que fuera el Draft\nlos Bears eran un desastre, no ten\u00edan ni pies ni cabeza y muy probablemente no\niban a tener ni HC ni GM para la semana 5 de la temporada regular sin embargo\ncomo obra del destino y por qu\u00e9 ni Carolina ni Denver decidieron elegir a\nJustin Fields la cosa cambi\u00f3 radicalmente, Chicago ahora cuenta con un QB\ntitular en el nombre de Fields (Matt Nagy deber\u00e1 de hacer ese cambio para\nagosto) y un suplente con mucho que aportar en el nombre de Dalton, le da\nesperanza a una franquicia que ya se ve\u00eda perdida y con muchos problemas en el\ntope salarial, le proporciona certeza a sus propios jugadores de que habr\u00e1 un\nfuturo prometedor y hace atractivo al equipo de nuevo.<\/p>\n\n\n\n<p><strong>Jacksonville Jaguars<\/strong><\/p>\n\n\n\n<p>Adiciones\nNotables: QB Trevor Lawrence (novato), RB Travis Etienne (novato), CB Saquill\nGriffin, WR Marvin Jones, S Rayshawn Jenkins.<\/p>\n\n\n\n<p>Para que\nJacksonville estuviera en esta lista solo le bastaba tener la posici\u00f3n n\u00famero 1\nglobal en el Draft, los Jaguars por primera vez en su historia (dicho por su\nmismo due\u00f1o) no eligieron mal, eligieron a Trevor Lawrence que seg\u00fan los\ncazatalentos est\u00e1 destinado a ser el pr\u00f3ximo QB de \u00e9poca en la NFL, veremos qu\u00e9\ntal se adapta al sistema del HC Urban Meyer que tendr\u00e1 su primera temporada\ncomo head coach en la NFL, a Lawrence le agregamos a su compa\u00f1ero de Clemson\nTravies Etienne que como corredor y receptor fue muy confiable, en la defensiva\ntrajeron a Saquill Griffin que en Seattle siempre fue un CB muy cumplidor y al\nSafety R. Jenkins, los Jaguars est\u00e1n en plena reconstrucci\u00f3n pero podr\u00edan\nsorprender a m\u00e1s de uno en la temporada regular.<\/p>\n\n\n\n<p><strong>Cleveland Browns<\/strong><\/p>\n\n\n\n<p>Adiciones\nNotables: S John Johnson III, DE Takkarist Mckinley, DE Jadeveon Clowney, CB\nGreg Newsome II, LB Jeremiah Owusu-Koramoah, WR Anthony Schwartz.<\/p>\n\n\n\n<p>Los Browns\nel a\u00f1o pasado vivieron su primer viaje a Playoffs despu\u00e9s de desde el 2002 y\nganaron un juego de post temporada por primera vez desde 1994, el sue\u00f1o termin\u00f3\ncon el juego @ Kansas City debido a que su defensiva no pudo parar a QB Henne\nen una 3era y 14 para convertirla en 4ta y 1 que a su vez terminar\u00eda en\nrecepci\u00f3n de T. Hill para primero y diez y finalizar el juego. Esto, y toda la\ntemporada fat\u00eddica a la defensiva, llevaron a Cleveland a mejorar\nsignificativamente esa parte del bal\u00f3n, se espera que, con la llegada de\nJohnson, Clowney, Newsome, JOK y Walker aparte del regreso de Grant Delpit los\nBrowns den un salto de calidad en la defensiva y se conviertan en uno de los\ncontendientes y favoritos de esta temporada.<\/p>\n\n\n\n<p>Estos fueron los 5 equipos que a mi parecer mejoraron sus plantillas ya sea para ser contendientes o simplemente para avanzar en sus reconstrucciones de la manera correcta. <\/p>\n\n\n\n<p><strong>D\u00e9jame saber tus comentarios y para ti cuales son los equipos que mejor se reforzaron de cara a la temporada 2021 en twitter @daniiq o en @yarda1podcast tambi\u00e9n en Facebook. <\/strong><\/p>\n\n\n\n<figure class=\"wp-block-gallery columns-1 is-cropped wp-block-gallery-1 is-layout-flex wp-block-gallery-is-layout-flex\"><ul class=\"blocks-gallery-grid\"><li class=\"blocks-gallery-item\"><figure><img loading=\"lazy\" decoding=\"async\" width=\"851\" height=\"315\" src=\"https:\/\/latribunera.com\/apuntes\/wp-content\/uploads\/2021\/05\/WhatsApp-Image-2021-05-21-at-14.24.13-1.jpeg\" alt=\"\" data-id=\"16974\" data-full-url=\"https:\/\/latribunera.com\/apuntes\/wp-content\/uploads\/2021\/05\/WhatsApp-Image-2021-05-21-at-14.24.13-1.jpeg\" data-link=\"https:\/\/latribunera.com\/apuntes\/?attachment_id=16974\" class=\"wp-image-16974\" srcset=\"https:\/\/latribunera.com\/apuntes\/wp-content\/uploads\/2021\/05\/WhatsApp-Image-2021-05-21-at-14.24.13-1.jpeg 851w, https:\/\/latribunera.com\/apuntes\/wp-content\/uploads\/2021\/05\/WhatsApp-Image-2021-05-21-at-14.24.13-1-300x111.jpeg 300w, https:\/\/latribunera.com\/apuntes\/wp-content\/uploads\/2021\/05\/WhatsApp-Image-2021-05-21-at-14.24.13-1-768x284.jpeg 768w\" sizes=\"auto, (max-width: 851px) 100vw, 851px\" \/><\/figure><\/li><\/ul><\/figure>\n\n\n<p><script async src=\"https:\/\/pagead2.googlesyndication.com\/pagead\/js\/adsbygoogle.js\"><\/script><br \/>\n<!-- PC 728x90 --><br \/>\n<ins class=\"adsbygoogle\"\nstyle=\"display:inline-block;width:728px;height:90px\"\ndata-ad-client=\"ca-pub-9427576701762839\"\ndata-ad-slot=\"1011393878\"><\/ins><br \/>\n<script>\n(adsbygoogle = window.adsbygoogle || []).push({});\n<\/script><\/p>\n\n\n\n<p><\/p>\n","protected":false},"excerpt":{"rendered":"<p>Por Daniel Quintanilla | Twitter @daniiq | Yarda 1 | Twitter @yarda1podcast En mayo la NFL se ve tan lejana como aquellas ma\u00f1anas que ibas a la escuela y esperabas con ansia el campamento de verano; en la NFL hoy los entrenamientos son opcionales, otros equipos viviendo en una nueva realidad optan por tener reuniones&#8230; <\/p>\n<div class=\"clear\"><\/div>\n<p><a href=\"https:\/\/latribunera.com\/apuntes\/index.php\/2021\/05\/23\/los-5-equipos-que-han-mejorado-su-roster-en-este-offseason-de-la-nfl\/\" class=\"excerpt-read-more\">Read More<i class=\"fa fa-caret-right icon-caret-right\"><\/i><\/a><\/p>\n","protected":false},"author":4,"featured_media":16975,"comment_status":"open","ping_status":"open","sticky":false,"template":"","format":"standard","meta":{"_jetpack_memberships_contains_paid_content":false,"footnotes":""},"categories":[231,76,77],"tags":[496,497,495,213,474],"class_list":["post-16973","post","type-post","status-publish","format-standard","has-post-thumbnail","hentry","category-apuntes","category-futbol-americano","category-futbolamericano-nfl","tag-chicago-bears","tag-jacksonville-jaguars","tag-new-england-patriots","tag-nfl","tag-washington"],"jetpack_featured_media_url":"https:\/\/latribunera.com\/apuntes\/wp-content\/uploads\/2021\/05\/Dise\u00f1o-sin-t\u00edtulo-21.jpg","jetpack-related-posts":[{"id":45434,"url":"https:\/\/latribunera.com\/apuntes\/index.php\/2026\/05\/28\/45434\/","url_meta":{"origin":16973,"position":0},"title":"Renato Paiva es presentado como Director T\u00e9cnico de Santos Laguna","author":"Jacob Alarcon","date":"28 mayo, 2026","format":false,"excerpt":"Santos Laguna llev\u00f3 a cabo este jueves la presentaci\u00f3n oficial de Renato Paiva como nuevo Director T\u00e9cnico del Primer Equipo, en conferencia de prensa realizada en el Auditorio Orlegi de Territorio Santos Modelo, encabezada por Alejandro Irarragorri Kalb, Presidente del Club, y Gonzalo Pineda, Director de Futbol del Primer Equipo.\u2026","rel":"","context":"In &quot;Pasi\u00f3n Guerrera&quot;","block_context":{"text":"Pasi\u00f3n Guerrera","link":"https:\/\/latribunera.com\/apuntes\/index.php\/category\/tribus\/pasionguerrera\/"},"img":{"alt_text":"","src":"https:\/\/i0.wp.com\/latribunera.com\/apuntes\/wp-content\/uploads\/2026\/05\/RENATO-PAIVA.jpg?resize=350%2C200&ssl=1","width":350,"height":200,"srcset":"https:\/\/i0.wp.com\/latribunera.com\/apuntes\/wp-content\/uploads\/2026\/05\/RENATO-PAIVA.jpg?resize=350%2C200&ssl=1 1x, https:\/\/i0.wp.com\/latribunera.com\/apuntes\/wp-content\/uploads\/2026\/05\/RENATO-PAIVA.jpg?resize=525%2C300&ssl=1 1.5x, https:\/\/i0.wp.com\/latribunera.com\/apuntes\/wp-content\/uploads\/2026\/05\/RENATO-PAIVA.jpg?resize=700%2C400&ssl=1 2x, https:\/\/i0.wp.com\/latribunera.com\/apuntes\/wp-content\/uploads\/2026\/05\/RENATO-PAIVA.jpg?resize=1050%2C600&ssl=1 3x, https:\/\/i0.wp.com\/latribunera.com\/apuntes\/wp-content\/uploads\/2026\/05\/RENATO-PAIVA.jpg?resize=1400%2C800&ssl=1 4x"},"classes":[]},{"id":45489,"url":"https:\/\/latribunera.com\/apuntes\/index.php\/2026\/08\/14\/santos-laguna-invita-a-su-aficion-a-pintar-de-verde-el-corona-ante-chivas\/","url_meta":{"origin":16973,"position":1},"title":"Santos Laguna invita a su afici\u00f3n a pintar de verde el Corona ante Chivas.","author":"Staff","date":"14 agosto, 2026","format":false,"excerpt":"\u2022 Los Guerreros regresan a casa con el envi\u00f3n an\u00edmico de su triunfo ante Philadelphia Union y buscar\u00e1n, junto a su afici\u00f3n, su primera victoria del Apertura 2026. Luego de cerrar su participaci\u00f3n en la Leagues Cup 2026 con una victoria de 2 a 0 sobre Philadelphia Union en el\u2026","rel":"","context":"In &quot;Liga MX&quot;","block_context":{"text":"Liga MX","link":"https:\/\/latribunera.com\/apuntes\/index.php\/category\/futbol\/futbol-mexicano\/"},"img":{"alt_text":"","src":"https:\/\/i0.wp.com\/latribunera.com\/apuntes\/wp-content\/uploads\/2026\/08\/IMG-20260814-WA0041.jpg?resize=350%2C200&ssl=1","width":350,"height":200,"srcset":"https:\/\/i0.wp.com\/latribunera.com\/apuntes\/wp-content\/uploads\/2026\/08\/IMG-20260814-WA0041.jpg?resize=350%2C200&ssl=1 1x, https:\/\/i0.wp.com\/latribunera.com\/apuntes\/wp-content\/uploads\/2026\/08\/IMG-20260814-WA0041.jpg?resize=525%2C300&ssl=1 1.5x, https:\/\/i0.wp.com\/latribunera.com\/apuntes\/wp-content\/uploads\/2026\/08\/IMG-20260814-WA0041.jpg?resize=700%2C400&ssl=1 2x, https:\/\/i0.wp.com\/latribunera.com\/apuntes\/wp-content\/uploads\/2026\/08\/IMG-20260814-WA0041.jpg?resize=1050%2C600&ssl=1 3x, https:\/\/i0.wp.com\/latribunera.com\/apuntes\/wp-content\/uploads\/2026\/08\/IMG-20260814-WA0041.jpg?resize=1400%2C800&ssl=1 4x"},"classes":[]},{"id":45462,"url":"https:\/\/latribunera.com\/apuntes\/index.php\/2026\/07\/27\/una-experiencia-unica-para-la-aficion-en-el-estadio-corona\/","url_meta":{"origin":16973,"position":2},"title":"Una experiencia \u00fanica para la afici\u00f3n en el Estadio Corona","author":"Staff","date":"27 julio, 2026","format":false,"excerpt":"El Estadio Corona vivi\u00f3 una noche llena de emociones, en la que la sinergia entre el equipo y la afici\u00f3n se hizo presente de principio a fin. M\u00e1s de 20 mil aficionados se dieron cita en la casa de los Guerreros para compartir una jornada llena de momentos especiales. Desde\u2026","rel":"","context":"In &quot;Liga MX&quot;","block_context":{"text":"Liga MX","link":"https:\/\/latribunera.com\/apuntes\/index.php\/category\/futbol\/futbol-mexicano\/"},"img":{"alt_text":"","src":"https:\/\/i0.wp.com\/latribunera.com\/apuntes\/wp-content\/uploads\/2026\/07\/Carlos-Acevedo-Protocol-Tunel-Jornada-2-vs-Atlas.jpg?resize=350%2C200&ssl=1","width":350,"height":200,"srcset":"https:\/\/i0.wp.com\/latribunera.com\/apuntes\/wp-content\/uploads\/2026\/07\/Carlos-Acevedo-Protocol-Tunel-Jornada-2-vs-Atlas.jpg?resize=350%2C200&ssl=1 1x, https:\/\/i0.wp.com\/latribunera.com\/apuntes\/wp-content\/uploads\/2026\/07\/Carlos-Acevedo-Protocol-Tunel-Jornada-2-vs-Atlas.jpg?resize=525%2C300&ssl=1 1.5x, https:\/\/i0.wp.com\/latribunera.com\/apuntes\/wp-content\/uploads\/2026\/07\/Carlos-Acevedo-Protocol-Tunel-Jornada-2-vs-Atlas.jpg?resize=700%2C400&ssl=1 2x, https:\/\/i0.wp.com\/latribunera.com\/apuntes\/wp-content\/uploads\/2026\/07\/Carlos-Acevedo-Protocol-Tunel-Jornada-2-vs-Atlas.jpg?resize=1050%2C600&ssl=1 3x, https:\/\/i0.wp.com\/latribunera.com\/apuntes\/wp-content\/uploads\/2026\/07\/Carlos-Acevedo-Protocol-Tunel-Jornada-2-vs-Atlas.jpg?resize=1400%2C800&ssl=1 4x"},"classes":[]},{"id":45513,"url":"https:\/\/latribunera.com\/apuntes\/index.php\/2026\/08\/26\/exguerreros-mandan-mensajes-de-apoyo-a-santos-laguna\/","url_meta":{"origin":16973,"position":3},"title":"Exguerreros mandan mensajes de apoyo a Santos Laguna","author":"Staff","date":"26 agosto, 2026","format":false,"excerpt":"Exjugadores santistas comenzaron a manifestar su apoyo al Club Santos Laguna a trav\u00e9s de sus redes sociales, destacando la participaci\u00f3n de futbolistas de diferentes etapas en la historia de la instituci\u00f3n, recordados con mucho cari\u00f1o por la afici\u00f3n Guerrera y varios de ellos campeones con Santos Laguna. Entre quienes han\u2026","rel":"","context":"In &quot;Pasi\u00f3n Guerrera&quot;","block_context":{"text":"Pasi\u00f3n Guerrera","link":"https:\/\/latribunera.com\/apuntes\/index.php\/category\/tribus\/pasionguerrera\/"},"img":{"alt_text":"","src":"https:\/\/i0.wp.com\/latribunera.com\/apuntes\/wp-content\/uploads\/2026\/08\/Redes-Ex-Guerreros.jpg?resize=350%2C200&ssl=1","width":350,"height":200,"srcset":"https:\/\/i0.wp.com\/latribunera.com\/apuntes\/wp-content\/uploads\/2026\/08\/Redes-Ex-Guerreros.jpg?resize=350%2C200&ssl=1 1x, https:\/\/i0.wp.com\/latribunera.com\/apuntes\/wp-content\/uploads\/2026\/08\/Redes-Ex-Guerreros.jpg?resize=525%2C300&ssl=1 1.5x, https:\/\/i0.wp.com\/latribunera.com\/apuntes\/wp-content\/uploads\/2026\/08\/Redes-Ex-Guerreros.jpg?resize=700%2C400&ssl=1 2x, https:\/\/i0.wp.com\/latribunera.com\/apuntes\/wp-content\/uploads\/2026\/08\/Redes-Ex-Guerreros.jpg?resize=1050%2C600&ssl=1 3x, https:\/\/i0.wp.com\/latribunera.com\/apuntes\/wp-content\/uploads\/2026\/08\/Redes-Ex-Guerreros.jpg?resize=1400%2C800&ssl=1 4x"},"classes":[]},{"id":45429,"url":"https:\/\/latribunera.com\/apuntes\/index.php\/2026\/05\/19\/club-santos-laguna-anuncia-a-renato-paiva-como-director-tecnico-de-los-guerreros\/","url_meta":{"origin":16973,"position":4},"title":"Club Santos Laguna anuncia a Renato Paiva como director t\u00e9cnico de los Guerreros","author":"Jacob Alarcon","date":"19 mayo, 2026","format":false,"excerpt":"Club Santos Laguna informa la contrataci\u00f3n de Renato Manuel Alves Paiva como Director T\u00e9cnico del Primer Equipo de los Guerreros. La incorporaci\u00f3n del estratega portugu\u00e9s forma parte de la reestructura deportiva que vive la instituci\u00f3n santista, enfocada en impulsar un cambio de fondo que permita fortalecer su metodolog\u00eda de trabajo\u2026","rel":"","context":"In &quot;Pasi\u00f3n Guerrera&quot;","block_context":{"text":"Pasi\u00f3n Guerrera","link":"https:\/\/latribunera.com\/apuntes\/index.php\/category\/tribus\/pasionguerrera\/"},"img":{"alt_text":"","src":"https:\/\/i0.wp.com\/latribunera.com\/apuntes\/wp-content\/uploads\/2026\/05\/b5856b03-d2a7-4e72-95af-09fe86011ed5.jpg?resize=350%2C200&ssl=1","width":350,"height":200,"srcset":"https:\/\/i0.wp.com\/latribunera.com\/apuntes\/wp-content\/uploads\/2026\/05\/b5856b03-d2a7-4e72-95af-09fe86011ed5.jpg?resize=350%2C200&ssl=1 1x, https:\/\/i0.wp.com\/latribunera.com\/apuntes\/wp-content\/uploads\/2026\/05\/b5856b03-d2a7-4e72-95af-09fe86011ed5.jpg?resize=525%2C300&ssl=1 1.5x, https:\/\/i0.wp.com\/latribunera.com\/apuntes\/wp-content\/uploads\/2026\/05\/b5856b03-d2a7-4e72-95af-09fe86011ed5.jpg?resize=700%2C400&ssl=1 2x, https:\/\/i0.wp.com\/latribunera.com\/apuntes\/wp-content\/uploads\/2026\/05\/b5856b03-d2a7-4e72-95af-09fe86011ed5.jpg?resize=1050%2C600&ssl=1 3x, https:\/\/i0.wp.com\/latribunera.com\/apuntes\/wp-content\/uploads\/2026\/05\/b5856b03-d2a7-4e72-95af-09fe86011ed5.jpg?resize=1400%2C800&ssl=1 4x"},"classes":[]},{"id":45421,"url":"https:\/\/latribunera.com\/apuntes\/index.php\/2026\/04\/16\/todo-listo-para-la-14va-edicion-de-la-copa-internacional-santos-penoles\/","url_meta":{"origin":16973,"position":5},"title":"Todo listo para la 14va edici\u00f3n de la Copa Internacional Santos Pe\u00f1oles","author":"Jacob Alarcon","date":"16 abril, 2026","format":false,"excerpt":"Este jueves, en el Auditorio Orlegi de Territorio Santos Modelo, se llev\u00f3 a cabo la presentaci\u00f3noficial de la edici\u00f3n 2026 de la Copa Internacional Santos Pe\u00f1oles, torneo que se ha consolidadocomo uno de los m\u00e1s importantes a nivel infantil y juvenil en M\u00e9xico. Adem\u00e1s de brindar una competencia deportiva de\u2026","rel":"","context":"In &quot;Sin categor\u00eda&quot;","block_context":{"text":"Sin categor\u00eda","link":"https:\/\/latribunera.com\/apuntes\/index.php\/category\/sin-categoria\/"},"img":{"alt_text":"","src":"https:\/\/i0.wp.com\/latribunera.com\/apuntes\/wp-content\/uploads\/2026\/04\/Presentacion-Copa-Santos-Penoles.jpg?resize=350%2C200&ssl=1","width":350,"height":200,"srcset":"https:\/\/i0.wp.com\/latribunera.com\/apuntes\/wp-content\/uploads\/2026\/04\/Presentacion-Copa-Santos-Penoles.jpg?resize=350%2C200&ssl=1 1x, https:\/\/i0.wp.com\/latribunera.com\/apuntes\/wp-content\/uploads\/2026\/04\/Presentacion-Copa-Santos-Penoles.jpg?resize=525%2C300&ssl=1 1.5x, https:\/\/i0.wp.com\/latribunera.com\/apuntes\/wp-content\/uploads\/2026\/04\/Presentacion-Copa-Santos-Penoles.jpg?resize=700%2C400&ssl=1 2x, https:\/\/i0.wp.com\/latribunera.com\/apuntes\/wp-content\/uploads\/2026\/04\/Presentacion-Copa-Santos-Penoles.jpg?resize=1050%2C600&ssl=1 3x, https:\/\/i0.wp.com\/latribunera.com\/apuntes\/wp-content\/uploads\/2026\/04\/Presentacion-Copa-Santos-Penoles.jpg?resize=1400%2C800&ssl=1 4x"},"classes":[]}],"jetpack_sharing_enabled":true,"_links":{"self":[{"href":"https:\/\/latribunera.com\/apuntes\/index.php\/wp-json\/wp\/v2\/posts\/16973","targetHints":{"allow":["GET"]}}],"collection":[{"href":"https:\/\/latribunera.com\/apuntes\/index.php\/wp-json\/wp\/v2\/posts"}],"about":[{"href":"https:\/\/latribunera.com\/apuntes\/index.php\/wp-json\/wp\/v2\/types\/post"}],"author":[{"embeddable":true,"href":"https:\/\/latribunera.com\/apuntes\/index.php\/wp-json\/wp\/v2\/users\/4"}],"replies":[{"embeddable":true,"href":"https:\/\/latribunera.com\/apuntes\/index.php\/wp-json\/wp\/v2\/comments?post=16973"}],"version-history":[{"count":2,"href":"https:\/\/latribunera.com\/apuntes\/index.php\/wp-json\/wp\/v2\/posts\/16973\/revisions"}],"predecessor-version":[{"id":16977,"href":"https:\/\/latribunera.com\/apuntes\/index.php\/wp-json\/wp\/v2\/posts\/16973\/revisions\/16977"}],"wp:featuredmedia":[{"embeddable":true,"href":"https:\/\/latribunera.com\/apuntes\/index.php\/wp-json\/wp\/v2\/media\/16975"}],"wp:attachment":[{"href":"https:\/\/latribunera.com\/apuntes\/index.php\/wp-json\/wp\/v2\/media?parent=16973"}],"wp:term":[{"taxonomy":"category","embeddable":true,"href":"https:\/\/latribunera.com\/apuntes\/index.php\/wp-json\/wp\/v2\/categories?post=16973"},{"taxonomy":"post_tag","embeddable":true,"href":"https:\/\/latribunera.com\/apuntes\/index.php\/wp-json\/wp\/v2\/tags?post=16973"}],"curies":[{"name":"wp","href":"https:\/\/api.w.org\/{rel}","templated":true}]}}