{"id":17180,"date":"2021-05-28T19:24:16","date_gmt":"2021-05-28T19:24:16","guid":{"rendered":"https:\/\/latribunera.com\/apuntes\/?p=17180"},"modified":"2021-05-28T19:24:24","modified_gmt":"2021-05-28T19:24:24","slug":"miguel-y-el-amor-ciego","status":"publish","type":"post","link":"https:\/\/latribunera.com\/apuntes\/index.php\/2021\/05\/28\/miguel-y-el-amor-ciego\/","title":{"rendered":"Miguel y el amor ciego"},"content":{"rendered":"<p><script async src=\"https:\/\/pagead2.googlesyndication.com\/pagead\/js\/adsbygoogle.js\"><\/script><br \/>\n<!-- PC 728x90 --><br \/>\n<ins class=\"adsbygoogle\"\nstyle=\"display:inline-block;width:728px;height:90px\"\ndata-ad-client=\"ca-pub-9427576701762839\"\ndata-ad-slot=\"1011393878\"><\/ins><br \/>\n<script>\n(adsbygoogle = window.adsbygoogle || []).push({});\n<\/script><\/p>\n\n\n\n<p>Por Rub\u00e9n Heredia | Twitter @Rubik2308<\/p>\n\n\n\n<p>Despu\u00e9s de todas las entrevistas\ny la estrategia de mercadotecnia de presencia con la afici\u00f3n, confirma que el\namor ciego es de lo m\u00e1s lindo, hasta que entra la raz\u00f3n\u2026<\/p>\n\n\n\n<p>Tigres ha hecho que el aficionado\nse sienta parte y siga tan enamorado de su equipo y de Miguel, que se ha\nolvidado de opinar sobre dos temas importantes: Los comentarios que hizo Miguel\nsobre Leo, que a Tuca se le mat\u00f3 por decir lo mismo; y su falta de rendimiento\nen Tigres a\u00fan con las oportunidades brindadas y sobre la raz\u00f3n del porque no\njug\u00f3 espectacular y ofensivo con el Am\u00e9rica en su segunda etapa.<\/p>\n\n\n\n<p>Tigres saber perfectamente que a\nla afici\u00f3n entre m\u00e1s cerca la tengas menos cr\u00edticas tendr\u00e1n, pero cuidado,\nTigres, ya que, si no tienes bajo control todo esto, recuerda que del amor al\nodio existe un solo paso y vendr\u00e1n de nuevo las cr\u00edticas.<\/p>\n\n\n\n<p>Miguel\/Mauricio, la afici\u00f3n ha evolucionado tanto en estos 11 a\u00f1os que ya la gente quiere y desea t\u00edtulos por sobre todas las cosas y que el escenario en el que nos encontramos es muy diferente al del 2010 donde no hab\u00eda ni pies ni cabeza y la exigencia solo era que se salvara y ver que te alcanzaba despu\u00e9s y esa exigencia fue creciendo al grado al que nos encontramos actualmente.<\/p>\n\n\n<p><script async src=\"https:\/\/pagead2.googlesyndication.com\/pagead\/js\/adsbygoogle.js\"><\/script><br \/>\n<!-- PC 728x90 --><br \/>\n<ins class=\"adsbygoogle\"\nstyle=\"display:inline-block;width:728px;height:90px\"\ndata-ad-client=\"ca-pub-9427576701762839\"\ndata-ad-slot=\"1011393878\"><\/ins><br \/>\n<script>\n(adsbygoogle = window.adsbygoogle || []).push({});\n<\/script><\/p>\n\n\n\n<p>En estos momentos es tanto el\namor que no importa que se vaya Leo Fern\u00e1ndez, ese jugador que tanto exigi\u00f3 el\naficionado y que ahora tal parecer que no importa, pero, si Miguel no cumple en\nla cancha lo que ha dicho verbalmente, ese amor desaparecer\u00e1 y r\u00e1pido.<\/p>\n\n\n\n<p>Las emociones y el futbol siempre\nhan ido de la mano, al grado que parecer\u00edan ser uno mismo y cuando entra la\nraz\u00f3n, empieza el desamor.<\/p>\n\n\n\n<p>Espero que Tigres y Miguel tengan\neso en mente y que la \u00fanica manera de seguir alimentando ese amor es con\ntrofeos, campeonatos y gloria.<\/p>\n\n\n\n<p>Ojal\u00e1 y lo entiendan.<\/p>\n\n\n\n<figure class=\"wp-block-embed-youtube wp-block-embed is-type-video is-provider-youtube wp-embed-aspect-16-9 wp-has-aspect-ratio\"><div class=\"wp-block-embed__wrapper\">\n<iframe loading=\"lazy\" title=\"Tigres Arde: Piojo vs Tuca - A LO VALO | Episodio 29\" width=\"960\" height=\"540\" src=\"https:\/\/www.youtube.com\/embed\/0bx-OM7JQTc?feature=oembed\" frameborder=\"0\" allow=\"accelerometer; autoplay; clipboard-write; encrypted-media; gyroscope; picture-in-picture\" allowfullscreen><\/iframe>\n<\/div><\/figure>\n\n\n<p><script async src=\"https:\/\/pagead2.googlesyndication.com\/pagead\/js\/adsbygoogle.js\"><\/script><br \/>\n<!-- PC 728x90 --><br \/>\n<ins class=\"adsbygoogle\"\nstyle=\"display:inline-block;width:728px;height:90px\"\ndata-ad-client=\"ca-pub-9427576701762839\"\ndata-ad-slot=\"1011393878\"><\/ins><br \/>\n<script>\n(adsbygoogle = window.adsbygoogle || []).push({});\n<\/script><\/p>\n\n\n","protected":false},"excerpt":{"rendered":"<p>Por Rub\u00e9n Heredia | Twitter @Rubik2308 Despu\u00e9s de todas las entrevistas y la estrategia de mercadotecnia de presencia con la afici\u00f3n, confirma que el amor ciego es de lo m\u00e1s lindo, hasta que entra la raz\u00f3n\u2026 Tigres ha hecho que el aficionado se sienta parte y siga tan enamorado de su equipo y de Miguel,&#8230; <\/p>\n<div class=\"clear\"><\/div>\n<p><a href=\"https:\/\/latribunera.com\/apuntes\/index.php\/2021\/05\/28\/miguel-y-el-amor-ciego\/\" class=\"excerpt-read-more\">Read More<i class=\"fa fa-caret-right icon-caret-right\"><\/i><\/a><\/p>\n","protected":false},"author":7,"featured_media":17181,"comment_status":"open","ping_status":"open","sticky":false,"template":"","format":"standard","meta":{"_jetpack_memberships_contains_paid_content":false,"footnotes":""},"categories":[231,3,2,278],"tags":[435,102],"class_list":["post-17180","post","type-post","status-publish","format-standard","has-post-thumbnail","hentry","category-apuntes","category-futbol","category-futbol-mexicano","category-solotigres","tag-el-piojo","tag-tigres"],"jetpack_featured_media_url":"https:\/\/latribunera.com\/apuntes\/wp-content\/uploads\/2021\/05\/Dise\u00f1o-sin-t\u00edtulo-28.jpg","jetpack-related-posts":[{"id":45478,"url":"https:\/\/latribunera.com\/apuntes\/index.php\/2026\/08\/11\/club-santos-laguna-ofrece-a-su-aficion-el-pack-vs-chivas-tigres\/","url_meta":{"origin":17180,"position":0},"title":"Club Santos Laguna ofrece a su afici\u00f3n el pack vs Chivas + Tigres","author":"Staff","date":"11 agosto, 2026","format":false,"excerpt":"\u2022 El paquete asegura dos de los tres partidos de mayor demanda del semestre y da acceso preferente a la venta ante Tigres. Club Santos Laguna ofrece a su afici\u00f3n el Pack Santos vs Chivas + Tigres, un paquete especial que permite asegurar el lugar en dos de los duelos\u2026","rel":"","context":"In &quot;Pasi\u00f3n Guerrera&quot;","block_context":{"text":"Pasi\u00f3n Guerrera","link":"https:\/\/latribunera.com\/apuntes\/index.php\/category\/tribus\/pasionguerrera\/"},"img":{"alt_text":"","src":"https:\/\/i0.wp.com\/latribunera.com\/apuntes\/wp-content\/uploads\/2026\/08\/IMG-20260810-WA0178.jpg?resize=350%2C200&ssl=1","width":350,"height":200,"srcset":"https:\/\/i0.wp.com\/latribunera.com\/apuntes\/wp-content\/uploads\/2026\/08\/IMG-20260810-WA0178.jpg?resize=350%2C200&ssl=1 1x, https:\/\/i0.wp.com\/latribunera.com\/apuntes\/wp-content\/uploads\/2026\/08\/IMG-20260810-WA0178.jpg?resize=525%2C300&ssl=1 1.5x, https:\/\/i0.wp.com\/latribunera.com\/apuntes\/wp-content\/uploads\/2026\/08\/IMG-20260810-WA0178.jpg?resize=700%2C400&ssl=1 2x, https:\/\/i0.wp.com\/latribunera.com\/apuntes\/wp-content\/uploads\/2026\/08\/IMG-20260810-WA0178.jpg?resize=1050%2C600&ssl=1 3x, https:\/\/i0.wp.com\/latribunera.com\/apuntes\/wp-content\/uploads\/2026\/08\/IMG-20260810-WA0178.jpg?resize=1400%2C800&ssl=1 4x"},"classes":[]},{"id":45502,"url":"https:\/\/latribunera.com\/apuntes\/index.php\/2026\/08\/25\/el-corona-se-prepara-para-una-noche-especial-ante-tigres\/","url_meta":{"origin":17180,"position":1},"title":"El Corona se prepara para una noche especial ante Tigres","author":"Staff","date":"25 agosto, 2026","format":false,"excerpt":"Un nuevo duelo en el Estadio Corona est\u00e1 cada vez m\u00e1s cerca y la afici\u00f3n santista se prepara para vivir una noche llena de emociones. Los Guerreros recibir\u00e1n a Tigres este s\u00e1bado 29 de agosto a las 21:10 horas, en partido correspondiente a la jornada 6 del Torneo Apertura 2026.\u2026","rel":"","context":"In &quot;Pasi\u00f3n Guerrera&quot;","block_context":{"text":"Pasi\u00f3n Guerrera","link":"https:\/\/latribunera.com\/apuntes\/index.php\/category\/tribus\/pasionguerrera\/"},"img":{"alt_text":"","src":"https:\/\/i0.wp.com\/latribunera.com\/apuntes\/wp-content\/uploads\/2026\/08\/Drones-TSM.jpg?resize=350%2C200&ssl=1","width":350,"height":200,"srcset":"https:\/\/i0.wp.com\/latribunera.com\/apuntes\/wp-content\/uploads\/2026\/08\/Drones-TSM.jpg?resize=350%2C200&ssl=1 1x, https:\/\/i0.wp.com\/latribunera.com\/apuntes\/wp-content\/uploads\/2026\/08\/Drones-TSM.jpg?resize=525%2C300&ssl=1 1.5x, https:\/\/i0.wp.com\/latribunera.com\/apuntes\/wp-content\/uploads\/2026\/08\/Drones-TSM.jpg?resize=700%2C400&ssl=1 2x, https:\/\/i0.wp.com\/latribunera.com\/apuntes\/wp-content\/uploads\/2026\/08\/Drones-TSM.jpg?resize=1050%2C600&ssl=1 3x, https:\/\/i0.wp.com\/latribunera.com\/apuntes\/wp-content\/uploads\/2026\/08\/Drones-TSM.jpg?resize=1400%2C800&ssl=1 4x"},"classes":[]},{"id":45489,"url":"https:\/\/latribunera.com\/apuntes\/index.php\/2026\/08\/14\/santos-laguna-invita-a-su-aficion-a-pintar-de-verde-el-corona-ante-chivas\/","url_meta":{"origin":17180,"position":2},"title":"Santos Laguna invita a su afici\u00f3n a pintar de verde el Corona ante Chivas.","author":"Staff","date":"14 agosto, 2026","format":false,"excerpt":"\u2022 Los Guerreros regresan a casa con el envi\u00f3n an\u00edmico de su triunfo ante Philadelphia Union y buscar\u00e1n, junto a su afici\u00f3n, su primera victoria del Apertura 2026. Luego de cerrar su participaci\u00f3n en la Leagues Cup 2026 con una victoria de 2 a 0 sobre Philadelphia Union en el\u2026","rel":"","context":"In &quot;Liga MX&quot;","block_context":{"text":"Liga MX","link":"https:\/\/latribunera.com\/apuntes\/index.php\/category\/futbol\/futbol-mexicano\/"},"img":{"alt_text":"","src":"https:\/\/i0.wp.com\/latribunera.com\/apuntes\/wp-content\/uploads\/2026\/08\/IMG-20260814-WA0041.jpg?resize=350%2C200&ssl=1","width":350,"height":200,"srcset":"https:\/\/i0.wp.com\/latribunera.com\/apuntes\/wp-content\/uploads\/2026\/08\/IMG-20260814-WA0041.jpg?resize=350%2C200&ssl=1 1x, https:\/\/i0.wp.com\/latribunera.com\/apuntes\/wp-content\/uploads\/2026\/08\/IMG-20260814-WA0041.jpg?resize=525%2C300&ssl=1 1.5x, https:\/\/i0.wp.com\/latribunera.com\/apuntes\/wp-content\/uploads\/2026\/08\/IMG-20260814-WA0041.jpg?resize=700%2C400&ssl=1 2x, https:\/\/i0.wp.com\/latribunera.com\/apuntes\/wp-content\/uploads\/2026\/08\/IMG-20260814-WA0041.jpg?resize=1050%2C600&ssl=1 3x, https:\/\/i0.wp.com\/latribunera.com\/apuntes\/wp-content\/uploads\/2026\/08\/IMG-20260814-WA0041.jpg?resize=1400%2C800&ssl=1 4x"},"classes":[]},{"id":45513,"url":"https:\/\/latribunera.com\/apuntes\/index.php\/2026\/08\/26\/exguerreros-mandan-mensajes-de-apoyo-a-santos-laguna\/","url_meta":{"origin":17180,"position":3},"title":"Exguerreros mandan mensajes de apoyo a Santos Laguna","author":"Staff","date":"26 agosto, 2026","format":false,"excerpt":"Exjugadores santistas comenzaron a manifestar su apoyo al Club Santos Laguna a trav\u00e9s de sus redes sociales, destacando la participaci\u00f3n de futbolistas de diferentes etapas en la historia de la instituci\u00f3n, recordados con mucho cari\u00f1o por la afici\u00f3n Guerrera y varios de ellos campeones con Santos Laguna. Entre quienes han\u2026","rel":"","context":"In &quot;Pasi\u00f3n Guerrera&quot;","block_context":{"text":"Pasi\u00f3n Guerrera","link":"https:\/\/latribunera.com\/apuntes\/index.php\/category\/tribus\/pasionguerrera\/"},"img":{"alt_text":"","src":"https:\/\/i0.wp.com\/latribunera.com\/apuntes\/wp-content\/uploads\/2026\/08\/Redes-Ex-Guerreros.jpg?resize=350%2C200&ssl=1","width":350,"height":200,"srcset":"https:\/\/i0.wp.com\/latribunera.com\/apuntes\/wp-content\/uploads\/2026\/08\/Redes-Ex-Guerreros.jpg?resize=350%2C200&ssl=1 1x, https:\/\/i0.wp.com\/latribunera.com\/apuntes\/wp-content\/uploads\/2026\/08\/Redes-Ex-Guerreros.jpg?resize=525%2C300&ssl=1 1.5x, https:\/\/i0.wp.com\/latribunera.com\/apuntes\/wp-content\/uploads\/2026\/08\/Redes-Ex-Guerreros.jpg?resize=700%2C400&ssl=1 2x, https:\/\/i0.wp.com\/latribunera.com\/apuntes\/wp-content\/uploads\/2026\/08\/Redes-Ex-Guerreros.jpg?resize=1050%2C600&ssl=1 3x, https:\/\/i0.wp.com\/latribunera.com\/apuntes\/wp-content\/uploads\/2026\/08\/Redes-Ex-Guerreros.jpg?resize=1400%2C800&ssl=1 4x"},"classes":[]},{"id":45462,"url":"https:\/\/latribunera.com\/apuntes\/index.php\/2026\/07\/27\/una-experiencia-unica-para-la-aficion-en-el-estadio-corona\/","url_meta":{"origin":17180,"position":4},"title":"Una experiencia \u00fanica para la afici\u00f3n en el Estadio Corona","author":"Staff","date":"27 julio, 2026","format":false,"excerpt":"El Estadio Corona vivi\u00f3 una noche llena de emociones, en la que la sinergia entre el equipo y la afici\u00f3n se hizo presente de principio a fin. M\u00e1s de 20 mil aficionados se dieron cita en la casa de los Guerreros para compartir una jornada llena de momentos especiales. Desde\u2026","rel":"","context":"In &quot;Liga MX&quot;","block_context":{"text":"Liga MX","link":"https:\/\/latribunera.com\/apuntes\/index.php\/category\/futbol\/futbol-mexicano\/"},"img":{"alt_text":"","src":"https:\/\/i0.wp.com\/latribunera.com\/apuntes\/wp-content\/uploads\/2026\/07\/Carlos-Acevedo-Protocol-Tunel-Jornada-2-vs-Atlas.jpg?resize=350%2C200&ssl=1","width":350,"height":200,"srcset":"https:\/\/i0.wp.com\/latribunera.com\/apuntes\/wp-content\/uploads\/2026\/07\/Carlos-Acevedo-Protocol-Tunel-Jornada-2-vs-Atlas.jpg?resize=350%2C200&ssl=1 1x, https:\/\/i0.wp.com\/latribunera.com\/apuntes\/wp-content\/uploads\/2026\/07\/Carlos-Acevedo-Protocol-Tunel-Jornada-2-vs-Atlas.jpg?resize=525%2C300&ssl=1 1.5x, https:\/\/i0.wp.com\/latribunera.com\/apuntes\/wp-content\/uploads\/2026\/07\/Carlos-Acevedo-Protocol-Tunel-Jornada-2-vs-Atlas.jpg?resize=700%2C400&ssl=1 2x, https:\/\/i0.wp.com\/latribunera.com\/apuntes\/wp-content\/uploads\/2026\/07\/Carlos-Acevedo-Protocol-Tunel-Jornada-2-vs-Atlas.jpg?resize=1050%2C600&ssl=1 3x, https:\/\/i0.wp.com\/latribunera.com\/apuntes\/wp-content\/uploads\/2026\/07\/Carlos-Acevedo-Protocol-Tunel-Jornada-2-vs-Atlas.jpg?resize=1400%2C800&ssl=1 4x"},"classes":[]},{"id":45468,"url":"https:\/\/latribunera.com\/apuntes\/index.php\/2026\/08\/05\/guerreros-de-corazon-celebra-19-anos-de-ganar-sirviendo\/","url_meta":{"origin":17180,"position":5},"title":"Guerreros de Coraz\u00f3n celebra 19 A\u00f1os de GANAR SIRVIENDO","author":"Staff","date":"5 agosto, 2026","format":false,"excerpt":"Desde 2007, el programa de responsabilidad social de Club Santos Laguna ha impulsado m\u00e1s de 1,200 iniciativas en beneficio de la comunidad, sumando a jugadores, colaboradores, aficionados, patrocinadores y aliados. Hoy, Club Santos Laguna celebra el 19\u00b0 aniversario de Guerreros de Coraz\u00f3n, su programa de responsabilidad social, que desde 2007\u2026","rel":"","context":"In &quot;Ganar Sirviendo&quot;","block_context":{"text":"Ganar Sirviendo","link":"https:\/\/latribunera.com\/apuntes\/index.php\/category\/futbol\/futbol-mexicano\/ganar-sirviendo\/"},"img":{"alt_text":"","src":"https:\/\/i0.wp.com\/latribunera.com\/apuntes\/wp-content\/uploads\/2026\/08\/Laura-Irarragorri-Kalb.jpg?resize=350%2C200&ssl=1","width":350,"height":200,"srcset":"https:\/\/i0.wp.com\/latribunera.com\/apuntes\/wp-content\/uploads\/2026\/08\/Laura-Irarragorri-Kalb.jpg?resize=350%2C200&ssl=1 1x, https:\/\/i0.wp.com\/latribunera.com\/apuntes\/wp-content\/uploads\/2026\/08\/Laura-Irarragorri-Kalb.jpg?resize=525%2C300&ssl=1 1.5x, https:\/\/i0.wp.com\/latribunera.com\/apuntes\/wp-content\/uploads\/2026\/08\/Laura-Irarragorri-Kalb.jpg?resize=700%2C400&ssl=1 2x, https:\/\/i0.wp.com\/latribunera.com\/apuntes\/wp-content\/uploads\/2026\/08\/Laura-Irarragorri-Kalb.jpg?resize=1050%2C600&ssl=1 3x, https:\/\/i0.wp.com\/latribunera.com\/apuntes\/wp-content\/uploads\/2026\/08\/Laura-Irarragorri-Kalb.jpg?resize=1400%2C800&ssl=1 4x"},"classes":[]}],"jetpack_sharing_enabled":true,"_links":{"self":[{"href":"https:\/\/latribunera.com\/apuntes\/index.php\/wp-json\/wp\/v2\/posts\/17180","targetHints":{"allow":["GET"]}}],"collection":[{"href":"https:\/\/latribunera.com\/apuntes\/index.php\/wp-json\/wp\/v2\/posts"}],"about":[{"href":"https:\/\/latribunera.com\/apuntes\/index.php\/wp-json\/wp\/v2\/types\/post"}],"author":[{"embeddable":true,"href":"https:\/\/latribunera.com\/apuntes\/index.php\/wp-json\/wp\/v2\/users\/7"}],"replies":[{"embeddable":true,"href":"https:\/\/latribunera.com\/apuntes\/index.php\/wp-json\/wp\/v2\/comments?post=17180"}],"version-history":[{"count":2,"href":"https:\/\/latribunera.com\/apuntes\/index.php\/wp-json\/wp\/v2\/posts\/17180\/revisions"}],"predecessor-version":[{"id":17183,"href":"https:\/\/latribunera.com\/apuntes\/index.php\/wp-json\/wp\/v2\/posts\/17180\/revisions\/17183"}],"wp:featuredmedia":[{"embeddable":true,"href":"https:\/\/latribunera.com\/apuntes\/index.php\/wp-json\/wp\/v2\/media\/17181"}],"wp:attachment":[{"href":"https:\/\/latribunera.com\/apuntes\/index.php\/wp-json\/wp\/v2\/media?parent=17180"}],"wp:term":[{"taxonomy":"category","embeddable":true,"href":"https:\/\/latribunera.com\/apuntes\/index.php\/wp-json\/wp\/v2\/categories?post=17180"},{"taxonomy":"post_tag","embeddable":true,"href":"https:\/\/latribunera.com\/apuntes\/index.php\/wp-json\/wp\/v2\/tags?post=17180"}],"curies":[{"name":"wp","href":"https:\/\/api.w.org\/{rel}","templated":true}]}}