{"id":17254,"date":"2021-06-08T14:16:00","date_gmt":"2021-06-08T14:16:00","guid":{"rendered":"https:\/\/latribunera.com\/apuntes\/?p=17254"},"modified":"2021-06-08T17:03:07","modified_gmt":"2021-06-08T17:03:07","slug":"altas-bajas-y-rumores-de-la-liga-mx-femenil","status":"publish","type":"post","link":"https:\/\/latribunera.com\/apuntes\/index.php\/2021\/06\/08\/altas-bajas-y-rumores-de-la-liga-mx-femenil\/","title":{"rendered":"Ceci Santiago muy cerca de Tigres Femenil"},"content":{"rendered":"<p><script async=\"\" src=\"https:\/\/pagead2.googlesyndication.com\/pagead\/js\/adsbygoogle.js\"><\/script><br \/>\n<!-- PC 728x90 --><br \/>\n<ins class=\"adsbygoogle\" style=\"display:inline-block;width:728px;height:90px\" data-ad-client=\"ca-pub-9427576701762839\" data-ad-slot=\"1011393878\"><\/ins><br \/>\n<script>\n(adsbygoogle = window.adsbygoogle || []).push({});\n<\/script><\/p>\n\n\n\n<p><em>(*) Informaci\u00f3n actualizada hasta el 7 de junio.<\/em><\/p>\n\n\n\n<figure class=\"wp-block-embed-twitter wp-block-embed is-type-rich is-provider-twitter\"><div class=\"wp-block-embed__wrapper\">\n<blockquote class=\"twitter-tweet\" data-width=\"550\" data-dnt=\"true\"><p lang=\"fr\" dir=\"ltr\"><a href=\"https:\/\/twitter.com\/hashtag\/TigresFemenil?src=hash&amp;ref_src=twsrc%5Etfw\">#TigresFemenil<\/a> | <a href=\"https:\/\/twitter.com\/ceciSantiago18?ref_src=twsrc%5Etfw\">@ceciSantiago18<\/a><br><br>\ud83d\udc2fCeci es de <a href=\"https:\/\/twitter.com\/TigresFemenil?ref_src=twsrc%5Etfw\">@TigresFemenil<\/a>\ud83d\udc2f <a href=\"https:\/\/t.co\/rtelcC5acV\">pic.twitter.com\/rtelcC5acV<\/a><\/p>&mdash; Vladimir Garc\u00eda (@VladimirGarciaG) <a href=\"https:\/\/twitter.com\/VladimirGarciaG\/status\/1402297490578284553?ref_src=twsrc%5Etfw\">June 8, 2021<\/a><\/blockquote><script async src=\"https:\/\/platform.twitter.com\/widgets.js\" charset=\"utf-8\"><\/script>\n<\/div><\/figure>\n\n\n\n<p><strong><em>AM\u00c9RICA\n*<\/em><\/strong><\/p>\n\n\n\n<p><strong><em>Pretemporada:\n<\/em><\/strong><em>Iniciaron el 7 de junio<\/em><\/p>\n\n\n\n<p><strong><em>Altas: <\/em><\/strong><em>Craig Harrington (DT); Nati Mauleon<\/em><\/p>\n\n\n\n<p><strong><em>Bajas:\n<\/em><\/strong><em>Jennifer Mu\u00f1oz (retiro), Camila\nMart\u00ednez, Fernanda Pi\u00f1a, Zulma Hern\u00e1ndez, Dalia Molina y Ver\u00f3nica P\u00e9rez.<\/em><\/p>\n\n\n\n<p><strong><em>DT:\n<\/em><\/strong><em>Craig Harrington (DT)<\/em><\/p>\n\n\n\n<p><strong><em>Rumores:\n<\/em><\/strong><em>Kiana Palacios<\/em><\/p>\n\n\n\n<p><em>Agenda: 16 de junio vs. SA Athenias\n(San Antonio, Texas), 18 de junio vs. Austin (Round Rock Texas) y 20 de junio\nvs. Wilco FC (Austin, Texas)<\/em><\/p>\n\n\n\n<p><strong><em>ATLAS\n*<\/em><\/strong><\/p>\n\n\n\n<p><strong><em>Pretemporada:\n<\/em><\/strong><em>&#8212;<\/em><\/p>\n\n\n\n<p><strong><em>Altas:\n<\/em><\/strong><em>Ninguna<\/em><\/p>\n\n\n\n<p><strong><em>Bajas:<\/em><\/strong><em>\nNicole Buenfil, Deyanira Villalobos y Ana Rodr\u00edguez<\/em><\/p>\n\n\n\n<p><strong><em>DT:\n<\/em><\/strong><em>Fernando Samayoa<\/em><\/p>\n\n\n\n<p><strong><em>Rumores:\n<\/em><\/strong><em>Ninguno<\/em><\/p>\n\n\n\n<p><strong><em>CRUZ\nAZUL *<\/em><\/strong><\/p>\n\n\n\n<p><strong><em>Pretemporada:\n<\/em><\/strong><em>&#8212;<\/em><\/p>\n\n\n\n<p><strong><em>Altas:\n<\/em><\/strong><em>Ninguna<\/em><\/p>\n\n\n\n<p><strong><em>Bajas:\n<\/em><\/strong><em>Paola Gonz\u00e1lez, Susana Romero,\nDaniela Melo, Ver\u00f3nica Jim\u00e9nez, Daniela Alc\u00e1ntar, Sharon Barba, Zoe Tapia,\nRebeca Villuendas, Rub\u00ed Ruvalcaba, Cinthia Huerta y Lourdes Ram\u00edrez <\/em><\/p>\n\n\n\n<p><strong><em>DT:\n<\/em><\/strong><em>Carlos P\u00e9rez<\/em><\/p>\n\n\n\n<p><strong><em>Rumores:<\/em><\/strong><em>\nNinguno<\/em><\/p>\n\n\n\n<p><strong><em>GUADALAJARA *<\/em><\/strong><\/p>\n\n\n\n<p><strong><em>Pretemporada: <\/em><\/strong><em>21\nde junio<\/em><\/p>\n\n\n\n<p><strong><em>Altas: <\/em><\/strong><em>Ninguna<\/em><\/p>\n\n\n\n<p><strong><em>Bajas: <\/em><\/strong><em>Ninguna<\/em><\/p>\n\n\n\n<p><strong><em>DT:&nbsp;\n<\/em><\/strong><em>Edgar Mej\u00eda<\/em><\/p>\n\n\n\n<p><strong><em>Rumores:<\/em><\/strong><em>\nNinguno<\/em><\/p>\n\n\n\n<p><strong><em>JU\u00c1REZ *<\/em><\/strong><\/p>\n\n\n\n<p><strong><em>Pretemporada: <\/em><\/strong><em>Iniciaron\nel 7 de junio<\/em><\/p>\n\n\n\n<p><strong><em>Altas: <\/em><\/strong><em>Ninguna<\/em><\/p>\n\n\n\n<p><strong><em>Bajas: <\/em><\/strong><em>Jessi\nV\u00e1zquez, Melissa Sosa, Gabriela Ibarra, Naylea Mart\u00ednez, Cindy Caro y Alondra\nUbaldo<\/em><\/p>\n\n\n\n<p><strong><em>DT: <\/em><\/strong><em>Ana\nGonz\u00e1lez<\/em><\/p>\n\n\n\n<p><strong><em>Rumores: <\/em><\/strong><em>Ninguno<\/em><\/p>\n\n\n\n<p><strong><em>LE\u00d3N *<\/em><\/strong><\/p>\n\n\n\n<p><strong><em>Pretemporada: <\/em><\/strong><em>Iniciaron\nel 7 de junio<\/em><\/p>\n\n\n\n<p><strong><em>Altas: <\/em><\/strong><em>Ninguna<\/em><\/p>\n\n\n\n<p><strong><em>Bajas: <\/em><\/strong><em>Lucero\nCuevas (Pachuca), Claudia Cid, Itzayana Gonz\u00e1lez, Denisse V\u00e1ldez, Esmeralda\nVerdugo, Dariana Rubio, Joselyn de la Rosa y Sanjuana M\u00fa\u00f1oz<\/em><\/p>\n\n\n\n<p><strong><em>DT: <\/em><\/strong><em>Scarlett\nParada <\/em><\/p>\n\n\n\n<p><strong><em>Rumores:<\/em><\/strong><em>\nNinguno<\/em><\/p>\n\n\n\n<p><strong><em>MAZATLAN FC *<\/em><\/strong><\/p>\n\n\n\n<p><strong><em>Pretemporada: <\/em><\/strong><em>Iniciaron\nel 1 de junio<\/em><\/p>\n\n\n\n<p><strong><em>Altas:<\/em><\/strong><em>\nNinguna<\/em><\/p>\n\n\n\n<p><strong><em>Bajas: <\/em><\/strong><em>Janae\nGonz\u00e1lez (Sacramento), Karina Aburto, Joshelyn Rodr\u00edguez, Jessica P\u00e9rez, Magaly\nCort\u00e9s, Liliana Hern\u00e1ndez, Wendy Gallardo, Jazm\u00edn L\u00f3pez, Nallely Maga\u00f1a, Kenya\nT\u00e9llez, Casandra Montero y Camila Calvillo.<\/em><\/p>\n\n\n\n<p><strong><em>DT: <\/em><\/strong><em>Miguel\nHern\u00e1ndez<\/em><\/p>\n\n\n\n<p><strong><em>Rumores:<\/em><\/strong><em>\nNinguno<\/em><\/p>\n\n\n\n<p><strong><em>NECAXA *<\/em><\/strong><\/p>\n\n\n\n<p><strong><em>Pretemporada: <\/em><\/strong><em>Inici\u00f3\nel 31 de mayo<\/em><\/p>\n\n\n\n<p><strong><em>Altas: <\/em><\/strong><em>Ninguna<\/em><\/p>\n\n\n\n<p><strong><em>Bajas: <\/em><\/strong><em>Leonardo\n\u00c1lvarez (DT); Sof\u00eda Adame, Stephanie Baz, Evelyn Fern\u00e1ndez, Montse Gonz\u00e1lez,\nEstefany Hern\u00e1ndez, Mayela Medina, Valeria C\u00e1rdenas, Brenda Sosa y Andrea\nVillalobos.<\/em><\/p>\n\n\n\n<p><strong><em>DT: <\/em><\/strong><em>Jes\u00fas\nPalacios (DT)<\/em><\/p>\n\n\n\n<p><strong><em>Rumores:<\/em><\/strong><em> Ninguno<\/em><\/p>\n\n\n<p><script async=\"\" src=\"https:\/\/pagead2.googlesyndication.com\/pagead\/js\/adsbygoogle.js\"><\/script><br \/>\n<!-- PC 728x90 --><br \/>\n<ins class=\"adsbygoogle\" style=\"display:inline-block;width:728px;height:90px\" data-ad-client=\"ca-pub-9427576701762839\" data-ad-slot=\"1011393878\"><\/ins><br \/>\n<script>\n(adsbygoogle = window.adsbygoogle || []).push({});\n<\/script><\/p>\n\n\n\n<p><\/p>\n\n\n\n<p><strong><em>PACHUCA *<\/em><\/strong><\/p>\n\n\n\n<p><strong><em>Pretemporada: <\/em><\/strong><em>&#8212;<\/em><\/p>\n\n\n\n<p><strong><em>Altas: <\/em><\/strong><em>Lucero\nCuevas <\/em><\/p>\n\n\n\n<p><strong><em>Bajas: <\/em><\/strong><em>Julieta\nPeralta, Norma Gait\u00e1n y Berenice Mu\u00f1oz<\/em><\/p>\n\n\n\n<p><strong><em>DT: <\/em><\/strong><em>To\u00f1a\nIs<\/em><\/p>\n\n\n\n<p><strong><em>Rumores:<\/em><\/strong><em>\nSelene Cortes (alta)<\/em><\/p>\n\n\n\n<p><strong><em>PUEBLA *<\/em><\/strong><\/p>\n\n\n\n<p><strong><em>Pretemporada: <\/em><\/strong><em>Iniciaron\nel 5 de junio<\/em><\/p>\n\n\n\n<p><strong><em>Altas: <\/em><\/strong><em>Ninguna<\/em><\/p>\n\n\n\n<p><strong><em>Bajas: <\/em><\/strong><em>Alexandra\nGod\u00ednez <\/em><\/p>\n\n\n\n<p><strong><em>DT: <\/em><\/strong><em>Juan\nC. Cacho<\/em><\/p>\n\n\n\n<p><strong><em>Rumores:<\/em><\/strong><em>\nNinguno<\/em><\/p>\n\n\n\n<p><strong><em>QUER\u00c9TARO *<\/em><\/strong><\/p>\n\n\n\n<p><strong><em>Pretemporada: <\/em><\/strong><em>&#8212;<\/em><\/p>\n\n\n\n<p><strong><em>Altas: <\/em><\/strong><em>Ninguna<\/em><\/p>\n\n\n\n<p><strong><em>Bajas: <\/em><\/strong><em>Andrea\nRomero (retiro), Mayra R\u00edos, Marypaz Barbosa, Diana Garc\u00eda, Claudia \u00c1vila, Alejandra\nCalder\u00f3n, Lizzete Rodr\u00edguez y Dayri Hern\u00e1ndez<\/em><\/p>\n\n\n\n<p><strong><em>DT: <\/em><\/strong><em>Carla\nRossi<\/em><\/p>\n\n\n\n<p><strong><em>RAYADAS *<\/em><\/strong><\/p>\n\n\n\n<p><strong><em>Pretemporada: <\/em><\/strong><em>&#8212;<\/em><\/p>\n\n\n\n<p><strong><em>Altas: <\/em><\/strong><em>Ninguna<\/em><\/p>\n\n\n\n<p><strong><em>Bajas: <\/em><\/strong><em>Ricla\nRajunov y Annia Mej\u00eda<\/em><\/p>\n\n\n\n<p><strong><em>DT. <\/em><\/strong><em>H\u00e9ctor\nBecerra<\/em><\/p>\n\n\n\n<p><strong><em>Rumores:<\/em><\/strong><em>\nH\u00e9ctor Becerra (baja)<\/em><\/p>\n\n\n\n<p><strong><em>SAN LUIS *<\/em><\/strong><\/p>\n\n\n\n<p><strong><em>Pretemporada: <\/em><\/strong><em>Inici\u00f3\nel 7 de junio<\/em><\/p>\n\n\n\n<p><strong><em>Altas: <\/em><\/strong><em>Ninguna<\/em><\/p>\n\n\n\n<p><strong><em>Bajas: <\/em><\/strong><em>Ninguna<\/em><\/p>\n\n\n\n<p><strong><em>DT: <\/em><\/strong><em>Rigoberto\nEsparza<\/em><\/p>\n\n\n\n<p><strong><em>Rumores:<\/em><\/strong><em>\nKarla Cant\u00fa, Edith Carmona y Heidi Gonz\u00e1lez (bajas)<\/em><\/p>\n\n\n\n<p><strong><em>SANTOS *<\/em><\/strong><em><\/em><\/p>\n\n\n\n<p><strong><em>Pretemporada: <\/em><\/strong><em>Inici\u00f3\nel 4 de junio<\/em><\/p>\n\n\n\n<p><strong><em>Altas: <\/em><\/strong><em>Ninguna<\/em><\/p>\n\n\n\n<p><strong><em>Bajas: <\/em><\/strong><em>Wendy\nToledo, Esmeralda Zamarr\u00f3n, Perla Navarrete, Isela Ojeda y Karla Estala<\/em><\/p>\n\n\n\n<p><strong><em>DT: <\/em><\/strong><em>Jorge\nCampos<\/em><\/p>\n\n\n\n<p><strong><em>Rumores: <\/em><\/strong><em>Ninguno<\/em><\/p>\n\n\n\n<p><strong><em>TIGRES *<\/em><\/strong><\/p>\n\n\n\n<p><strong><em>Pretemporada: <\/em><\/strong><em>Sin\ndefinir<\/em><\/p>\n\n\n\n<p><strong><em>Altas: <\/em><\/strong><em>Ninguna<\/em><\/p>\n\n\n\n<p><strong><em>Bajas: <\/em><\/strong><em>Karina\nB\u00e1ez (auxiliar); Alejandra Guti\u00e9rrez<\/em><\/p>\n\n\n\n<p><strong><em>DT: <\/em><\/strong><em>Roberto\nMedina<\/em><\/p>\n\n\n\n<p><strong><em>Rumores: <\/em><\/strong><em>Cecilia\nSantiago, Katia Palacios y Wendy Toledo (altas); Selene Cortes, Natalia G.\nJunco, Mar\u00eda Yokohama y Karen Luna (bajas)<\/em><\/p>\n\n\n\n<p><strong><em>TIJUANA *<\/em><\/strong><\/p>\n\n\n\n<p><strong><em>Pretemporada: <\/em><\/strong><em>Inici\u00f3\nel 7 de junio<\/em><\/p>\n\n\n\n<p><strong><em>Altas: <\/em><\/strong><em>Fabiola\nVargas (DT)<\/em><\/p>\n\n\n\n<p><strong><em>Bajas: <\/em><\/strong><em>Franky\nOviedo (DT)<\/em><\/p>\n\n\n\n<p><strong><em>DT: <\/em><\/strong><em>Fabiola\nVargas (DT)<\/em><\/p>\n\n\n\n<p><strong><em>Rumores:<\/em><\/strong><em>\nNinguno<\/em><\/p>\n\n\n\n<p><strong><em>TOLUCA *<\/em><\/strong><\/p>\n\n\n\n<p><strong><em>Pretemporada: <\/em><\/strong><em>&#8212;<\/em><\/p>\n\n\n\n<p><strong><em>Altas: <\/em><\/strong><em>Stephanie\nBaz <\/em><\/p>\n\n\n\n<p><strong><em>Bajas: <\/em><\/strong><em>Nati\nMauleon<\/em><\/p>\n\n\n\n<p><strong><em>DT: <\/em><\/strong><em>Jos\u00e9\nCuate<\/em><\/p>\n\n\n\n<p><strong><em>Rumores: <\/em><\/strong><em>Ninguno<\/em><\/p>\n\n\n\n<p><strong><em>UNAM *<\/em><\/strong><\/p>\n\n\n\n<p><strong><em>Pretemporada: <\/em><\/strong><em>&#8212;<\/em><\/p>\n\n\n\n<p><strong><em>Altas: <\/em><\/strong><em>Karina\nB\u00e1ez (DT) \/ (Tigres)<\/em><\/p>\n\n\n\n<p><strong><em>Bajas: <\/em><\/strong><em>Ileana\nD\u00e1vila (DT), Ami Hern\u00e1ndez, Patricia Jardon, Mariela Jim\u00e9nez y Jaquelin Garc\u00eda<\/em><\/p>\n\n\n\n<p><strong><em>DT: <\/em><\/strong><em>Karina\nB\u00e1ez<\/em><\/p>\n\n\n\n<p><strong><em>Rumores: <\/em><\/strong><em>Ninguno<\/em><\/p>\n\n\n<p><script async=\"\" src=\"https:\/\/pagead2.googlesyndication.com\/pagead\/js\/adsbygoogle.js\"><\/script><br \/>\n<!-- PC 728x90 --><br \/>\n<ins class=\"adsbygoogle\" style=\"display:inline-block;width:728px;height:90px\" data-ad-client=\"ca-pub-9427576701762839\" data-ad-slot=\"1011393878\"><\/ins><br \/>\n<script>\n(adsbygoogle = window.adsbygoogle || []).push({});\n<\/script><\/p>\n\n\n\n<figure class=\"wp-block-embed-youtube wp-block-embed is-type-video is-provider-youtube wp-embed-aspect-16-9 wp-has-aspect-ratio\"><div class=\"wp-block-embed__wrapper\">\n<iframe loading=\"lazy\" title=\"TIGRES FEMENIL BICAMPEONAS GUARDIANES 2021. Premiaci\u00f3n desde el estadio\" width=\"960\" height=\"540\" src=\"https:\/\/www.youtube.com\/embed\/LGP4wEPKauE?feature=oembed\" frameborder=\"0\" allow=\"accelerometer; autoplay; clipboard-write; encrypted-media; gyroscope; picture-in-picture\" allowfullscreen><\/iframe>\n<\/div><\/figure>\n","protected":false},"excerpt":{"rendered":"<p>(*) Informaci\u00f3n actualizada hasta el 7 de junio. AM\u00c9RICA * Pretemporada: Iniciaron el 7 de junio Altas: Craig Harrington (DT); Nati Mauleon Bajas: Jennifer Mu\u00f1oz (retiro), Camila Mart\u00ednez, Fernanda Pi\u00f1a, Zulma Hern\u00e1ndez, Dalia Molina y Ver\u00f3nica P\u00e9rez. DT: Craig Harrington (DT) Rumores: Kiana Palacios Agenda: 16 de junio vs. SA Athenias (San Antonio, Texas), 18&#8230; <\/p>\n<div class=\"clear\"><\/div>\n<p><a href=\"https:\/\/latribunera.com\/apuntes\/index.php\/2021\/06\/08\/altas-bajas-y-rumores-de-la-liga-mx-femenil\/\" class=\"excerpt-read-more\">Read More<i class=\"fa fa-caret-right icon-caret-right\"><\/i><\/a><\/p>\n","protected":false},"author":7,"featured_media":17577,"comment_status":"closed","ping_status":"open","sticky":false,"template":"","format":"standard","meta":{"_jetpack_memberships_contains_paid_content":false,"footnotes":""},"categories":[231,279,3,64,280,278,277],"tags":[256],"class_list":["post-17254","post","type-post","status-publish","format-standard","has-post-thumbnail","hentry","category-apuntes","category-dalefiera","category-futbol","category-futbol-mexicano-femenil","category-pasionguerrera","category-solotigres","category-zonarayada","tag-liga-mx-femenil"],"jetpack_featured_media_url":"https:\/\/latribunera.com\/apuntes\/wp-content\/uploads\/2021\/06\/cid79256_210605PZ46796-scaled.jpg","jetpack-related-posts":[{"id":45489,"url":"https:\/\/latribunera.com\/apuntes\/index.php\/2026\/08\/14\/santos-laguna-invita-a-su-aficion-a-pintar-de-verde-el-corona-ante-chivas\/","url_meta":{"origin":17254,"position":0},"title":"Santos Laguna invita a su afici\u00f3n a pintar de verde el Corona ante Chivas.","author":"Staff","date":"14 agosto, 2026","format":false,"excerpt":"\u2022 Los Guerreros regresan a casa con el envi\u00f3n an\u00edmico de su triunfo ante Philadelphia Union y buscar\u00e1n, junto a su afici\u00f3n, su primera victoria del Apertura 2026. Luego de cerrar su participaci\u00f3n en la Leagues Cup 2026 con una victoria de 2 a 0 sobre Philadelphia Union en el\u2026","rel":"","context":"In &quot;Liga MX&quot;","block_context":{"text":"Liga MX","link":"https:\/\/latribunera.com\/apuntes\/index.php\/category\/futbol\/futbol-mexicano\/"},"img":{"alt_text":"","src":"https:\/\/i0.wp.com\/latribunera.com\/apuntes\/wp-content\/uploads\/2026\/08\/IMG-20260814-WA0041.jpg?resize=350%2C200&ssl=1","width":350,"height":200,"srcset":"https:\/\/i0.wp.com\/latribunera.com\/apuntes\/wp-content\/uploads\/2026\/08\/IMG-20260814-WA0041.jpg?resize=350%2C200&ssl=1 1x, https:\/\/i0.wp.com\/latribunera.com\/apuntes\/wp-content\/uploads\/2026\/08\/IMG-20260814-WA0041.jpg?resize=525%2C300&ssl=1 1.5x, https:\/\/i0.wp.com\/latribunera.com\/apuntes\/wp-content\/uploads\/2026\/08\/IMG-20260814-WA0041.jpg?resize=700%2C400&ssl=1 2x, https:\/\/i0.wp.com\/latribunera.com\/apuntes\/wp-content\/uploads\/2026\/08\/IMG-20260814-WA0041.jpg?resize=1050%2C600&ssl=1 3x, https:\/\/i0.wp.com\/latribunera.com\/apuntes\/wp-content\/uploads\/2026\/08\/IMG-20260814-WA0041.jpg?resize=1400%2C800&ssl=1 4x"},"classes":[]},{"id":45502,"url":"https:\/\/latribunera.com\/apuntes\/index.php\/2026\/08\/25\/el-corona-se-prepara-para-una-noche-especial-ante-tigres\/","url_meta":{"origin":17254,"position":1},"title":"El Corona se prepara para una noche especial ante Tigres","author":"Staff","date":"25 agosto, 2026","format":false,"excerpt":"Un nuevo duelo en el Estadio Corona est\u00e1 cada vez m\u00e1s cerca y la afici\u00f3n santista se prepara para vivir una noche llena de emociones. Los Guerreros recibir\u00e1n a Tigres este s\u00e1bado 29 de agosto a las 21:10 horas, en partido correspondiente a la jornada 6 del Torneo Apertura 2026.\u2026","rel":"","context":"In &quot;Pasi\u00f3n Guerrera&quot;","block_context":{"text":"Pasi\u00f3n Guerrera","link":"https:\/\/latribunera.com\/apuntes\/index.php\/category\/tribus\/pasionguerrera\/"},"img":{"alt_text":"","src":"https:\/\/i0.wp.com\/latribunera.com\/apuntes\/wp-content\/uploads\/2026\/08\/Drones-TSM.jpg?resize=350%2C200&ssl=1","width":350,"height":200,"srcset":"https:\/\/i0.wp.com\/latribunera.com\/apuntes\/wp-content\/uploads\/2026\/08\/Drones-TSM.jpg?resize=350%2C200&ssl=1 1x, https:\/\/i0.wp.com\/latribunera.com\/apuntes\/wp-content\/uploads\/2026\/08\/Drones-TSM.jpg?resize=525%2C300&ssl=1 1.5x, https:\/\/i0.wp.com\/latribunera.com\/apuntes\/wp-content\/uploads\/2026\/08\/Drones-TSM.jpg?resize=700%2C400&ssl=1 2x, https:\/\/i0.wp.com\/latribunera.com\/apuntes\/wp-content\/uploads\/2026\/08\/Drones-TSM.jpg?resize=1050%2C600&ssl=1 3x, https:\/\/i0.wp.com\/latribunera.com\/apuntes\/wp-content\/uploads\/2026\/08\/Drones-TSM.jpg?resize=1400%2C800&ssl=1 4x"},"classes":[]},{"id":45478,"url":"https:\/\/latribunera.com\/apuntes\/index.php\/2026\/08\/11\/club-santos-laguna-ofrece-a-su-aficion-el-pack-vs-chivas-tigres\/","url_meta":{"origin":17254,"position":2},"title":"Club Santos Laguna ofrece a su afici\u00f3n el pack vs Chivas + Tigres","author":"Staff","date":"11 agosto, 2026","format":false,"excerpt":"\u2022 El paquete asegura dos de los tres partidos de mayor demanda del semestre y da acceso preferente a la venta ante Tigres. Club Santos Laguna ofrece a su afici\u00f3n el Pack Santos vs Chivas + Tigres, un paquete especial que permite asegurar el lugar en dos de los duelos\u2026","rel":"","context":"In &quot;Pasi\u00f3n Guerrera&quot;","block_context":{"text":"Pasi\u00f3n Guerrera","link":"https:\/\/latribunera.com\/apuntes\/index.php\/category\/tribus\/pasionguerrera\/"},"img":{"alt_text":"","src":"https:\/\/i0.wp.com\/latribunera.com\/apuntes\/wp-content\/uploads\/2026\/08\/IMG-20260810-WA0178.jpg?resize=350%2C200&ssl=1","width":350,"height":200,"srcset":"https:\/\/i0.wp.com\/latribunera.com\/apuntes\/wp-content\/uploads\/2026\/08\/IMG-20260810-WA0178.jpg?resize=350%2C200&ssl=1 1x, https:\/\/i0.wp.com\/latribunera.com\/apuntes\/wp-content\/uploads\/2026\/08\/IMG-20260810-WA0178.jpg?resize=525%2C300&ssl=1 1.5x, https:\/\/i0.wp.com\/latribunera.com\/apuntes\/wp-content\/uploads\/2026\/08\/IMG-20260810-WA0178.jpg?resize=700%2C400&ssl=1 2x, https:\/\/i0.wp.com\/latribunera.com\/apuntes\/wp-content\/uploads\/2026\/08\/IMG-20260810-WA0178.jpg?resize=1050%2C600&ssl=1 3x, https:\/\/i0.wp.com\/latribunera.com\/apuntes\/wp-content\/uploads\/2026\/08\/IMG-20260810-WA0178.jpg?resize=1400%2C800&ssl=1 4x"},"classes":[]},{"id":45421,"url":"https:\/\/latribunera.com\/apuntes\/index.php\/2026\/04\/16\/todo-listo-para-la-14va-edicion-de-la-copa-internacional-santos-penoles\/","url_meta":{"origin":17254,"position":3},"title":"Todo listo para la 14va edici\u00f3n de la Copa Internacional Santos Pe\u00f1oles","author":"Jacob Alarcon","date":"16 abril, 2026","format":false,"excerpt":"Este jueves, en el Auditorio Orlegi de Territorio Santos Modelo, se llev\u00f3 a cabo la presentaci\u00f3noficial de la edici\u00f3n 2026 de la Copa Internacional Santos Pe\u00f1oles, torneo que se ha consolidadocomo uno de los m\u00e1s importantes a nivel infantil y juvenil en M\u00e9xico. Adem\u00e1s de brindar una competencia deportiva de\u2026","rel":"","context":"In &quot;Sin categor\u00eda&quot;","block_context":{"text":"Sin categor\u00eda","link":"https:\/\/latribunera.com\/apuntes\/index.php\/category\/sin-categoria\/"},"img":{"alt_text":"","src":"https:\/\/i0.wp.com\/latribunera.com\/apuntes\/wp-content\/uploads\/2026\/04\/Presentacion-Copa-Santos-Penoles.jpg?resize=350%2C200&ssl=1","width":350,"height":200,"srcset":"https:\/\/i0.wp.com\/latribunera.com\/apuntes\/wp-content\/uploads\/2026\/04\/Presentacion-Copa-Santos-Penoles.jpg?resize=350%2C200&ssl=1 1x, https:\/\/i0.wp.com\/latribunera.com\/apuntes\/wp-content\/uploads\/2026\/04\/Presentacion-Copa-Santos-Penoles.jpg?resize=525%2C300&ssl=1 1.5x, https:\/\/i0.wp.com\/latribunera.com\/apuntes\/wp-content\/uploads\/2026\/04\/Presentacion-Copa-Santos-Penoles.jpg?resize=700%2C400&ssl=1 2x, https:\/\/i0.wp.com\/latribunera.com\/apuntes\/wp-content\/uploads\/2026\/04\/Presentacion-Copa-Santos-Penoles.jpg?resize=1050%2C600&ssl=1 3x, https:\/\/i0.wp.com\/latribunera.com\/apuntes\/wp-content\/uploads\/2026\/04\/Presentacion-Copa-Santos-Penoles.jpg?resize=1400%2C800&ssl=1 4x"},"classes":[]},{"id":45462,"url":"https:\/\/latribunera.com\/apuntes\/index.php\/2026\/07\/27\/una-experiencia-unica-para-la-aficion-en-el-estadio-corona\/","url_meta":{"origin":17254,"position":4},"title":"Una experiencia \u00fanica para la afici\u00f3n en el Estadio Corona","author":"Staff","date":"27 julio, 2026","format":false,"excerpt":"El Estadio Corona vivi\u00f3 una noche llena de emociones, en la que la sinergia entre el equipo y la afici\u00f3n se hizo presente de principio a fin. M\u00e1s de 20 mil aficionados se dieron cita en la casa de los Guerreros para compartir una jornada llena de momentos especiales. Desde\u2026","rel":"","context":"In &quot;Liga MX&quot;","block_context":{"text":"Liga MX","link":"https:\/\/latribunera.com\/apuntes\/index.php\/category\/futbol\/futbol-mexicano\/"},"img":{"alt_text":"","src":"https:\/\/i0.wp.com\/latribunera.com\/apuntes\/wp-content\/uploads\/2026\/07\/Carlos-Acevedo-Protocol-Tunel-Jornada-2-vs-Atlas.jpg?resize=350%2C200&ssl=1","width":350,"height":200,"srcset":"https:\/\/i0.wp.com\/latribunera.com\/apuntes\/wp-content\/uploads\/2026\/07\/Carlos-Acevedo-Protocol-Tunel-Jornada-2-vs-Atlas.jpg?resize=350%2C200&ssl=1 1x, https:\/\/i0.wp.com\/latribunera.com\/apuntes\/wp-content\/uploads\/2026\/07\/Carlos-Acevedo-Protocol-Tunel-Jornada-2-vs-Atlas.jpg?resize=525%2C300&ssl=1 1.5x, https:\/\/i0.wp.com\/latribunera.com\/apuntes\/wp-content\/uploads\/2026\/07\/Carlos-Acevedo-Protocol-Tunel-Jornada-2-vs-Atlas.jpg?resize=700%2C400&ssl=1 2x, https:\/\/i0.wp.com\/latribunera.com\/apuntes\/wp-content\/uploads\/2026\/07\/Carlos-Acevedo-Protocol-Tunel-Jornada-2-vs-Atlas.jpg?resize=1050%2C600&ssl=1 3x, https:\/\/i0.wp.com\/latribunera.com\/apuntes\/wp-content\/uploads\/2026\/07\/Carlos-Acevedo-Protocol-Tunel-Jornada-2-vs-Atlas.jpg?resize=1400%2C800&ssl=1 4x"},"classes":[]},{"id":45455,"url":"https:\/\/latribunera.com\/apuntes\/index.php\/2026\/07\/20\/club-santos-laguna-impulsa-el-futuro-de-la-laguna-con-inversion-en-infraestructura\/","url_meta":{"origin":17254,"position":5},"title":"Club Santos Laguna impulsa el futuro de la laguna con inversi\u00f3n en infraestructura","author":"Staff","date":"20 julio, 2026","format":false,"excerpt":"En los \u00faltimos ocho meses, el Club ha destinado 75 millones de pesos a la modernizaci\u00f3n de Territorio Santos Modelo y el Estadio Corona. Los proyectos fortalecen la experiencia de aficionados, jugadores, colaboradores y socios comerciales, adem\u00e1s de generar un importante impacto econ\u00f3mico en la regi\u00f3n. Club Santos Laguna contin\u00faa\u2026","rel":"","context":"In &quot;Liga MX&quot;","block_context":{"text":"Liga MX","link":"https:\/\/latribunera.com\/apuntes\/index.php\/category\/futbol\/futbol-mexicano\/"},"img":{"alt_text":"","src":"https:\/\/i0.wp.com\/latribunera.com\/apuntes\/wp-content\/uploads\/2026\/07\/e60fc472-db6f-4c99-80aa-c65e7754feb1.jpg?resize=350%2C200&ssl=1","width":350,"height":200,"srcset":"https:\/\/i0.wp.com\/latribunera.com\/apuntes\/wp-content\/uploads\/2026\/07\/e60fc472-db6f-4c99-80aa-c65e7754feb1.jpg?resize=350%2C200&ssl=1 1x, https:\/\/i0.wp.com\/latribunera.com\/apuntes\/wp-content\/uploads\/2026\/07\/e60fc472-db6f-4c99-80aa-c65e7754feb1.jpg?resize=525%2C300&ssl=1 1.5x, https:\/\/i0.wp.com\/latribunera.com\/apuntes\/wp-content\/uploads\/2026\/07\/e60fc472-db6f-4c99-80aa-c65e7754feb1.jpg?resize=700%2C400&ssl=1 2x, https:\/\/i0.wp.com\/latribunera.com\/apuntes\/wp-content\/uploads\/2026\/07\/e60fc472-db6f-4c99-80aa-c65e7754feb1.jpg?resize=1050%2C600&ssl=1 3x, https:\/\/i0.wp.com\/latribunera.com\/apuntes\/wp-content\/uploads\/2026\/07\/e60fc472-db6f-4c99-80aa-c65e7754feb1.jpg?resize=1400%2C800&ssl=1 4x"},"classes":[]}],"jetpack_sharing_enabled":true,"_links":{"self":[{"href":"https:\/\/latribunera.com\/apuntes\/index.php\/wp-json\/wp\/v2\/posts\/17254","targetHints":{"allow":["GET"]}}],"collection":[{"href":"https:\/\/latribunera.com\/apuntes\/index.php\/wp-json\/wp\/v2\/posts"}],"about":[{"href":"https:\/\/latribunera.com\/apuntes\/index.php\/wp-json\/wp\/v2\/types\/post"}],"author":[{"embeddable":true,"href":"https:\/\/latribunera.com\/apuntes\/index.php\/wp-json\/wp\/v2\/users\/7"}],"replies":[{"embeddable":true,"href":"https:\/\/latribunera.com\/apuntes\/index.php\/wp-json\/wp\/v2\/comments?post=17254"}],"version-history":[{"count":8,"href":"https:\/\/latribunera.com\/apuntes\/index.php\/wp-json\/wp\/v2\/posts\/17254\/revisions"}],"predecessor-version":[{"id":17593,"href":"https:\/\/latribunera.com\/apuntes\/index.php\/wp-json\/wp\/v2\/posts\/17254\/revisions\/17593"}],"wp:featuredmedia":[{"embeddable":true,"href":"https:\/\/latribunera.com\/apuntes\/index.php\/wp-json\/wp\/v2\/media\/17577"}],"wp:attachment":[{"href":"https:\/\/latribunera.com\/apuntes\/index.php\/wp-json\/wp\/v2\/media?parent=17254"}],"wp:term":[{"taxonomy":"category","embeddable":true,"href":"https:\/\/latribunera.com\/apuntes\/index.php\/wp-json\/wp\/v2\/categories?post=17254"},{"taxonomy":"post_tag","embeddable":true,"href":"https:\/\/latribunera.com\/apuntes\/index.php\/wp-json\/wp\/v2\/tags?post=17254"}],"curies":[{"name":"wp","href":"https:\/\/api.w.org\/{rel}","templated":true}]}}