{"id":17865,"date":"2021-06-14T13:55:46","date_gmt":"2021-06-14T13:55:46","guid":{"rendered":"https:\/\/latribunera.com\/apuntes\/?p=17865"},"modified":"2021-06-14T13:57:16","modified_gmt":"2021-06-14T13:57:16","slug":"de-ruben-piaggio-a-florian-thauvin","status":"publish","type":"post","link":"https:\/\/latribunera.com\/apuntes\/index.php\/2021\/06\/14\/de-ruben-piaggio-a-florian-thauvin\/","title":{"rendered":"DE RUB\u00c9N PIAGGIO A FLORIAN THAUVIN"},"content":{"rendered":"<p><script async src=\"https:\/\/pagead2.googlesyndication.com\/pagead\/js\/adsbygoogle.js\"><\/script><br \/>\n<!-- PC 728x90 --><br \/>\n<ins class=\"adsbygoogle\"\nstyle=\"display:inline-block;width:728px;height:90px\"\ndata-ad-client=\"ca-pub-9427576701762839\"\ndata-ad-slot=\"1011393878\"><\/ins><br \/>\n<script>\n(adsbygoogle = window.adsbygoogle || []).push({});\n<\/script><\/p>\n\n\n\n<p><strong>Por Venustiano Carranza<\/strong><\/p>\n\n\n\n<p>Viajemos al pasado. Un articulo imperdible en donde encontraras todos los fichajes de Tigres en torneos cortos.<\/p>\n\n\n\n<p>Desde 1997, a\u00f1o en que Tigres volvi\u00f3 a la Primera Divisi\u00f3n, las directivas Felinas se han encargado de traer lo mejor para el equipo &#8211; a veces ha dado frutos, otras tantas no-<\/p>\n\n\n\n<p>En total -contando\njugadores que van y vienen del equipo nicolaita- se ha realizado 205 fichajes.<\/p>\n\n\n\n<p>Antes se tra\u00eda\na diestra y siniestra, ahora pocos, pero de una gran calidad<\/p>\n\n\n\n<p>\u00bfTe\nacuerdas de todos?<\/p>\n\n\n\n<p><strong>Apertura 2021 <\/strong><\/p>\n\n\n\n<p>Florian\nThauvin<\/p>\n\n\n\n<p><strong>Guardianes 2021 (Clausura 2021)<\/strong><\/p>\n\n\n\n<p>Carlos\nGonz\u00e1lez, Aldo Cruz y Juan Pablo Ch\u00e1vez<\/p>\n\n\n\n<p><strong>Guardianes 2020 (Apertura 2020)<\/strong><\/p>\n\n\n\n<p>Leonardo\nFern\u00e1ndez y Ulises Cardona<\/p>\n\n\n\n<p><strong>Guardianes 2020 (Clausura 2020)<\/strong><\/p>\n\n\n\n<p>Jordan\nSierra y Nicol\u00e1s L\u00f3pez <\/p>\n\n\n\n<p><strong>Apertura 2019 <\/strong><\/p>\n\n\n\n<p>Ninguna<\/p>\n\n\n\n<p><strong>Clausura 2019 <\/strong><\/p>\n\n\n\n<p>Luis\nQui\u00f1ones y Francisco Venegas<\/p>\n\n\n\n<p><strong>Apertura 2018<\/strong><\/p>\n\n\n\n<p>Guido\nPizarro y Juli\u00e1n Qui\u00f1ones <\/p>\n\n\n\n<p><strong>Clausura 2018 <\/strong><\/p>\n\n\n\n<p>Ninguna<\/p>\n\n\n\n<p><strong>Apertura 2017 <\/strong><\/p>\n\n\n\n<p>Enner\nValencia<\/p>\n\n\n\n<p><strong>Clausura 2017<\/strong><\/p>\n\n\n\n<p>Luis\nAdvincula, Luis Mart\u00ednez y Eduardo Vargas <\/p>\n\n\n\n<p><strong>Apertura 2016<\/strong><\/p>\n\n\n\n<p>Ismael Sosa,\nAlberto Acosta, Luis Rodr\u00edguez, Luis Qui\u00f1ones, Miguel Herrera, Francisco Meza y\nJuli\u00e1n Qui\u00f1ones<\/p>\n\n\n\n<p><strong>Clausura 2016<\/strong><\/p>\n\n\n\n<p>Lucas\nZelaray\u00e1n, Francisco Meza, H\u00e9ctor Mancilla y Fernando Gonz\u00e1lez<\/p>\n\n\n\n<p><strong>Apertura\n2015<\/strong><\/p>\n\n\n\n<p>Andr\u00e9-Pierre Gignac, Ikechukuw Uche, Javier Aquino,\nJairo Gonz\u00e1lez y J. Damm<\/p>\n\n\n\n<p><strong>Clausura 2015<\/strong><\/p>\n\n\n\n<p>Israel Jim\u00e9nez, Hugo Rodr\u00edguez, Edgar Sol\u00eds, Alonso Zamora,\nAmaury Escoto, Dieter Villalpando, <\/p>\n\n\n\n<p><strong>Apertura\n2014<\/strong><\/p>\n\n\n\n<p>Antonio Brise\u00f1o, Egidio Ar\u00e9valo, Ricardo S\u00e1nchez,\nH\u00e9rcules G\u00f3mez, Emmanuel Villa, Manuel Viniegra y Marco Rub\u00e9n<\/p>\n\n\n\n<p><strong>Clausura\n2014<\/strong><\/p>\n\n\n\n<p>Dar\u00edo Burbano e Iv\u00e1n Estrada<\/p>\n\n\n\n<p><strong>Apertura\n2013<\/strong><\/p>\n\n\n\n<p>Edgar Lugo, Sergio Garc\u00eda, Richard S\u00e1nchez, Emilio\nL\u00f3pez, Manuel de la Torre y Edgar Pacheco<\/p>\n\n\n\n<p><strong>Clausura\n2013<\/strong><\/p>\n\n\n\n<p>Emanuel Villa, Hugo Rodr\u00edguez, Francisco Torres y\nDanilo Ver\u00f3n<\/p>\n\n\n\n<p><strong>Apertura\n2012<\/strong><\/p>\n\n\n\n<p>Alonso Zamora, Luis Garc\u00eda y Taufic Guarch <\/p>\n\n\n\n<p><strong>Clausura\n2012<\/strong><\/p>\n\n\n\n<p>El\u00edas Hern\u00e1ndez<\/p>\n\n\n\n<p><strong>Apertura\n2011<\/strong><\/p>\n\n\n\n<p>Jorge D\u00edaz, Eder Borelli, Edgar Pacheco, Abraham\nStringel, Emmanuel Cerda, Lampros Kontogiannis y Fernando Navarro.<\/p>\n\n\n\n<p><strong>Clausura\n2011<\/strong><\/p>\n\n\n\n<p>Jonathan Bornstein, H\u00e9ctor Mancilla, Carlos Ochoa y Danilo Ver\u00f3n <\/p>\n\n\n\n<p><\/p>\n\n\n<p><script async src=\"https:\/\/pagead2.googlesyndication.com\/pagead\/js\/adsbygoogle.js\"><\/script><br \/>\n<!-- PC 728x90 --><br \/>\n<ins class=\"adsbygoogle\"\nstyle=\"display:inline-block;width:728px;height:90px\"\ndata-ad-client=\"ca-pub-9427576701762839\"\ndata-ad-slot=\"1011393878\"><\/ins><br \/>\n<script>\n(adsbygoogle = window.adsbygoogle || []).push({});\n<\/script><\/p>\n\n\n\n<p><strong>Apertura\n2010<\/strong><\/p>\n\n\n\n<p>Dami\u00e1n \u00c1lvarez, Hugo Ayala, Jorge Torres Nilo, Omar Trujillo,\nAlejandro Arguello y Juninho<\/p>\n\n\n\n<p><strong>Bicentenario\n2010 (Clausura 2010)<\/strong><\/p>\n\n\n\n<p>Sergio Ponce y Emanuel Cerda<\/p>\n\n\n\n<p><strong>Apertura\n2009<\/strong><\/p>\n\n\n\n<p>Alfredo G. Tahuilan, Fernando Ort\u00edz, Edgar Castillo,\nItamar Batista, Gast\u00f3n Fern\u00e1ndez, Lucas Ayala, Alejandro Villalobos, Javier\nSaavedra, Cirilo Saucedo y David Toledo<\/p>\n\n\n\n<p><strong>Clausura\n2009<\/strong><\/p>\n\n\n\n<p>Jos\u00e9 Antonio Castro, Ariel Bogado y Mauricio Romero<\/p>\n\n\n\n<p><strong>Apertura\n2008<\/strong><\/p>\n\n\n\n<p>Alfredo Talavera, \u00d3scar P\u00e9rez, Julio Aguilar y Pedro\nBen\u00edtez<\/p>\n\n\n\n<p><strong>Clausura\n2008<\/strong><\/p>\n\n\n\n<p>Diego Mart\u00ednez, Hugo S\u00e1nchez, Gast\u00f3n Fern\u00e1ndez, Lucas\nLobos, Carlos Esquivel y Adri\u00e1n Zerme\u00f1o.<\/p>\n\n\n\n<p><strong>Apertura\n2007<\/strong><\/p>\n\n\n\n<p>Sebasti\u00e1n Abreu, Lucas Ayala, Flavio Rogeiro,\nGuillermo Marino, Alejandro Villalobos, Antonio Sancho, Yair Urbina y O.\nMart\u00ednez<\/p>\n\n\n\n<p><strong>Clausura\n2007<\/strong><\/p>\n\n\n\n<p>Javier Saavedra, Julio C. C\u00e1ceres, Fabi\u00e1n Cubero, Cirilo\nSaucedo, JP. Garc\u00eda y Francisco Fonseca<\/p>\n\n\n\n<p><strong>Apertura\n2006<\/strong><\/p>\n\n\n\n<p>John Restrepo, Tomas Campos, E. Gonz\u00e1lez, Mario\nM\u00e9ndez, Rolando Zarate, Fernando Saritama y Leonardo \u00c1lvarez<\/p>\n\n\n\n<p><strong>Clausura\n2006<\/strong><\/p>\n\n\n\n<p>Sebasti\u00e1n Gonz\u00e1lez, Carlos Ram\u00edrez y Omar Gonz\u00e1lez<\/p>\n\n\n\n<p><strong>Apertura\n2005<\/strong><\/p>\n\n\n\n<p>Sebasti\u00e1n Pereira, Jaime Lozano, Julio C. Santos, Edgar\nHern\u00e1ndez, J. Prado, Enrique Escudero, Juan Montano y Luis \u00c1ngel Garc\u00eda.<\/p>\n\n\n\n<p><strong>Clausura\n2005<\/strong><\/p>\n\n\n\n<p>Ninguna<\/p>\n\n\n\n<p><strong>Apertura\n2004<\/strong><\/p>\n\n\n\n<p>Carlos A. Morales, Claudio Husain, Sixto Peralta, L.\nV\u00e1zquez y L. Ram\u00edrez<\/p>\n\n\n\n<p><strong>Clausura\n2004<\/strong><\/p>\n\n\n\n<p>Jos\u00e9 Rivas, C. Infante y J. Prado<\/p>\n\n\n\n<p><strong>Apertura\n2003<\/strong><\/p>\n\n\n\n<p>Gustavo Campagnuolo, Rogelio Rodr\u00edguez, Eduardo Rergis,\nMario Ru\u00edz, Javier Saavedra y Andr\u00e9s Silvera<\/p>\n\n\n\n<p><strong>Clausura\n2003<\/strong><\/p>\n\n\n\n<p>Kl\u00e9ber, Alex Mineiro, Joaqu\u00edn Del Olmo y Carlos Ochoa<\/p>\n\n\n\n<p><strong>Apertura\n2002<\/strong><\/p>\n\n\n\n<p>Hugo Ch\u00e1vez, E. V\u00e1ldez, A. Garc\u00eda, Aldo De Nigris,\nOmar Brise\u00f1o y Walter Gait\u00e1n<\/p>\n\n\n\n<p><strong>Verano 2002<\/strong><\/p>\n\n\n\n<p>Marco Ru\u00edz, No\u00e9 Zarate, Enilton Menezez, Maurilio\nThomas y Laurenco Andrade <\/p>\n\n\n\n<p><strong>Invierno\n2001<\/strong><\/p>\n\n\n\n<p>Gustavo Sedano, G. Oribe, Eduardo Isella e Irenio\nSoares<\/p>\n\n\n\n<p><strong>Verano 2001<\/strong><\/p>\n\n\n\n<p>Valtencir Gomes y Eduardo Lillingston<\/p>\n\n\n\n<p><strong>Invierno\n2000<\/strong><\/p>\n\n\n\n<p>Sergio V\u00e1zquez, Claudio Su\u00e1rez, Mauricio Gallaga,\nAntonio Sancho, Jes\u00fas Olalde y Mario Ru\u00edz <\/p>\n\n\n\n<p><strong>Verano 2000<\/strong><\/p>\n\n\n\n<p>Jorge Campos, Osmar Donizete y J. Hern\u00e1ndez<\/p>\n\n\n\n<p><strong>Invierno\n1999<\/strong><\/p>\n\n\n\n<p>Jos\u00e9 Antonio Noriega, Ram\u00f3n Ram\u00edrez, David Oteo, Mauro\nCaballero y J. Reynoso<\/p>\n\n\n\n<p><strong>Verano 1999<\/strong><\/p>\n\n\n\n<p>Iv\u00e1n Hurtado, Jos\u00e9 Luis Sierra y Daniel Deeke<\/p>\n\n\n\n<p><strong>Invierno\n1998<\/strong><\/p>\n\n\n\n<p>Danilo Tosello, Luis Hern\u00e1ndez, Joaqu\u00edn Del Olmo,\nClaudio N\u00fa\u00f1ez, Javier Saavedra, Edson Alvarado, Ignacio V\u00e1zquez, Alejandro Villalobos,\nRa\u00fal Llanes Toro y Alejandro Molina.<\/p>\n\n\n\n<p><strong>Verano 1998<\/strong><\/p>\n\n\n\n<p>Ailton Goncalvez, Eddy Carazas, Mario Barilko y Pablo\nRoetti<\/p>\n\n\n\n<p><strong>Invierno\n1997<\/strong><\/p>\n\n\n\n<p>Jorge Santillana, Rodolfo Navarro, Francisco S\u00e1nchez, Emil Kostadinov y Rub\u00e9n Piaggio.<\/p>\n\n\n<p><script async src=\"https:\/\/pagead2.googlesyndication.com\/pagead\/js\/adsbygoogle.js\"><\/script><br \/>\n<!-- PC 728x90 --><br \/>\n<ins class=\"adsbygoogle\"\nstyle=\"display:inline-block;width:728px;height:90px\"\ndata-ad-client=\"ca-pub-9427576701762839\"\ndata-ad-slot=\"1011393878\"><\/ins><br \/>\n<script>\n(adsbygoogle = window.adsbygoogle || []).push({});\n<\/script><\/p>\n\n\n\n<p><\/p>\n\n\n\n<figure class=\"wp-block-embed-youtube wp-block-embed is-type-video is-provider-youtube wp-embed-aspect-16-9 wp-has-aspect-ratio\"><div class=\"wp-block-embed__wrapper\">\n<iframe loading=\"lazy\" title=\"TIGRES Y SUS 10 RECIBIMIENTOS A REFUERZOS\" width=\"960\" height=\"540\" src=\"https:\/\/www.youtube.com\/embed\/inSDxg3Ks7E?feature=oembed\" frameborder=\"0\" allow=\"accelerometer; autoplay; clipboard-write; encrypted-media; gyroscope; picture-in-picture\" allowfullscreen><\/iframe>\n<\/div><\/figure>\n","protected":false},"excerpt":{"rendered":"<p>Por Venustiano Carranza Viajemos al pasado. Un articulo imperdible en donde encontraras todos los fichajes de Tigres en torneos cortos. Desde 1997, a\u00f1o en que Tigres volvi\u00f3 a la Primera Divisi\u00f3n, las directivas Felinas se han encargado de traer lo mejor para el equipo &#8211; a veces ha dado frutos, otras tantas no- En total&#8230; <\/p>\n<div class=\"clear\"><\/div>\n<p><a href=\"https:\/\/latribunera.com\/apuntes\/index.php\/2021\/06\/14\/de-ruben-piaggio-a-florian-thauvin\/\" class=\"excerpt-read-more\">Read More<i class=\"fa fa-caret-right icon-caret-right\"><\/i><\/a><\/p>\n","protected":false},"author":7,"featured_media":17866,"comment_status":"open","ping_status":"open","sticky":false,"template":"","format":"standard","meta":{"_jetpack_memberships_contains_paid_content":false,"footnotes":""},"categories":[231,3,2,278],"tags":[74,529,102],"class_list":["post-17865","post","type-post","status-publish","format-standard","has-post-thumbnail","hentry","category-apuntes","category-futbol","category-futbol-mexicano","category-solotigres","tag-liga-mx","tag-refuerzos","tag-tigres"],"jetpack_featured_media_url":"https:\/\/latribunera.com\/apuntes\/wp-content\/uploads\/2021\/06\/Dise\u00f1o-sin-t\u00edtulo-15.jpg","jetpack-related-posts":[{"id":45421,"url":"https:\/\/latribunera.com\/apuntes\/index.php\/2026\/04\/16\/todo-listo-para-la-14va-edicion-de-la-copa-internacional-santos-penoles\/","url_meta":{"origin":17865,"position":0},"title":"Todo listo para la 14va edici\u00f3n de la Copa Internacional Santos Pe\u00f1oles","author":"Jacob Alarcon","date":"16 abril, 2026","format":false,"excerpt":"Este jueves, en el Auditorio Orlegi de Territorio Santos Modelo, se llev\u00f3 a cabo la presentaci\u00f3noficial de la edici\u00f3n 2026 de la Copa Internacional Santos Pe\u00f1oles, torneo que se ha consolidadocomo uno de los m\u00e1s importantes a nivel infantil y juvenil en M\u00e9xico. Adem\u00e1s de brindar una competencia deportiva de\u2026","rel":"","context":"In &quot;Sin categor\u00eda&quot;","block_context":{"text":"Sin categor\u00eda","link":"https:\/\/latribunera.com\/apuntes\/index.php\/category\/sin-categoria\/"},"img":{"alt_text":"","src":"https:\/\/i0.wp.com\/latribunera.com\/apuntes\/wp-content\/uploads\/2026\/04\/Presentacion-Copa-Santos-Penoles.jpg?resize=350%2C200&ssl=1","width":350,"height":200,"srcset":"https:\/\/i0.wp.com\/latribunera.com\/apuntes\/wp-content\/uploads\/2026\/04\/Presentacion-Copa-Santos-Penoles.jpg?resize=350%2C200&ssl=1 1x, https:\/\/i0.wp.com\/latribunera.com\/apuntes\/wp-content\/uploads\/2026\/04\/Presentacion-Copa-Santos-Penoles.jpg?resize=525%2C300&ssl=1 1.5x, https:\/\/i0.wp.com\/latribunera.com\/apuntes\/wp-content\/uploads\/2026\/04\/Presentacion-Copa-Santos-Penoles.jpg?resize=700%2C400&ssl=1 2x, https:\/\/i0.wp.com\/latribunera.com\/apuntes\/wp-content\/uploads\/2026\/04\/Presentacion-Copa-Santos-Penoles.jpg?resize=1050%2C600&ssl=1 3x, https:\/\/i0.wp.com\/latribunera.com\/apuntes\/wp-content\/uploads\/2026\/04\/Presentacion-Copa-Santos-Penoles.jpg?resize=1400%2C800&ssl=1 4x"},"classes":[]},{"id":45392,"url":"https:\/\/latribunera.com\/apuntes\/index.php\/2026\/04\/09\/se-presento-la-13va-edicion-del-guerreton\/","url_meta":{"origin":17865,"position":1},"title":"Se presento la 13va edici\u00f3n del Guerret\u00f3n.","author":"Staff","date":"9 abril, 2026","format":false,"excerpt":"A lo largo de sus primeras 12 ediciones, Guerret\u00f3n ha logrado recolectar m\u00e1s de 121,500juguetes, peluches y balones, beneficiando a diversas asociaciones e instituciones de laregi\u00f3n lagunera, entre ellas CRIT Durango, los sistemas DIF de distintos municipios, as\u00edcomo organizaciones educativas y asistenciales. A la fecha, se han instalado cuatro ludotecas\u2026","rel":"","context":"In &quot;Ganar Sirviendo&quot;","block_context":{"text":"Ganar Sirviendo","link":"https:\/\/latribunera.com\/apuntes\/index.php\/category\/futbol\/futbol-mexicano\/ganar-sirviendo\/"},"img":{"alt_text":"","src":"https:\/\/i0.wp.com\/latribunera.com\/apuntes\/wp-content\/uploads\/2026\/04\/9Guerreton-2026-2.jpg.jpeg?resize=350%2C200&ssl=1","width":350,"height":200,"srcset":"https:\/\/i0.wp.com\/latribunera.com\/apuntes\/wp-content\/uploads\/2026\/04\/9Guerreton-2026-2.jpg.jpeg?resize=350%2C200&ssl=1 1x, https:\/\/i0.wp.com\/latribunera.com\/apuntes\/wp-content\/uploads\/2026\/04\/9Guerreton-2026-2.jpg.jpeg?resize=525%2C300&ssl=1 1.5x, https:\/\/i0.wp.com\/latribunera.com\/apuntes\/wp-content\/uploads\/2026\/04\/9Guerreton-2026-2.jpg.jpeg?resize=700%2C400&ssl=1 2x, https:\/\/i0.wp.com\/latribunera.com\/apuntes\/wp-content\/uploads\/2026\/04\/9Guerreton-2026-2.jpg.jpeg?resize=1050%2C600&ssl=1 3x, https:\/\/i0.wp.com\/latribunera.com\/apuntes\/wp-content\/uploads\/2026\/04\/9Guerreton-2026-2.jpg.jpeg?resize=1400%2C800&ssl=1 4x"},"classes":[]},{"id":45386,"url":"https:\/\/latribunera.com\/apuntes\/index.php\/2026\/03\/11\/santos-launa-impulsa-mejoras-en-la-infraestructura-de-tsm-y-estadio-corona\/","url_meta":{"origin":17865,"position":2},"title":"Santos Laguna impulsa mejoras en la infraestructura de TSM y Estadio Corona","author":"Jacob Alarcon","date":"11 marzo, 2026","format":false,"excerpt":"Club Santos Laguna lleva a cabo una serie de reformas y mejoras en la infraestructura de TerritorioSantos Modelo y del Estadio Corona, con el objetivo de impulsar la innovaci\u00f3n tecnol\u00f3gica, lasostenibilidad y la modernizaci\u00f3n de sus espacios.Con estas acciones, el club contin\u00faa fortaleciendo la experiencia de sus aficionados yactualizando sus\u2026","rel":"","context":"In &quot;Pasi\u00f3n Guerrera&quot;","block_context":{"text":"Pasi\u00f3n Guerrera","link":"https:\/\/latribunera.com\/apuntes\/index.php\/category\/tribus\/pasionguerrera\/"},"img":{"alt_text":"","src":"https:\/\/i0.wp.com\/latribunera.com\/apuntes\/wp-content\/uploads\/2026\/03\/Renovacion-TSM.jpg?resize=350%2C200&ssl=1","width":350,"height":200,"srcset":"https:\/\/i0.wp.com\/latribunera.com\/apuntes\/wp-content\/uploads\/2026\/03\/Renovacion-TSM.jpg?resize=350%2C200&ssl=1 1x, https:\/\/i0.wp.com\/latribunera.com\/apuntes\/wp-content\/uploads\/2026\/03\/Renovacion-TSM.jpg?resize=525%2C300&ssl=1 1.5x, https:\/\/i0.wp.com\/latribunera.com\/apuntes\/wp-content\/uploads\/2026\/03\/Renovacion-TSM.jpg?resize=700%2C400&ssl=1 2x, https:\/\/i0.wp.com\/latribunera.com\/apuntes\/wp-content\/uploads\/2026\/03\/Renovacion-TSM.jpg?resize=1050%2C600&ssl=1 3x, https:\/\/i0.wp.com\/latribunera.com\/apuntes\/wp-content\/uploads\/2026\/03\/Renovacion-TSM.jpg?resize=1400%2C800&ssl=1 4x"},"classes":[]}],"jetpack_sharing_enabled":true,"_links":{"self":[{"href":"https:\/\/latribunera.com\/apuntes\/index.php\/wp-json\/wp\/v2\/posts\/17865","targetHints":{"allow":["GET"]}}],"collection":[{"href":"https:\/\/latribunera.com\/apuntes\/index.php\/wp-json\/wp\/v2\/posts"}],"about":[{"href":"https:\/\/latribunera.com\/apuntes\/index.php\/wp-json\/wp\/v2\/types\/post"}],"author":[{"embeddable":true,"href":"https:\/\/latribunera.com\/apuntes\/index.php\/wp-json\/wp\/v2\/users\/7"}],"replies":[{"embeddable":true,"href":"https:\/\/latribunera.com\/apuntes\/index.php\/wp-json\/wp\/v2\/comments?post=17865"}],"version-history":[{"count":3,"href":"https:\/\/latribunera.com\/apuntes\/index.php\/wp-json\/wp\/v2\/posts\/17865\/revisions"}],"predecessor-version":[{"id":17869,"href":"https:\/\/latribunera.com\/apuntes\/index.php\/wp-json\/wp\/v2\/posts\/17865\/revisions\/17869"}],"wp:featuredmedia":[{"embeddable":true,"href":"https:\/\/latribunera.com\/apuntes\/index.php\/wp-json\/wp\/v2\/media\/17866"}],"wp:attachment":[{"href":"https:\/\/latribunera.com\/apuntes\/index.php\/wp-json\/wp\/v2\/media?parent=17865"}],"wp:term":[{"taxonomy":"category","embeddable":true,"href":"https:\/\/latribunera.com\/apuntes\/index.php\/wp-json\/wp\/v2\/categories?post=17865"},{"taxonomy":"post_tag","embeddable":true,"href":"https:\/\/latribunera.com\/apuntes\/index.php\/wp-json\/wp\/v2\/tags?post=17865"}],"curies":[{"name":"wp","href":"https:\/\/api.w.org\/{rel}","templated":true}]}}